{"id":591608,"date":"2025-12-10T23:21:20","date_gmt":"2025-12-10T23:21:20","guid":{"rendered":"https:\/\/www.europesays.com\/fr\/591608\/"},"modified":"2025-12-10T23:21:20","modified_gmt":"2025-12-10T23:21:20","slug":"marseille-deux-agentes-du-tribunal-mises-en-examen-pour-avoir-transmis-des-informations-a-la-dz-mafia","status":"publish","type":"post","link":"https:\/\/www.europesays.com\/fr\/591608\/","title":{"rendered":"Marseille : deux agentes du tribunal mises en examen pour avoir transmis des informations \u00e0 la DZ Mafia"},"content":{"rendered":"<ul class=\"jsx-862013697 ArticleChapo__List\">\n<li class=\"jsx-862013697 ArticleChapo__List_Item flex\">Deux employ\u00e9es du tribunal judiciaire sont soup\u00e7onn\u00e9es d&rsquo;avoir consult\u00e9 et transmis des donn\u00e9es sensibles.<\/li>\n<li class=\"jsx-862013697 ArticleChapo__List_Item flex\">Les informations auraient profit\u00e9 \u00e0 des proc\u00e8s de la DZ Mafia, aujourd&rsquo;hui dominante sur le march\u00e9 des stup\u00e9fiants \u00e0 Marseille et dans les Bouches-du-Rh\u00f4ne.<\/li>\n<li class=\"jsx-862013697 ArticleChapo__List_Item flex\">L&rsquo;affaire est l&rsquo;un des premiers dossiers de la nouvelle cellule anticorruption du parquet de Marseille.<\/li>\n<\/ul>\n<p><a href=\"https:\/\/www.tf1info.fr\/actualite\/la-france-en-proie-au-narcotrafic-14431\/\" rel=\"noopener\" class=\"jsx-484472199 Link jsx-1428418400 jsx-609604686\" target=\"_blank\"><\/p>\n<p style=\"font-weight:400\" class=\"jsx-1837267516\">Suivez la couverture compl\u00e8te<\/p>\n<p style=\"font-weight:800\" class=\"jsx-1837267516\">La France en proie au narcotrafic <\/p>\n<p><\/a><\/p>\n<p data-module=\"article-paragraph\" class=\"jsx-3046738180 Paragraph Paragraph__End\">C&rsquo;est un dossier qui illustre la pression croissante du crime organis\u00e9 sur les institutions marseillaises. Deux agentes administratives du tribunal judiciaire ont \u00e9t\u00e9 mises en examen pour avoir d\u00e9tourn\u00e9, \u00e0 des degr\u00e9s diff\u00e9rents, l&rsquo;usage de fichiers judiciaires au profit de leurs proches li\u00e9s au <a href=\"https:\/\/www.tf1info.fr\/politique\/sondage-narcotrafic-les-francais-pensent-que-l-etat-peut-agir-mais-ne-font-pas-confiance-a-la-classe-politique-2409635.html\" target=\"_blank\" rel=\"noopener\">narcobanditisme (nouvelle fen\u00eatre)<\/a>. Un cas embl\u00e9matique de cette \u00ab\u00a0corruption de basse intensit\u00e9\u00a0\u00bb, que les enqu\u00eateurs tentent d\u00e9sormais de rep\u00e9rer au plus vite.<\/p>\n<p data-module=\"article-paragraph\" class=\"jsx-3046738180 Paragraph Paragraph__End\">Cr\u00e9\u00e9e en octobre pour endiguer les tentatives d&rsquo;infiltration visant les tribunaux, prisons ou douanes, la cellule anticorruption traite d\u00e9j\u00e0 18 dossiers. Celui-ci est le premier \u00e0 conduire \u00e0 des mises en examen formelles. Interrog\u00e9 au micro de TF1 dans le reportage visible en t\u00eate d&rsquo;article, le procureur de la R\u00e9publique de Marseille Nicolas Bessone assure avoir \u00ab\u00a0constat\u00e9 statistiquement une augmentation de ph\u00e9nom\u00e8nes larges d&rsquo;atteinte \u00e0 la probit\u00e9 li\u00e9e \u00e0 ce narcotrafic\u00a0\u00bb.<\/p>\n<blockquote class=\"jsx-2786790838 Quote__Text\"><p>Nous avons constat\u00e9 une augmentation de ph\u00e9nom\u00e8nes d&rsquo;atteinte \u00e0 la probit\u00e9 li\u00e9e au narcotrafic<\/p><\/blockquote>\n<p>Nicolas Bessone, procureur de R\u00e9publique de Marseille<\/p>\n<p data-module=\"article-paragraph\" class=\"jsx-3046738180 Paragraph Paragraph__End\">Il faut dire que selon les premiers \u00e9l\u00e9ments confirm\u00e9s par le parquet, les deux agentes, \u00e2g\u00e9es de 24 et 26 ans, auraient chacune utilis\u00e9 leur acc\u00e8s aux fichiers judiciaires pour aider, volontairement ou non, des proches li\u00e9s au crime organis\u00e9. La premi\u00e8re, \u00e2g\u00e9e de 26 ans, aurait consult\u00e9 \u00e0 plusieurs reprises des donn\u00e9es internes entre janvier 2023 et juillet 2025. Les enqu\u00eateurs la soup\u00e7onnent notamment d&rsquo;avoir transmis ces informations \u00e0 son compagnon, impliqu\u00e9 dans des trafics.\u00a0<\/p>\n<p>Liens avec la DZ Mafia<\/p>\n<p data-module=\"article-paragraph\" class=\"jsx-3046738180 Paragraph Paragraph__End\">Elle est d\u00e9sormais mise en examen pour d\u00e9tournement de la finalit\u00e9 d&rsquo;un traitement de donn\u00e9es \u00e0 caract\u00e8re personnel, avec interdiction de fr\u00e9quenter le tribunal ou d&rsquo;acc\u00e9der aux fichiers. La seconde, 24 ans, est impliqu\u00e9e plus lourdement. Elle aurait proc\u00e9d\u00e9 \u00e0 une cinquantaine de consultations, parfois en lien avec des dossiers d&rsquo;assassinat, avant d&rsquo;en transmettre le contenu \u00e0 son ex-compagnon, consid\u00e9r\u00e9 comme proche de la DZ Mafia, l&rsquo;un des groupes les plus influents du narcotrafic de l&rsquo;Hexagone.\u00a0<\/p>\n<p>Argent, cadeaux et voyage<\/p>\n<p data-module=\"article-paragraph\" class=\"jsx-3046738180 Paragraph Paragraph__End\">Elle aurait per\u00e7u en \u00e9change de ses informations de l&rsquo;argent pour un total de 3.600 euros, des cadeaux divers et m\u00eame des voyages, selon les premiers \u00e9l\u00e9ments de l&rsquo;enqu\u00eate. Pour tout cela, elle est mise en examen et plac\u00e9e sous contr\u00f4le judiciaire avec interdiction d&rsquo;exercer dans tout minist\u00e8re r\u00e9galien. \u00a0Et ce n&rsquo;est pas tout : le petit ami de la jeune femme est lui aussi poursuivi, soup\u00e7onn\u00e9 de corruption active et de recel de fichiers. Le parquet a demand\u00e9 l&rsquo;incarc\u00e9ration des trois mis en cause et a fait appel des d\u00e9cisions du juge des libert\u00e9s, qui ne les a pas plac\u00e9s en d\u00e9tention provisoire.\u00a0<\/p>\n<p><a href=\"https:\/\/www.tf1info.fr\/justice-faits-divers\/video-reportage-tf1-on-veut-20-000-euros-les-tentatives-de-racket-de-commerces-au-nom-de-la-dz-mafia-se-multiplient-dans-les-bouches-du-rhone-2368612.html\" rel=\"noopener\" class=\"jsx-3308031228 Link flex\" target=\"_blank\"><img decoding=\"async\" src=\"https:\/\/www.europesays.com\/fr\/wp-content\/uploads\/2025\/12\/cap-baldkf-c66d7a-0@1x.jpeg\" alt=\"TF1\" loading=\"lazy\" importance=\"low\" fetchpriority=\"low\" class=\"\" aria-hidden=\"true\"\/><\/p>\n<p class=\"jsx-3657663356 ReadMoreArticle__Title\">Lire aussi<\/p>\n<p class=\"jsx-3657663356\">\u00ab\u00a0On veut 20.000 euros\u00a0\u00bb : les tentatives de racket de commerces au nom de la DZ Mafia se multiplient dans les Bouches-du-Rh\u00f4ne<\/p>\n<p><\/a><\/p>\n<p data-module=\"article-paragraph\" class=\"jsx-3046738180 Paragraph Paragraph__End\">Ce n&rsquo;est pas la premi\u00e8re affaire de ce type dans la cit\u00e9 phoc\u00e9enne. En avril 2025, une greffi\u00e8re avait d\u00e9j\u00e0 \u00e9t\u00e9 \u00e9crou\u00e9e pour des consultations illicites semblables, au profit d&rsquo;un trafiquant qui \u00e9tait alors son compagnon. \u00ab\u00a0De pouvoir \u00eatre renseign\u00e9 sur l&rsquo;activit\u00e9 de ceux qui sont charg\u00e9s de lutter contre le ph\u00e9nom\u00e8ne est un avantage\u00a0\u00bb, assure de son c\u00f4t\u00e9 Nicolas Bessone.<\/p>\n<p>A.A. avec AFP<\/p>\n","protected":false},"excerpt":{"rendered":"Deux employ\u00e9es du tribunal judiciaire sont soup\u00e7onn\u00e9es d&rsquo;avoir consult\u00e9 et transmis des donn\u00e9es sensibles. Les informations auraient profit\u00e9&hellip;\n","protected":false},"author":2,"featured_media":591609,"comment_status":"","ping_status":"","sticky":false,"template":"","format":"standard","meta":{"footnotes":""},"categories":[2814],"tags":[1111,11,1921,1777,674,1011,27,1922,2954,66493,884,12,882,25,133,2953],"class_list":{"0":"post-591608","1":"post","2":"type-post","3":"status-publish","4":"format-standard","5":"has-post-thumbnail","7":"category-marseille","8":"tag-actu","9":"tag-actualites","10":"tag-article-video","11":"tag-eu","12":"tag-europe","13":"tag-fr","14":"tag-france","15":"tag-info","16":"tag-justice-et-faits-divers","17":"tag-la-france-en-proie-au-narcotrafic","18":"tag-marseille","19":"tag-news","20":"tag-provence-alpes-cote-dazur","21":"tag-republique-francaise","22":"tag-video","23":"tag-video-police"},"share_on_mastodon":{"url":"https:\/\/pubeurope.com\/@fr\/115697843839753939","error":""},"_links":{"self":[{"href":"https:\/\/www.europesays.com\/fr\/wp-json\/wp\/v2\/posts\/591608","targetHints":{"allow":["GET"]}}],"collection":[{"href":"https:\/\/www.europesays.com\/fr\/wp-json\/wp\/v2\/posts"}],"about":[{"href":"https:\/\/www.europesays.com\/fr\/wp-json\/wp\/v2\/types\/post"}],"author":[{"embeddable":true,"href":"https:\/\/www.europesays.com\/fr\/wp-json\/wp\/v2\/users\/2"}],"replies":[{"embeddable":true,"href":"https:\/\/www.europesays.com\/fr\/wp-json\/wp\/v2\/comments?post=591608"}],"version-history":[{"count":0,"href":"https:\/\/www.europesays.com\/fr\/wp-json\/wp\/v2\/posts\/591608\/revisions"}],"wp:featuredmedia":[{"embeddable":true,"href":"https:\/\/www.europesays.com\/fr\/wp-json\/wp\/v2\/media\/591609"}],"wp:attachment":[{"href":"https:\/\/www.europesays.com\/fr\/wp-json\/wp\/v2\/media?parent=591608"}],"wp:term":[{"taxonomy":"category","embeddable":true,"href":"https:\/\/www.europesays.com\/fr\/wp-json\/wp\/v2\/categories?post=591608"},{"taxonomy":"post_tag","embeddable":true,"href":"https:\/\/www.europesays.com\/fr\/wp-json\/wp\/v2\/tags?post=591608"}],"curies":[{"name":"wp","href":"https:\/\/api.w.org\/{rel}","templated":true}]}}