{"id":591612,"date":"2025-12-10T23:23:16","date_gmt":"2025-12-10T23:23:16","guid":{"rendered":"https:\/\/www.europesays.com\/fr\/591612\/"},"modified":"2025-12-10T23:23:16","modified_gmt":"2025-12-10T23:23:16","slug":"les-locataires-face-a-la-hausse-des-charges","status":"publish","type":"post","link":"https:\/\/www.europesays.com\/fr\/591612\/","title":{"rendered":"les locataires face \u00e0 la hausse des charges"},"content":{"rendered":"<p>Rien ne va pour les r\u00e9sidents de l\u2019immeuble Foncia situ\u00e9 au 69, rue Pierre-Delore, dans le 8e\u00a0 arrondissement de Lyon\u00a0: depuis le 24\u00a0novembre, les occupants sont vent debout concernant la gestion de leur immeuble qui souffre selon eux, d\u2019une \u00ab\u00a0usure pr\u00e9matur\u00e9e, voire des d\u00e9fauts du b\u00e2timent\u00a0\u00bb. Depuis 2023, les inondations se r\u00e9p\u00e8tent dans les logements et parties communes, ce qui impacte d\u2019autres installations, et augmente les charges. Les locataires et propri\u00e9taires ont \u00e9galement d\u00fb faire face&#8230;<\/p>\n","protected":false},"excerpt":{"rendered":"Rien ne va pour les r\u00e9sidents de l\u2019immeuble Foncia situ\u00e9 au 69, rue Pierre-Delore, dans le 8e\u00a0 arrondissement&hellip;\n","protected":false},"author":2,"featured_media":591613,"comment_status":"","ping_status":"","sticky":false,"template":"","format":"standard","meta":{"footnotes":""},"categories":[1889],"tags":[1111,11,2430,33,2757,1777,674,1011,27,1116,1908,2428,9744,9743,12,25,104],"class_list":{"0":"post-591612","1":"post","2":"type-post","3":"status-publish","4":"format-standard","5":"has-post-thumbnail","7":"category-lyon","8":"tag-actu","9":"tag-actualites","10":"tag-auvergne-rhone-alpes","11":"tag-economie","12":"tag-edition-lyon-villeurbanne","13":"tag-eu","14":"tag-europe","15":"tag-fr","16":"tag-france","17":"tag-immobilier","18":"tag-logement","19":"tag-lyon","20":"tag-lyon-8e","21":"tag-lyon-8e-arrondissement","22":"tag-news","23":"tag-republique-francaise","24":"tag-societe"},"share_on_mastodon":{"url":"https:\/\/pubeurope.com\/@fr\/115697850973021159","error":""},"_links":{"self":[{"href":"https:\/\/www.europesays.com\/fr\/wp-json\/wp\/v2\/posts\/591612","targetHints":{"allow":["GET"]}}],"collection":[{"href":"https:\/\/www.europesays.com\/fr\/wp-json\/wp\/v2\/posts"}],"about":[{"href":"https:\/\/www.europesays.com\/fr\/wp-json\/wp\/v2\/types\/post"}],"author":[{"embeddable":true,"href":"https:\/\/www.europesays.com\/fr\/wp-json\/wp\/v2\/users\/2"}],"replies":[{"embeddable":true,"href":"https:\/\/www.europesays.com\/fr\/wp-json\/wp\/v2\/comments?post=591612"}],"version-history":[{"count":0,"href":"https:\/\/www.europesays.com\/fr\/wp-json\/wp\/v2\/posts\/591612\/revisions"}],"wp:featuredmedia":[{"embeddable":true,"href":"https:\/\/www.europesays.com\/fr\/wp-json\/wp\/v2\/media\/591613"}],"wp:attachment":[{"href":"https:\/\/www.europesays.com\/fr\/wp-json\/wp\/v2\/media?parent=591612"}],"wp:term":[{"taxonomy":"category","embeddable":true,"href":"https:\/\/www.europesays.com\/fr\/wp-json\/wp\/v2\/categories?post=591612"},{"taxonomy":"post_tag","embeddable":true,"href":"https:\/\/www.europesays.com\/fr\/wp-json\/wp\/v2\/tags?post=591612"}],"curies":[{"name":"wp","href":"https:\/\/api.w.org\/{rel}","templated":true}]}}