{"id":591620,"date":"2025-12-10T23:28:19","date_gmt":"2025-12-10T23:28:19","guid":{"rendered":"https:\/\/www.europesays.com\/fr\/591620\/"},"modified":"2025-12-10T23:28:19","modified_gmt":"2025-12-10T23:28:19","slug":"entre-cohue-et-insultes-la-premiere-seance-de-dedicaces-de-nicolas-sarkozy-a-paris-cree-levenement","status":"publish","type":"post","link":"https:\/\/www.europesays.com\/fr\/591620\/","title":{"rendered":"Entre cohue et insultes, la premi\u00e8re s\u00e9ance de d\u00e9dicaces de Nicolas Sarkozy \u00e0 Paris cr\u00e9e l&rsquo;\u00e9v\u00e9nement"},"content":{"rendered":"<p>                    Par<br \/>\n        <strong><br \/>\n            <a href=\"https:\/\/actu.fr\/auteur\/julie-bossart-actu-fr\" title=\"Consulter tous les articles de Julie Bossart\" target=\"_blank\" rel=\"noopener\">Julie Bossart<\/a><br \/>\n                    <\/strong><\/p>\n<p>        Publi\u00e9 le<\/p>\n<p>            10 d\u00e9c. 2025 \u00e0 21h06        <\/p>\n<p>Un mois tout juste apr\u00e8s <a href=\"https:\/\/actu.fr\/politique\/nicolas-sarkozy-peut-deja-sortir-de-prison-ce-lundi-sa-demande-de-mise-en-liberte-acceptee_63416840.html\" target=\"_blank\" rel=\"noopener\">sa sortie de prison<\/a>, <a href=\"https:\/\/actu.fr\/tag\/nicolas-sarkozy\" target=\"_blank\" rel=\"noopener\">Nicolas Sarkozy<\/a> s\u2019est rendu \u00e0 la librairie Lamartine, dans le 16e arrondissement de <a href=\"https:\/\/actu.fr\/paris\/\" target=\"_blank\" rel=\"noopener\">Paris<\/a>, ce mercredi 10\u00a0d\u00e9cembre 2025, jour de la sortie de son <a href=\"https:\/\/actu.fr\/ile-de-france\/paris_75056\/apres-la-prison-de-la-sante-nicolas-sarkozy-entame-une-tournee-dans-cette-librairie-de-paris_63540782.html\" target=\"_blank\" rel=\"noopener\">Journal d\u2019un prisonnier <\/a>(Fayard).\u00a0<br \/>Un ouvrage en partie r\u00e9dig\u00e9 durant ses vingt jours d\u2019incarc\u00e9ration \u00e0 la prison de la Sant\u00e9, o\u00f9 il a \u00e9t\u00e9 envoy\u00e9 apr\u00e8s sa <a href=\"https:\/\/actu.fr\/politique\/financement-libyen-nicolas-sarkozy-condamne-a-cinq-ans-de-prison-pour-association-de-malfaiteurs_63211089.html\" target=\"_blank\" rel=\"noopener\">condamnation en premi\u00e8re instance<\/a> pour association de malfaiteurs dans le cadre du financement libyen de sa campagne pr\u00e9sidentielle de 2007. Deux cent seize pages dans lesquelles il revient sur un <a href=\"https:\/\/actu.fr\/ile-de-france\/paris_75056\/choc-carceral-fouille-les-premieres-heures-du-detenu-nicolas-sarkozy-a-la-prison-de-la-sante_63298403.html\" target=\"_blank\" rel=\"noopener\">s\u00e9jour derri\u00e8re les barreaux<\/a>, in\u00e9dit pour un pr\u00e9sident de la Ve R\u00e9publique, fait de gris, de pri\u00e8re, de r\u00e9gime alimentaire frugal, de piques \u00e0 l\u2019adresse d\u2019adversaires politiques et d\u2019une grande interrogation\u2009: \u00ab\u2009Comment en suis-je arriv\u00e9 l\u00e0\u2009?\u2009\u00bb<\/p>\n<p>\u00ab\u2009Il est o\u00f9 Khadafi\u2009?\u2009\u00bb, \u00ab\u2009Casse-toi pauvre con\u2009\u00bb<\/p>\n<p class=\" wall-content\">Sa tourn\u00e9e promotionnelle, inaugur\u00e9e par cette s\u00e9ance de d\u00e9dicaces dans sa librairie d\u2019habitude, Nicolas Sarkozy s\u2019en frottait les mains. \u00ab\u2009Si heureux de reprendre le chemin des routes de France pour aller \u00e0 la rencontre de mes lecteurs, avait-il ainsi<a href=\"https:\/\/x.com\/NicolasSarkozy\/status\/1996163562033807773\"> tweet\u00e9<\/a>. Mercredi prochain, je vous attends chez Lamartine \u00e0 Paris \u00e0 partir de 15\u2009h\u200930. Cela me r\u00e9jouit tant\u2009!\u2009\u00bb Ses admirateurs lui ont rendu la pareille.<\/p>\n<p>    <img   decoding=\"async\" loading=\"lazy\" src=\"https:\/\/www.europesays.com\/fr\/wp-content\/uploads\/2025\/12\/img-4044-960x640.jpeg\" alt=\"Nicolas Sarkozy a effectu\u00e9 la premi\u00e8re s\u00e9ance de d\u00e9dicace de son livre, \" width=\"960\" height=\"640\"\/><br \/>\n    Une foule nombreuse et recueillie s\u2019est d\u00e9plac\u00e9e rue de la Pompe afin de rencontrer l\u2019ex-pr\u00e9sident de la R\u00e9publique lors de la d\u00e9dicace de son livre, \u00ab\u00a0Journal d\u2019un prisonnier\u00a0\u00bb (Fayard). \u00a0(\u00a9JB\/actu Paris)<\/p>\n<p class=\" wall-content\">Bien avant l\u2019arriv\u00e9e de Nicolas Sarkozy, une file ininterrompue d\u2019admirateurs s\u2019est form\u00e9e depuis l\u2019entr\u00e9e de la libraire, au 118, rue de la Pompe, jusque dans la rue Gustave-Courbet. Des hommes et des femmes de tous les \u00e2ges au sourire poli, puis un poil frileux lorsque les journalistes s\u2019approchent vers eux. Concentr\u00e9s, beaucoup tiennent en \u00e9vidence dans leurs mains un ouvrage du Journal du prisonnier. Certains en ont plusieurs exemplaires dans un sac.<\/p>\n<blockquote class=\"tiktok-embed\" cite=\"https:\/\/www.tiktok.com\/@actu.paris\/video\/7582251157943274774\" data-video-id=\"7582251157943274774\" data-embed-from=\"oembed\" style=\"max-width:605px; min-width:325px;\"><p>\n<a target=\"_blank\" title=\"@actu.paris\" href=\"https:\/\/www.tiktok.com\/@actu.paris?refer=embed\" rel=\"noopener\">@actu.paris<\/a> <\/p>\n<p>\ud83d\udd34 Un mois apr\u00e8s sa sortie de prison, Nicolas Sarkozy a effectu\u00e9 sa premi\u00e8re sortie publique, \u00e0 Paris, ce mercredi 10 d\u00e9cembre 2025, jour de la sortie de son livre, \u00ab\u00a0Journal d\u2019un prisonnier\u00a0\u00bb (Fayard), \u00e9crit durant ses trois semaines d\u2019incarc\u00e9ration \u00e0 la prison de la Sant\u00e9. L\u2019ex-chef de l\u2019\u00c9tat a \u00e9t\u00e9 condamn\u00e9 \u00e0 cinq ans de prison dans l\u2019affaire du financement libyen de sa campagne pr\u00e9sidentielle. Il a fait appel et devra \u00eatre rejug\u00e9 en 2026. En attendant, il fait sa promo.  <a title=\"sarkozy\" target=\"_blank\" href=\"https:\/\/www.tiktok.com\/tag\/sarkozy?refer=embed\" rel=\"noopener\">#sarkozy<\/a> <a title=\"livre\" target=\"_blank\" href=\"https:\/\/www.tiktok.com\/tag\/livre?refer=embed\" rel=\"noopener\">#livre<\/a> <a title=\"prison\" target=\"_blank\" href=\"https:\/\/www.tiktok.com\/tag\/prison?refer=embed\" rel=\"noopener\">#prison<\/a> <a title=\"librairie\" target=\"_blank\" href=\"https:\/\/www.tiktok.com\/tag\/librairie?refer=embed\" rel=\"noopener\">#librairie<\/a> <a title=\"pourtoi\" target=\"_blank\" href=\"https:\/\/www.tiktok.com\/tag\/pourtoi?refer=embed\" rel=\"noopener\">#pourtoi<\/a> <\/p>\n<p> <a target=\"_blank\" title=\"\u266c Good Day  - Nappy Roots\" href=\"https:\/\/www.tiktok.com\/music\/Good-Day-6433566413058738946?refer=embed\" rel=\"noopener\">\u266c Good Day  \u2013 Nappy\u00a0Roots<\/a> <\/p>\n<\/blockquote>\n<p class=\" wall-content\">L\u2019ambiance quasi recueillie finit par s\u2019alt\u00e9rer. Inhabituel, ce trop grand nombre de personnes sur les trottoirs et d\u2019agents de police sur la chauss\u00e9e commence \u00e0 g\u00eaner s\u00e9rieusement la circulation. Livreurs bloqu\u00e9s au feu rouge et bus 52 eux aussi emp\u00each\u00e9s dans leur course d\u00e9clenchent une vague de Klaxon. Les forces de s\u00e9curit\u00e9 font leur grosse voix et sortent les barri\u00e8res pour s\u00e9curiser un tant soit peu les lieux. Des jeunes smartphone en main papillonnent, demandant ce qu\u2019il se passe. Des \u00ab\u2009Sarko, il est o\u00f9 Khadafi\u2009?\u2009\u00bb fusent. Une r\u00e9f\u00e9rence, sans doute, \u00e0 <a href=\"https:\/\/actu.fr\/ile-de-france\/paris_75056\/paris-il-va-passer-une-mauvaise-detention-comment-les-detenus-ont-accueilli-nicolas-sarkozy-en-prison_63334083.html\" target=\"_blank\" rel=\"noopener\">l\u2019accueil qui avait \u00e9t\u00e9 r\u00e9serv\u00e9<\/a> au pr\u00e9sident par des d\u00e9tenus lors de sa premi\u00e8re nuit \u00e0 la Sant\u00e9.<\/p>\n<p class=\" wall-content\">15\u2009h\u200928, l\u2019agitation monte d\u2019un cran\u2009: \u00ab\u2009Sarkozy, il est l\u00e0\u2009\u00bb.\u2009\u00bb L\u2019ancien pr\u00e9sident de la R\u00e9publique est arriv\u00e9 rue de la Pompe. Il serre des mains, sous des acclamations. Puis quelques cris percent. Sur des images qu\u2019a pu capter le journaliste ind\u00e9pendant Cl\u00e9ment Lanot, et que l\u2019on visionne apr\u00e8s coup, on aper\u00e7oit au moins deux Femen crier \u00ab\u2009Casse-toi pauvre con\u2009\u00bb\u2009\u00bb ou encore \u00ab\u2009Nicolas, ta place est en prison\u2009\u00bb.\u2009\u00bb Elles disparaissent rapidement des radars, embarqu\u00e9es par les forces de l\u2019ordre.<\/p>\n<p>Votre r\u00e9gion, votre actu !<\/p>\n<p>Recevez chaque jour les infos qui comptent pour vous.<\/p>\n<p>\t<a href=\"https:\/\/actu.fr\/newsletter\" class=\"ac-btn ac-btn--corner ac-btn--medium ac-btn--blue800\" target=\"_blank\" rel=\"noopener\">S&rsquo;incrire<\/a><\/p>\n<p class=\" wall-content\">\n<p class=\" wall-content\">Le public hue en ch\u0153ur, \u00ab\u00a0quelle honte\u00a0\u00bb, distingue-t-on \u00e9galement. Des applaudissements prennent le relais, tandis que la foule scande \u00ab\u00a0Nicolas, Nicolas\u2009!\u2009\u00bb L\u2019incident ne perturbe pas le moins du monde ce dernier.<\/p>\n<p>\u00ab\u00a0Pourquoi il attire autant de haine\u2009?\u2009\u00bb<\/p>\n<p class=\" wall-content\">Tout sourire, Nicolas Sarkozy continue \u00e0 serrer des mains et se dirige vers l\u2019entr\u00e9e de la librairie, o\u00f9 il est accueilli notamment par le maire d\u2019arrondissement, J\u00e9r\u00e9my Redler (LR). Un agent de s\u00e9curit\u00e9 soupire de soulagement lorsque l\u2019ex-pr\u00e9sident entre dans la librairie. La s\u00e9ance de d\u00e9dicaces peut commencer. Elle semble avoir remu\u00e9 les personnes que nous avons pu interroger \u00e0 la sortie de la librairie, les journalistes n\u2019\u00e9tant pas autoris\u00e9s \u00e0 l\u2019int\u00e9rieur.<\/p>\n<p class=\" wall-content\">Une femme, \u00e9mue aux larmes, affirme\u2009: \u00ab\u00a0C\u2019est un mentor et un vrai chef d\u2019\u00c9tat, pas un simple politique. \u00bb La femme \u00e0 ses c\u00f4t\u00e9s d\u00e9clare avoir \u00e9t\u00e9 \u00ab\u00a0\u2009tr\u00e8s heureuse de le voir\u00a0\u00bb \u2009et demande aussi\u2009: \u00ab\u00a0Pourquoi il attire autant de haine\u2009?\u2009\u00bb Et lorsqu\u2019on lui rappelle qu\u2019il a \u00e9t\u00e9 condamn\u00e9 pour des faits graves, elle glisse\u2009: \u00ab\u00a0Je ne veux pas remettre en cause la justice. Mais il est impossible, droit comme il est, qu\u2019il ait fait des magouilles.\u00a0\u00bb\u00a0<\/p>\n<p class=\" wall-content\">S\u2009ans avoir sp\u00e9cialement d\u2019arguments contestant la d\u00e9cision des juges, les partisans de Nicolas Sarkozy pr\u00e9sents ce mercredi cherchent surtout \u00e0 le soutenir. C\u2019est le cas de Fr\u00e9d\u00e9ric, venu expr\u00e8s de Seine-et-Marne pour dire \u00e0 Nicolas Sarkozy \u00ab Tenez bon monsieur le pr\u00e9sident.\u00a0\u00bb Plus loin dans la queue se trouve Gabrielle. Accompagn\u00e9e de son petit-fils qui avance \u00e0 chaque fois un tabouret pour qu\u2019elle puisse se reposer, l\u2019\u00e9l\u00e9gante femme compte dire \u00e0 Nicolas Sarkozy, lorsqu\u2019elle lui pr\u00e9sentera un des deux livres qu\u2019elle a d\u00e9j\u00e0 en sa possession, qu\u2019elle le remercie. Elle prie d\u00e9j\u00e0 pour qu\u2019on le \u00ab\u00a0laisse enfin tranquille\u00a0\u00bb.\u00a0<\/p>\n<p class=\" wall-content\">Nicolas Sarkozy n\u2019en a pourtant pas termin\u00e9 avec la justice. Outre son proc\u00e8s en appel sur le financement libyen au printemps prochain, l\u2019ex-pr\u00e9sident est vis\u00e9 par d\u2019autres enqu\u00eates, de ses lucratives activit\u00e9s de conseil en Russie, \u00e0 l\u2019attribution controvers\u00e9e du Mondial-2022 au Qatar. La justice fran\u00e7aise m\u00e8ne aussi des investigations sur la r\u00e9tractation, contre une possible r\u00e9mun\u00e9ration, des accusations du sulfureux interm\u00e9diaire franco-libanais Ziad Takieddine (d\u00e9c\u00e9d\u00e9 depuis) dans le dossier libyen.<\/p>\n<p class=\" wall-content\">Personnalisez votre actualit\u00e9 en ajoutant vos villes et m\u00e9dias en favori avec <a href=\"https:\/\/moncompte.actu.fr\" title=\"D\u00e9couvez Mon Actu\" rel=\"nofollow noopener\" data-trk=\"{&quot;cta&quot;:{&quot;action&quot;:&quot;https:\\\/\\\/moncompte.actu.fr&quot;,&quot;category&quot;:&quot;mon compte&quot;,&quot;from&quot;:&quot;article footer&quot;,&quot;name&quot;:&quot;Mon actu&quot;,&quot;type&quot;:&quot;cta&quot;}}\" target=\"_blank\">Mon Actu<\/a>.<\/p>\n<p>                    <script async src=\"\/\/www.tiktok.com\/embed.js\"><\/script><\/p>\n","protected":false},"excerpt":{"rendered":"Par Julie Bossart Publi\u00e9 le 10 d\u00e9c. 2025 \u00e0 21h06 Un mois tout juste apr\u00e8s sa sortie de&hellip;\n","protected":false},"author":2,"featured_media":591621,"comment_status":"","ping_status":"","sticky":false,"template":"","format":"standard","meta":{"footnotes":""},"categories":[1888],"tags":[11,1777,674,1011,27,1380,12,3091,626,316,25],"class_list":{"0":"post-591620","1":"post","2":"type-post","3":"status-publish","4":"format-standard","5":"has-post-thumbnail","7":"category-paris","8":"tag-actualites","9":"tag-eu","10":"tag-europe","11":"tag-fr","12":"tag-france","13":"tag-livres","14":"tag-news","15":"tag-nicolas-sarkozy","16":"tag-paris","17":"tag-politique","18":"tag-republique-francaise"},"share_on_mastodon":{"url":"https:\/\/pubeurope.com\/@fr\/115697872361376707","error":""},"_links":{"self":[{"href":"https:\/\/www.europesays.com\/fr\/wp-json\/wp\/v2\/posts\/591620","targetHints":{"allow":["GET"]}}],"collection":[{"href":"https:\/\/www.europesays.com\/fr\/wp-json\/wp\/v2\/posts"}],"about":[{"href":"https:\/\/www.europesays.com\/fr\/wp-json\/wp\/v2\/types\/post"}],"author":[{"embeddable":true,"href":"https:\/\/www.europesays.com\/fr\/wp-json\/wp\/v2\/users\/2"}],"replies":[{"embeddable":true,"href":"https:\/\/www.europesays.com\/fr\/wp-json\/wp\/v2\/comments?post=591620"}],"version-history":[{"count":0,"href":"https:\/\/www.europesays.com\/fr\/wp-json\/wp\/v2\/posts\/591620\/revisions"}],"wp:featuredmedia":[{"embeddable":true,"href":"https:\/\/www.europesays.com\/fr\/wp-json\/wp\/v2\/media\/591621"}],"wp:attachment":[{"href":"https:\/\/www.europesays.com\/fr\/wp-json\/wp\/v2\/media?parent=591620"}],"wp:term":[{"taxonomy":"category","embeddable":true,"href":"https:\/\/www.europesays.com\/fr\/wp-json\/wp\/v2\/categories?post=591620"},{"taxonomy":"post_tag","embeddable":true,"href":"https:\/\/www.europesays.com\/fr\/wp-json\/wp\/v2\/tags?post=591620"}],"curies":[{"name":"wp","href":"https:\/\/api.w.org\/{rel}","templated":true}]}}