{"id":591628,"date":"2025-12-10T23:33:14","date_gmt":"2025-12-10T23:33:14","guid":{"rendered":"https:\/\/www.europesays.com\/fr\/591628\/"},"modified":"2025-12-10T23:33:14","modified_gmt":"2025-12-10T23:33:14","slug":"usa-trump-essuie-une-nouvelle-claque-electorale","status":"publish","type":"post","link":"https:\/\/www.europesays.com\/fr\/591628\/","title":{"rendered":"USA : Trump essuie une nouvelle claque \u00e9lectorale"},"content":{"rendered":"<p>L\u2019administration r\u00e9publicaine subit un revers suppl\u00e9mentaire en Floride. <strong>Eileen Higgins<\/strong>, candidate d\u00e9mocrate, vient de conqu\u00e9rir la mairie de Miami avec une avance nette de 60 % des voix face \u00e0 son adversaire r\u00e9publicain <strong>Emilio T. Gonzalez<\/strong>, pourtant soutenu par le pr\u00e9sident am\u00e9ricain. Cette victoire marque un tournant historique : aucun d\u00e9mocrate n\u2019avait dirig\u00e9 la m\u00e9tropole floridienne depuis pr\u00e8s de trois d\u00e9cennies.<\/p>\n<p>La capitale financi\u00e8re de la Floride bascule ainsi dans le camp d\u00e9mocrate, malgr\u00e9 la pr\u00e9sence massive d\u2019une communaut\u00e9 cubano-am\u00e9ricaine traditionnellement attach\u00e9e aux valeurs conservatrices. Le scrutin s\u2019est tenu avec une mobilisation \u00e9lectorale limit\u00e9e \u00e0 20 % seulement, r\u00e9v\u00e9lant possiblement un d\u00e9sint\u00e9r\u00eat croissant des \u00e9lecteurs pour les candidats soutenus par la Maison-Blanche.<\/p>\n<p>Miami brise 28 ans d\u2019h\u00e9g\u00e9monie r\u00e9publicaine dans le bastion floridien de Trump<\/p>\n<p>Cette d\u00e9faite survient sur le territoire m\u00eame o\u00f9 le pr\u00e9sident passe r\u00e9guli\u00e8rement ses week-ends dans sa r\u00e9sidence de Mar-a-Lago. La proximit\u00e9 g\u00e9ographique du chef d\u2019\u00c9tat avec cette ville majeure rend l\u2019\u00e9chec d\u2019autant plus symbolique pour les r\u00e9publicains. <strong>Eileen Higgins<\/strong>, \u00e2g\u00e9e de 61 ans, devient par ailleurs la premi\u00e8re femme \u00e0 acc\u00e9der \u00e0 la direction municipale de Miami, promettant \u00ab\u00a0une gouvernance \u00e9thique et responsable qui produit des r\u00e9sultats concrets pour la population\u00a0\u00bb.<\/p>\n<p>Le revers de Miami prolonge une succession d\u2019\u00e9checs \u00e9lectoraux pour les r\u00e9publicains depuis plusieurs mois. Les d\u00e9mocrates ont notamment repris les postes de gouverneur en Virginie et au New Jersey lors des scrutins automnaux. Plus r\u00e9cemment en novembre, ils ont \u00e9galement arrach\u00e9 la <a href=\"https:\/\/lanouvelletribune.info\/2025\/11\/election-de-zohran-mamdani-trump-sort-du-silence\/\" target=\"_blank\" rel=\"noreferrer noopener\">mairie de New York<\/a>, consolidant leur progression \u00e9lectorale \u00e0 travers le pays.<\/p>\n<p>Les revers \u00e9lectoraux r\u00e9publicains accompagnent la chute de la popularit\u00e9 pr\u00e9sidentielle<\/p>\n<p>Ces d\u00e9faites successives co\u00efncident avec une \u00e9rosion marqu\u00e9e de la cote de confiance du pr\u00e9sident am\u00e9ricain. Les sondages r\u00e9cents r\u00e9v\u00e8lent une d\u00e9t\u00e9rioration progressive depuis son retour au pouvoir. Son taux d\u2019approbation a d\u00e9gringol\u00e9 \u00e0 36 % fin novembre, atteignant son point le plus bas du second mandat. Plus pr\u00e9occupant encore pour la Maison-Blanche, 60 % des citoyens expriment d\u00e9sormais leur m\u00e9contentement face \u00e0 la gestion pr\u00e9sidentielle.<\/p>\n<p>La classe moyenne, \u00e9lectorat pivot qui avait bascul\u00e9 en faveur des r\u00e9publicains lors de la derni\u00e8re pr\u00e9sidentielle avec 52 % des suffrages, manifeste des signes croissants de d\u00e9saffection. Les inqui\u00e9tudes \u00e9conomiques, notamment concernant les politiques tarifaires et budg\u00e9taires, alimentent cette tendance n\u00e9gative. M\u00eame parmi les \u00e9lecteurs ayant vot\u00e9 pour le pr\u00e9sident en 2024, le soutien s\u2019effrite : leur approbation est pass\u00e9e de 95 % au d\u00e9but du mandat \u00e0 85 % actuellement.<\/p>\n<p>La s\u00e9rie de revers \u00e9lectoraux que conna\u00eet le camp r\u00e9publicain depuis le retour de <strong>Trump<\/strong> au pouvoir soul\u00e8ve des interrogations quant aux perspectives des \u00e9lections de mi-mandat pr\u00e9vues en 2026. Les d\u00e9faites \u00e0 Miami, New York, ainsi qu\u2019en Virginie et au New Jersey sugg\u00e8rent une mobilisation d\u00e9mocrate renforc\u00e9e, possiblement aliment\u00e9e par le m\u00e9contentement grandissant vis-\u00e0-vis de l\u2019administration en place. Pour les r\u00e9publicains, la reconqu\u00eate de territoires strat\u00e9giques comme Miami, longtemps consid\u00e9r\u00e9s comme des bastions s\u00fbrs, repr\u00e9sente d\u00e9sormais un d\u00e9fi majeur.<\/p>\n","protected":false},"excerpt":{"rendered":"L\u2019administration r\u00e9publicaine subit un revers suppl\u00e9mentaire en Floride. Eileen Higgins, candidate d\u00e9mocrate, vient de conqu\u00e9rir la mairie de&hellip;\n","protected":false},"author":2,"featured_media":591629,"comment_status":"","ping_status":"","sticky":false,"template":"","format":"standard","meta":{"footnotes":""},"categories":[1589],"tags":[11,73,1866,12,1864,1865,1863,308],"class_list":{"0":"post-591628","1":"post","2":"type-post","3":"status-publish","4":"format-standard","5":"has-post-thumbnail","7":"category-etats-unis","8":"tag-actualites","9":"tag-etats-unis","10":"tag-etats-unis-damerique","11":"tag-news","12":"tag-united-states","13":"tag-united-states-of-america","14":"tag-us","15":"tag-usa"},"share_on_mastodon":{"url":"https:\/\/pubeurope.com\/@fr\/115697892034605237","error":""},"_links":{"self":[{"href":"https:\/\/www.europesays.com\/fr\/wp-json\/wp\/v2\/posts\/591628","targetHints":{"allow":["GET"]}}],"collection":[{"href":"https:\/\/www.europesays.com\/fr\/wp-json\/wp\/v2\/posts"}],"about":[{"href":"https:\/\/www.europesays.com\/fr\/wp-json\/wp\/v2\/types\/post"}],"author":[{"embeddable":true,"href":"https:\/\/www.europesays.com\/fr\/wp-json\/wp\/v2\/users\/2"}],"replies":[{"embeddable":true,"href":"https:\/\/www.europesays.com\/fr\/wp-json\/wp\/v2\/comments?post=591628"}],"version-history":[{"count":0,"href":"https:\/\/www.europesays.com\/fr\/wp-json\/wp\/v2\/posts\/591628\/revisions"}],"wp:featuredmedia":[{"embeddable":true,"href":"https:\/\/www.europesays.com\/fr\/wp-json\/wp\/v2\/media\/591629"}],"wp:attachment":[{"href":"https:\/\/www.europesays.com\/fr\/wp-json\/wp\/v2\/media?parent=591628"}],"wp:term":[{"taxonomy":"category","embeddable":true,"href":"https:\/\/www.europesays.com\/fr\/wp-json\/wp\/v2\/categories?post=591628"},{"taxonomy":"post_tag","embeddable":true,"href":"https:\/\/www.europesays.com\/fr\/wp-json\/wp\/v2\/tags?post=591628"}],"curies":[{"name":"wp","href":"https:\/\/api.w.org\/{rel}","templated":true}]}}