{"id":591632,"date":"2025-12-10T23:35:19","date_gmt":"2025-12-10T23:35:19","guid":{"rendered":"https:\/\/www.europesays.com\/fr\/591632\/"},"modified":"2025-12-10T23:35:19","modified_gmt":"2025-12-10T23:35:19","slug":"france-allemagne-quand-aura-lieu-la-demi-finale-du-mondial-de-handball-sport","status":"publish","type":"post","link":"https:\/\/www.europesays.com\/fr\/591632\/","title":{"rendered":"France &#8211; Allemagne. Quand aura lieu la demi-finale du Mondial de handball\u00a0? . Sport"},"content":{"rendered":"<p>Elles y sont. Les joueuses de l\u2019\u00e9quipe de France de handball ont r\u00e9ussi \u00e0 atteindre le dernier carr\u00e9 du\u00a0Mondial 2025. Une belle performance qui ouvre l\u2019app\u00e9tit des tenantes du titre. <a href=\"https:\/\/www.ouest-france.fr\/sport\/handball\/championnats-du-monde\/direct-france-danemark-suivez-en-live-le-choc-en-quart-de-finale-du-mondial-de-handball-b0170f1c-9190-4795-8428-9d04435428ac\" target=\"_self\" rel=\"noopener\">Apr\u00e8s avoir \u00e9cart\u00e9 le Danemark<\/a>, ce mercredi 10\u00a0d\u00e9cembre 2025, les Bleues d\u00e9fient l\u2019Allemagne pour une place en finale. Un gros morceau qui ne fait pas peur aux Fran\u00e7ais, finalistes des deux derni\u00e8res \u00e9ditions du Mondial.<\/p>\n<p>Apr\u00e8s un parcours presque sans tache (une seule d\u00e9faite face au pays h\u00f4te), l\u2019\u00e9quipe de France a relev\u00e9 la t\u00eate face au Danemark en quart de finale. Les Bleues sont aux portes de la finale du Mondial 2025 mais avant \u00e7a, elles doivent \u00e9carter l\u2019Allemagne, \u00e0 Rotterdam.<\/p>\n<p>Quand aura lieu France &#8211; Allemagne, demi-finale du Mondial de handball\u00a0?<\/p>\n<p>Ce choc France &#8211; Allemagne est pr\u00e9vu pour ce vendredi 12\u00a0d\u00e9cembre \u00e0 17 h 45 \u00e0 Rotterdam. L\u2019autre demi-finale \u00e0 20 h 45 opposera les Pays-Bas \u00e0 la Norv\u00e8ge, finaliste malheureux contre la France en 2023.<\/p>\n<p><strong>Lire aussi\u00a0:<\/strong>\u00a0<a href=\"https:\/\/rennes.maville.com\/sport\/detail_-mondial-de-handball.-pourquoi-une-defaite-de-l-equipe-de-france-contre-les-pays-bas-ne-serait-pas-une-mauvaise-nouvelle-_54135-7099152_actu.Htm\" target=\"_blank\" rel=\"noopener\">Pourquoi la d\u00e9faite de l\u2019\u00e9quipe de France contre les Pays-Bas n\u2019est pas une mauvaise nouvelle<\/a><\/p>\n<p>Tamara Horacek et ses co\u00e9quipi\u00e8res ont domin\u00e9 la Tunisie (43-18), la Chine (47-21), la Pologne (42-28), l\u2019Autriche (29-17) et l\u2019Argentine (29-17). Un parcours qui a de l\u2019allure, de dehors de la d\u00e9faite face aux Pays-Bas.<\/p>\n<p>\u00a0<\/p>\n","protected":false},"excerpt":{"rendered":"Elles y sont. Les joueuses de l\u2019\u00e9quipe de France de handball ont r\u00e9ussi \u00e0 atteindre le dernier carr\u00e9&hellip;\n","protected":false},"author":2,"featured_media":591633,"comment_status":"","ping_status":"","sticky":false,"template":"","format":"standard","meta":{"footnotes":""},"categories":[1587],"tags":[1111,11,672,1438,3809,1465,1804,1805,1803,1777,674,63,1801,1792,1922,12,1802,479,517,1470],"class_list":{"0":"post-591632","1":"post","2":"type-post","3":"status-publish","4":"format-standard","5":"has-post-thumbnail","7":"category-allemagne","8":"tag-actu","9":"tag-actualites","10":"tag-allemagne","11":"tag-angers","12":"tag-ball","13":"tag-basket","14":"tag-bundesrepublik-deutschland","15":"tag-de","16":"tag-deutschland","17":"tag-eu","18":"tag-europe","19":"tag-football","20":"tag-germany","21":"tag-handball","22":"tag-info","23":"tag-news","24":"tag-republique-federale-dallemagne","25":"tag-rugby","26":"tag-sport","27":"tag-volley"},"share_on_mastodon":{"url":"","error":""},"_links":{"self":[{"href":"https:\/\/www.europesays.com\/fr\/wp-json\/wp\/v2\/posts\/591632","targetHints":{"allow":["GET"]}}],"collection":[{"href":"https:\/\/www.europesays.com\/fr\/wp-json\/wp\/v2\/posts"}],"about":[{"href":"https:\/\/www.europesays.com\/fr\/wp-json\/wp\/v2\/types\/post"}],"author":[{"embeddable":true,"href":"https:\/\/www.europesays.com\/fr\/wp-json\/wp\/v2\/users\/2"}],"replies":[{"embeddable":true,"href":"https:\/\/www.europesays.com\/fr\/wp-json\/wp\/v2\/comments?post=591632"}],"version-history":[{"count":0,"href":"https:\/\/www.europesays.com\/fr\/wp-json\/wp\/v2\/posts\/591632\/revisions"}],"wp:featuredmedia":[{"embeddable":true,"href":"https:\/\/www.europesays.com\/fr\/wp-json\/wp\/v2\/media\/591633"}],"wp:attachment":[{"href":"https:\/\/www.europesays.com\/fr\/wp-json\/wp\/v2\/media?parent=591632"}],"wp:term":[{"taxonomy":"category","embeddable":true,"href":"https:\/\/www.europesays.com\/fr\/wp-json\/wp\/v2\/categories?post=591632"},{"taxonomy":"post_tag","embeddable":true,"href":"https:\/\/www.europesays.com\/fr\/wp-json\/wp\/v2\/tags?post=591632"}],"curies":[{"name":"wp","href":"https:\/\/api.w.org\/{rel}","templated":true}]}}