{"id":591636,"date":"2025-12-10T23:38:12","date_gmt":"2025-12-10T23:38:12","guid":{"rendered":"https:\/\/www.europesays.com\/fr\/591636\/"},"modified":"2025-12-10T23:38:12","modified_gmt":"2025-12-10T23:38:12","slug":"entreprises-russes-reclament-50-milliards-deuros-a-lunion-europeenne-business-am","status":"publish","type":"post","link":"https:\/\/www.europesays.com\/fr\/591636\/","title":{"rendered":"Entreprises russes r\u00e9clament 50 milliards d&rsquo;euros \u00e0 l&rsquo;Union europ\u00e9enne &#8211; Business AM"},"content":{"rendered":"<p>Principaux renseignements<\/p>\n<ul class=\"wp-block-list\">\n<li><strong>Les entreprises russes r\u00e9clament 50 milliards d\u2019euros aux \u00c9tats membres de l\u2019UE pour les pertes financi\u00e8res qu\u2019elles ont d\u00e9j\u00e0 subies en raison des sanctions.<\/strong><\/li>\n<li><strong>L\u2019action en justice utilise le m\u00e9canisme de r\u00e8glement des diff\u00e9rends entre investisseurs et \u00c9tats (ISDS), qui contourne les tribunaux nationaux et confie l\u2019examen du litige \u00e0 des experts ind\u00e9pendants.<\/strong><\/li>\n<li><strong>La Belgique s\u2019oppose \u00e0 l\u2019utilisation des avoirs russes gel\u00e9s pour financer l\u2019aide \u00e0 l\u2019Ukraine en raison des craintes de litiges ISDS et de repr\u00e9sailles de la part de la Russie.<\/strong><\/li>\n<\/ul>\n<p>Les entreprises russes intentent des actions en justice contre les \u00c9tats membres de l\u2019UE, r\u00e9clamant plus de 50 milliards d\u2019euros de compensation pour <a href=\"https:\/\/fr.businessam.be\/rentabilite-des-entreprises-russes-chute-fortement-les-problemes-financiers-saggravent\/\" target=\"_blank\" rel=\"noreferrer noopener\">les pertes<\/a> qu\u2019elles attribuent aux sanctions impos\u00e9es \u00e0 la Russie. Ces poursuites s\u2019appuient sur un m\u00e9canisme appel\u00e9 \u00ab\u00a0r\u00e8glement des diff\u00e9rends entre investisseurs et \u00c9tats\u00a0\u00bb (RDIE), qui permet \u00e0 des entreprises priv\u00e9es de poursuivre des gouvernements pour des pr\u00e9judices per\u00e7us comme portant atteinte \u00e0 leurs int\u00e9r\u00eats en raison d\u2019une politique ou d\u2019une l\u00e9gislation. <\/p>\n<p>Contournement des tribunaux nationaux<\/p>\n<p>Con\u00e7u \u00e0 l\u2019origine pour prot\u00e9ger les entreprises \u00e9trang\u00e8res engag\u00e9es dans des litiges contractuels, l\u2019ISDS contourne les tribunaux nationaux et s\u2019appuie sur un panel d\u2019experts ind\u00e9pendants pour statuer sur les affaires, un processus critiqu\u00e9 pour son manque de transparence et l\u2019absence de possibilit\u00e9s d\u2019appel.<\/p>\n<p>Un rapport r\u00e9cent de la Coalition europ\u00e9enne pour le commerce et la justice (ETJC) fait \u00e9tat de 24 affaires de ce type contre des pays de l\u2019UE, r\u00e9clamant collectivement 53 milliards d\u2019euros de compensation. Un cas notable concerne Mikhail Fridman, un oligarque russe de premier plan, qui r\u00e9clame plus de 13,5 milliards d\u2019euros au Luxembourg pour le gel de ses avoirs. Ce proc\u00e8s pourrait co\u00fbter au Luxembourg la moiti\u00e9 de son budget annuel.<\/p>\n<p>Inqui\u00e9tudes de la Belgique<\/p>\n<p>Le rapport de l\u2019ETJC co\u00efncide avec les efforts de la Commission europ\u00e9enne pour obtenir plus de 200 milliards d\u2019euros d\u2019actifs russes gel\u00e9s afin de financer l\u2019aide \u00e0 l\u2019Ukraine. <a href=\"https:\/\/fr.businessam.be\/de-wever-soppose-au-projet-de-lue-visant-a-consacrer-les-avoirs-russes-a-lukraine\/\" target=\"_blank\" rel=\"noreferrer noopener\">La Belgique<\/a> a exprim\u00e9 une forte opposition \u00e0 ces plans, citant les litiges ISDS potentiels comme une pr\u00e9occupation majeure. <\/p>\n<p>Le gouvernement belge s\u2019attend \u00e0 des repr\u00e9sailles de la part de la Russie et \u00e0 des r\u00e9percussions financi\u00e8res potentielles pour des institutions belges telles qu\u2019Euroclear, qui d\u00e9tient une part importante des fonds de la Banque centrale russe. Au cours des derniers mois, des investisseurs russes ont d\u00e9j\u00e0 d\u00e9pos\u00e9 quatre plaintes contre la Belgique dans le cadre de l\u2019ISDS au sujet d\u2019actifs gel\u00e9s d\u00e9tenus par Euroclear.<\/p>\n<p><a href=\"https:\/\/news.google.com\/publications\/CAowtseUCw?hl=fr&amp;gl=BE&amp;ceid=BE%3Afr\" target=\"_blank\" rel=\"noopener\">Suivez \u00e9galement Business AM sur Google Actualit\u00e9s<\/a><\/p>\n<p><a href=\"https:\/\/portalfr.businessam.be\/plans\/business-am-fr-offre-dete\/\" target=\"_blank\" rel=\"noopener\">Si vous souhaitez acc\u00e9der \u00e0 tous les articles, abonnez-vous ici!<\/a><\/p>\n","protected":false},"excerpt":{"rendered":"Principaux renseignements Les entreprises russes r\u00e9clament 50 milliards d\u2019euros aux \u00c9tats membres de l\u2019UE pour les pertes financi\u00e8res&hellip;\n","protected":false},"author":2,"featured_media":492016,"comment_status":"","ping_status":"","sticky":false,"template":"","format":"standard","meta":{"footnotes":""},"categories":[1586],"tags":[11,70463,1777,674,1779,1011,27,1861,12,25,132,7185,1778,364],"class_list":{"0":"post-591636","1":"post","2":"type-post","3":"status-publish","4":"format-standard","5":"has-post-thumbnail","7":"category-europe","8":"tag-actualites","9":"tag-entreprises-russes","10":"tag-eu","11":"tag-europe","12":"tag-european-union","13":"tag-fr","14":"tag-france","15":"tag-lue","16":"tag-news","17":"tag-republique-francaise","18":"tag-russie","19":"tag-sanctions","20":"tag-ue","21":"tag-union-europeenne"},"share_on_mastodon":{"url":"https:\/\/pubeurope.com\/@fr\/115697910104611351","error":""},"_links":{"self":[{"href":"https:\/\/www.europesays.com\/fr\/wp-json\/wp\/v2\/posts\/591636","targetHints":{"allow":["GET"]}}],"collection":[{"href":"https:\/\/www.europesays.com\/fr\/wp-json\/wp\/v2\/posts"}],"about":[{"href":"https:\/\/www.europesays.com\/fr\/wp-json\/wp\/v2\/types\/post"}],"author":[{"embeddable":true,"href":"https:\/\/www.europesays.com\/fr\/wp-json\/wp\/v2\/users\/2"}],"replies":[{"embeddable":true,"href":"https:\/\/www.europesays.com\/fr\/wp-json\/wp\/v2\/comments?post=591636"}],"version-history":[{"count":0,"href":"https:\/\/www.europesays.com\/fr\/wp-json\/wp\/v2\/posts\/591636\/revisions"}],"wp:featuredmedia":[{"embeddable":true,"href":"https:\/\/www.europesays.com\/fr\/wp-json\/wp\/v2\/media\/492016"}],"wp:attachment":[{"href":"https:\/\/www.europesays.com\/fr\/wp-json\/wp\/v2\/media?parent=591636"}],"wp:term":[{"taxonomy":"category","embeddable":true,"href":"https:\/\/www.europesays.com\/fr\/wp-json\/wp\/v2\/categories?post=591636"},{"taxonomy":"post_tag","embeddable":true,"href":"https:\/\/www.europesays.com\/fr\/wp-json\/wp\/v2\/tags?post=591636"}],"curies":[{"name":"wp","href":"https:\/\/api.w.org\/{rel}","templated":true}]}}