{"id":591642,"date":"2025-12-10T23:44:13","date_gmt":"2025-12-10T23:44:13","guid":{"rendered":"https:\/\/www.europesays.com\/fr\/591642\/"},"modified":"2025-12-10T23:44:13","modified_gmt":"2025-12-10T23:44:13","slug":"rugby-a-xiii-une-douzieme-recrue-chez-les-dragons-catalans","status":"publish","type":"post","link":"https:\/\/www.europesays.com\/fr\/591642\/","title":{"rendered":"Rugby \u00e0 XIII\u00a0: Une douzi\u00e8me recrue chez les Dragons Catalans"},"content":{"rendered":"<p>\n                                                                \u00c0 neuf semaines de l\u2019ouverture de la saison de Super League, les Dragons Catalans officialisent le nom d\u2019une nouvelle recrue. La douzi\u00e8me de la saison 2026 avec l\u2019ailier australien Manase Kaho qui vient de signer un contrat de deux ans.\n                            <\/p>\n<p>Avec l\u2019arriv\u00e9e de Manase Kaho, les Dragons Catalans compl\u00e8tent un recrutement massif de douze joueurs pour b\u00e2tir un effectif totalement renouvel\u00e9 en vue de la saison 2026.\u00a0Le club, par l\u2019interm\u00e9diaire de son pr\u00e9sident Bernard Guasch et de son\u00a0entra\u00eeneur Joel Tomkins, avait annonc\u00e9 au moment de dresser le bilan de la saison 2025 et de se projeter\u00a0: \u00ab\u00a0En 2026, l\u2019\u00e9quipe repartira d\u2019une feuille blanche.\u00a0\u00bb\u00a0Les faits confirment pleinement cette annonce. Ce mercredi 10\u00a0d\u00e9cembre, le club officialise la signature de Manase Kaho (1,83\u00a0m et 90\u00a0kg), un ailier de 24 ans qui \u00e9voluait en Queensland Cup, au sein des Norths Devils. Form\u00e9 \u00e0 Canberra, Kaho comptabilise 44 essais en 53 apparitions depuis son arriv\u00e9e en 2023 aux Devils. En 2025, il a inscrit 15 essais en 21 matches et a \u00e9t\u00e9 titulaire \u00e0 l\u2019occasion de la finale perdue contre les Burleigh Bears (22-8), sous les ordres de l\u2019ancien entra\u00eeneur de Leeds Rohan Smith.<\/p>\n<p>Il devient la douzi\u00e8me recrue engag\u00e9e pour la 20e saison des Dragons en Super League. Onze s\u2019entra\u00eenent d\u00e9j\u00e0 depuis un mois sous leurs nouvelles couleurs. Le meneur de jeu australien des Canterbury Bulldogs Toby Sexton et le demi de m\u00eal\u00e9e anglais Lewis Dodd (South Sydney) conduiront le jeu des Dracs la saison prochaine. \u00c0 leurs c\u00f4t\u00e9s, le trois-quarts centre des Wests Tigers Solomona Faataape, l\u2019arri\u00e8re ou ailier Charlie Staines (Wests Tigers), l\u2019ailier Josh Simm (Castleford) et l\u2019arri\u00e8re ou ailier de 22 ans, pr\u00eat\u00e9 par Hull KR \u00e0 Oldham, Phoenix Laulu-Togaga\u2019e. Joel Tomkins voit ainsi six joueurs des lignes arri\u00e8res int\u00e9grer l\u2019effectif, et maintenant sept avec Manase Kaho. \u00ab\u00a0C\u2019est le dernier renfort de notre effectif avant le d\u00e9but de la saison, et je suis tr\u00e8s enthousiaste \u00e0 l\u2019id\u00e9e de l\u2019accueillir. Il va apporter de la vitesse, il est dot\u00e9 d\u2019une excellente capacit\u00e9 \u00e0 marquer des essais. Manase nous rejoint \u00e0 un moment id\u00e9al de son d\u00e9veloppement en tant que joueur et il est motiv\u00e9 pour entrer dans une nouvelle dimension en Super League\u00a0\u00bb, dit de lui Joel Tomkins, qui souhaitait absolument apporter davantage de vitesse, mais aussi de concurrence sur les ailes. Dans le pack, autour du capitaine Benjamin Garcia, ont rejoint le groupe les deux piliers Josh Allen (Dolphins) et Iszac Fa\u2019asuamaleaui (Titans). Mais aussi Harvey Wilson (Salford) et les deuxi\u00e8mes lignes Zac Lipowicz (Penrith) et l\u2019Australien Ben Condon (1,96\u00a0m et 110\u00a0kg).<\/p>\n<p>Les Dracs disposeront ainsi d\u2019un effectif de 30 joueurs, dont douze recrues pour pr\u00e9parer 2026 et l\u2019ouverture de la saison de Super League le vendredi 13\u00a0f\u00e9vrier \u00e0 Gilbert-Brutus face aux Giants d\u2019Huddersfield. Comme la saison derni\u00e8re, ils disputeront un tour de Cup le week-end pr\u00e9c\u00e9dent en Angleterre face \u00e0 une formation de Championship ou de League 1, \u00e0 la diff\u00e9rence du Toulouse Olympique, promu dans cette Super League 2026 \u00e0 14 \u00e9quipes (avec York et Bradford), qui ne souhaite pas participer \u00e0 la Challenge Cup pour des raisons financi\u00e8res.<\/p>\n","protected":false},"excerpt":{"rendered":"\u00c0 neuf semaines de l\u2019ouverture de la saison de Super League, les Dragons Catalans officialisent le nom d\u2019une&hellip;\n","protected":false},"author":2,"featured_media":591643,"comment_status":"","ping_status":"","sticky":false,"template":"","format":"standard","meta":{"footnotes":""},"categories":[1416],"tags":[1011,27,3464,11548,479,1468,69131,517,60],"class_list":{"0":"post-591642","1":"post","2":"type-post","3":"status-publish","4":"format-standard","5":"has-post-thumbnail","7":"category-rugby","8":"tag-fr","9":"tag-france","10":"tag-perpignan","11":"tag-pyrenees-orientales","12":"tag-rugby","13":"tag-rugby-football","14":"tag-rugby-u00e0-xiii","15":"tag-sport","16":"tag-sports"},"share_on_mastodon":{"url":"https:\/\/pubeurope.com\/@fr\/115697933712641753","error":""},"_links":{"self":[{"href":"https:\/\/www.europesays.com\/fr\/wp-json\/wp\/v2\/posts\/591642","targetHints":{"allow":["GET"]}}],"collection":[{"href":"https:\/\/www.europesays.com\/fr\/wp-json\/wp\/v2\/posts"}],"about":[{"href":"https:\/\/www.europesays.com\/fr\/wp-json\/wp\/v2\/types\/post"}],"author":[{"embeddable":true,"href":"https:\/\/www.europesays.com\/fr\/wp-json\/wp\/v2\/users\/2"}],"replies":[{"embeddable":true,"href":"https:\/\/www.europesays.com\/fr\/wp-json\/wp\/v2\/comments?post=591642"}],"version-history":[{"count":0,"href":"https:\/\/www.europesays.com\/fr\/wp-json\/wp\/v2\/posts\/591642\/revisions"}],"wp:featuredmedia":[{"embeddable":true,"href":"https:\/\/www.europesays.com\/fr\/wp-json\/wp\/v2\/media\/591643"}],"wp:attachment":[{"href":"https:\/\/www.europesays.com\/fr\/wp-json\/wp\/v2\/media?parent=591642"}],"wp:term":[{"taxonomy":"category","embeddable":true,"href":"https:\/\/www.europesays.com\/fr\/wp-json\/wp\/v2\/categories?post=591642"},{"taxonomy":"post_tag","embeddable":true,"href":"https:\/\/www.europesays.com\/fr\/wp-json\/wp\/v2\/tags?post=591642"}],"curies":[{"name":"wp","href":"https:\/\/api.w.org\/{rel}","templated":true}]}}