{"id":591645,"date":"2025-12-10T23:49:13","date_gmt":"2025-12-10T23:49:13","guid":{"rendered":"https:\/\/www.europesays.com\/fr\/591645\/"},"modified":"2025-12-10T23:49:13","modified_gmt":"2025-12-10T23:49:13","slug":"cyclisme-interview-stephane-heulot-nouveau-et-bientot-manager-motive-comme-un-cadet","status":"publish","type":"post","link":"https:\/\/www.europesays.com\/fr\/591645\/","title":{"rendered":"Cyclisme. INTERVIEW &#8211; St\u00e9phane Heulot, nouveau et bient\u00f4t manager : \u00abMotiv\u00e9 comme un cadet !\u00bb"},"content":{"rendered":"<p> Lire la suite de l&rsquo;article&#13;<\/p>\n<p>\u00a0<\/p>\n<p>&#13;<br \/>\n\u00ab\u00a0Je suis fan de Jean-Ren\u00e9&#8230; je ne pouvais pas lui dire non !\u00a0\u00bb&#13;<\/p>\n<p>\u00ab\u00a0Je rentre de Calpe en Espagne o\u00f9 j&rsquo;ai rencontr\u00e9 l&rsquo;\u00e9quipe Team Total Energies, a expliqu\u00e9 <strong><a href=\"https:\/\/www.cyclismactu.net\/..\/news-cyclisme-route-interview-stephane-heulot-son-arret-avec-lotto-j-etais-arrive-max-90774.html\" target=\"_blank\" rel=\"noopener\">St\u00e9phane Heulot<\/a>\u00a0<\/strong>\u00e0 Cyclism&rsquo;Actu<strong>.<\/strong>\u00a0 Jean-Ren\u00e9 Bernaudeau a souhait\u00e9 cela car \u00e7a a fuit\u00e9 dans les m\u00e9dias donc les choses sont plus claires aujourd&rsquo;hui. Tout s&rsquo;est fait progressivement avec Jean-Ren\u00e9. On s&rsquo;est retrouv\u00e9 sur des r\u00e9flexions, sur des solutions. Jean-ren\u00e9 veut trasnmettre et cela est conforme au personnage. Apr\u00e8s sauver une \u00e9quipe, c&rsquo;est un bien grand mot. Toutes les \u00e9quipes sont en sursis en fait. Oui, c&rsquo;est un challenge et je n&rsquo;avais pas du tout ce projet l\u00e0 mais \u00e0 Jean-Ren\u00e9 Bernaudeau, je ne pouvais pas dire non !\u00a0\u00bb<a href=\"https:\/\/www.youtube.com\/watch?v=lh6dofj6oR0\" target=\"_blank\" rel=\"noopener\">\u00a0<\/a><a href=\"https:\/\/www.youtube.com\/watch?v=lh6dofj6oR0\" target=\"_blank\" rel=\"noopener\">La suite est \u00e0 retrouver et \u00e0 regarder dans l&rsquo;entretien avec St\u00e9phane Heulot dans la vid\u00e9o ci-dessus.<\/a><\/p>\n<p>&#13;<\/p>\n<p>\u00a0<\/p>\n<p>&#13;<br \/>\n\u00ab\u00a0On parle le m\u00eame langage avec Jean-Ren\u00e9 Bernaudeau&#8230;\u00a0\u00bb&#13;<\/p>\n<p class=\"x_MsoNormal\">\u00ab\u00a0C\u2019est un h\u00e9ritage lourd, il ne faut pas le d\u00e9naturer, a expliqu\u00e9\u00a0<strong>St\u00e9phane Heulot<\/strong>\u00a0\u00e0\u00a0<strong>Ouest-France<\/strong>.\u00a0Je suis l\u00e0 pour soutenir Jean-Ren\u00e9, on parle le m\u00eame langage. Nous avons le m\u00eame parcours\u00a0: apr\u00e8s notre carri\u00e8re de coureur, on a commenc\u00e9 comme b\u00e9n\u00e9voles, on est investi et le but c\u2019est sauver l\u2019\u00e9quipe \u00e0 l\u2019issue du sponsoring de TotalEnergies en 2026 et trouver des partenaires.\u00a0J\u2019y travaille.\u00a0\u00bb\u00a0\u00c0 54 ans,\u00a0<strong><a href=\"https:\/\/www.cyclismactu.net\/..\/news-cyclisme-route-interview-stephane-heulot-son-arret-avec-lotto-j-etais-arrive-max-90774.html\" target=\"_blank\" rel=\"noopener\">St\u00e9phane Heulot<\/a><\/strong>,\u00a0ancien champion de France et maillot jaune du\u00a0<strong>Tour de France 1996<\/strong>, faut il le rappeler tout de m\u00eame, s&rsquo;attaque \u00e0 une sacr\u00e9e mission : \u00ab\u00a0Ma Mission ? C&rsquo;est sauver l&rsquo;\u00e9quipe.\u00a0\u00bb Car faut-il le rappeler, la\u00a0<a href=\"https:\/\/www.cyclismactu.net\/..\/news-cyclisme-route-jean-rene-bernaudeau-va-finalement-rester-et-faire-une-27e-annee-91001.html\" target=\"_blank\" rel=\"noopener\">SA Vend\u00e9e de Jean-Ren\u00e9 Bernaudeau<\/a>\u00a0a clairement son historique, fond\u00e9e en 1991 avec une \u00e9quipe professionnelle depuis 2000 (<strong>Bonjour, Brioche la Boulang\u00e8re, Bouygues Telecom, Bbox, Direct \u00c9nergie, TotalEnergies<\/strong>) o\u00f9 sont pass\u00e9s entre autre\u00a0<strong>Thomas Voeckler, Sylvain Chavanel, Pierre Rolland<\/strong>&#8230; pour ne citer qu&rsquo;eux. L&rsquo;\u00e9quipe de\u00a0<strong>J-R<\/strong>\u00a0et d\u00e9sormais de\u00a0<strong>St\u00e9phane Heulot<\/strong>\u00a0qui va disputer (normalement) en juillet 2026 son 27e\u00a0<strong>Tour de France\u00a0<\/strong>de suite.<\/p>\n<p>&#13;<\/p>\n<p style=\"text-align: center;\">\n<p>&#13;<\/p>\n<p>\u00a0<\/p>\n<p>&#13;<br \/>\n\u00ab\u00a0On doit \u00eatre efficaces pour assurer la p\u00e9rennit\u00e9 de l\u2019\u00e9quipe&#8230;\u00a0\u00bb&#13;<\/p>\n<p class=\"x_MsoNormal\">\u00ab\u00a0Je connais d\u00e9j\u00e0 beaucoup de coureurs, directeurs sportifs et personnels de l\u2019\u00e9quipe car j\u2019ai couru avec certains et beaucoup sont pass\u00e9s par Sojasun Espoirs ou Saur-Sojasun. C\u2019est un r\u00e9el plaisir de travailler avec des gens de qualit\u00e9. Je reviendrai aupr\u00e8s de l\u2019\u00e9quipe sur le stage de janvier.\u00a0On doit \u00eatre efficaces pour assurer la p\u00e9rennit\u00e9 de l\u2019\u00e9quipe, c\u2019est ce que souhaite Jean-Ren\u00e9 qui voulait op\u00e9rer une transition en douceur. Il aura 70\u00a0ans l\u2019\u00e9t\u00e9 prochain et comme il l\u2019a dit, il veut g\u00e9rer son temps. Je suis l\u00e0 pour l\u2019aider, pour reconstruire quelque chose. J\u2019ai rencontr\u00e9 un groupe tr\u00e8s concern\u00e9, investi pour \u00eatre performant, c\u2019est encourageant.\u00a0\u00bb\u00a0<\/p>\n<p>&#13;<\/p>\n<p class=\"x_MsoNormal\">\u00a0<\/p>\n<p>&#13;<br \/>\n\u00ab\u00a0Jean-Ren\u00e9 a souhait\u00e9 officialiser les choses un peu plus vite que pr\u00e9vu\u00a0\u00bb&#13;<\/p>\n<p><strong>Salut St\u00e9phane, merci de prendre quelques minutes. Vous venez de rentrer de Calpe, en Espagne. Vous avez rencontr\u00e9 votre nouvelle \u00e9quipe \u00e0 partir du 1er janvier, c\u2019est bien TotalEnergies ?<\/strong><\/p>\n<p>&#13;<\/p>\n<p>Oui, tout \u00e0 fait. Jean-Ren\u00e9 (Bernaudeau, ndlr) a souhait\u00e9 officialiser les choses un peu plus vite que pr\u00e9vu. Il y a eu quelques indiscr\u00e9tions dans les m\u00e9dias, donc c\u2019est vrai que c\u2019\u00e9tait un peu compliqu\u00e9 \u00e0 g\u00e9rer en interne et en externe. Maintenant, les choses sont claires.<\/p>\n<p>&#13;<\/p>\n<p>\u00a0<\/p>\n<p>&#13;<\/p>\n<p><strong>Au final, vous aviez pr\u00e9vu d\u2019encha\u00eener aussi vite sur un nouveau projet v\u00e9lo parce que vous vouliez vous laisser du temps du c\u00f4t\u00e9 de la Bretagne pour aller \u00e0 la p\u00eache. Les jours sont compt\u00e9s, maintenant ?<\/strong><\/p>\n<p>&#13;<\/p>\n<p>Oui, ce sont des rencontres de vie. Les choses avec Jean-Ren\u00e9 se sont faites progressivement. On a toujours eu une connexion sur divers sujets et on \u00e9changeait r\u00e9guli\u00e8rement. Apr\u00e8s le Tour de France, il avait eu \u00e9cho de mon d\u00e9part et on s\u2019est retrouv\u00e9s sur des solutions, des r\u00e9flexions, notamment parce qu\u2019il m\u2019avait confi\u00e9 que Total arr\u00eaterait fin 2026. Il voulait absolument remettre toutes les choses en route et transmettre de mani\u00e8re positive \u00e0 tout son staff. J\u2019ai trouv\u00e9 \u00e7a conforme au personnage. On a d\u00e9j\u00e0 rencontr\u00e9 plusieurs personnes, parfois de mani\u00e8re informelle, avec de vraies valeurs. C\u2019est comme \u00e7a que les choses ont commenc\u00e9.<\/p>\n<p>&#13;<\/p>\n<p><strong>Sacr\u00e9 d\u00e9fi quand m\u00eame, St\u00e9phane, sacr\u00e9 mission. Aller chercher des partenaires apr\u00e8s 2026 pour sauver une \u00e9quipe TotalEnergies, surtout dans la conjoncture \u00e9conomique actuelle\u2026 On conna\u00eet l\u2019historique de ce qu\u2019a cr\u00e9\u00e9 Jean-Ren\u00e9 Bernaudeau.<\/strong><\/p>\n<p>&#13;<\/p>\n<p>\u00ab Sauver \u00bb, c\u2019est un mot fort. Toutes les \u00e9quipes sont en sursis, on le sait : le mod\u00e8le du cyclisme repose sur le sponsoring, c&rsquo;est assez d\u00e9licat, et on ne vit jamais \u00e0 tr\u00e8s long terme. Oui, c\u2019est un challenge. Je n\u2019avais pas du tout ce projet-l\u00e0, sinc\u00e8rement. J\u2019ai eu trois ann\u00e9es tr\u00e8s charg\u00e9es, pas toujours simples non plus. Une fois qu\u2019on met un pied l\u00e0-dedans, ce n\u2019est jamais facile. Je n\u2019ai jamais eu la conviction de m\u2019asseoir sur mes lauriers. C\u2019est passionnant, stressant, \u00e9nergivore\u2026 mais c\u2019est un m\u00e9tier qu\u2019on aime. On ne peut pas le faire \u00e0 moiti\u00e9 : c\u2019est 1 000 %, sinon mieux vaut faire autre chose.<\/p>\n<p>&#13;<\/p>\n<p>\u00a0<\/p>\n<p>&#13;<br \/>\n\u00ab\u00a0Il faut \u00eatre cr\u00e9dible \u00e0 tous niveaux\u00a0\u00bb&#13;<\/p>\n<p><strong>Sans \u00eatre indiscret : il y a d\u00e9j\u00e0 des touches ? Comment s\u2019organise votre quotidien \u00e0 partir de ce mercredi 10 d\u00e9cembre 2025 ?<\/strong><\/p>\n<p>&#13;<\/p>\n<p>C\u2019est d\u2019abord la d\u00e9couverte des \u00e9quipes. Le sportif est parfaitement g\u00e9r\u00e9 avec Benoit Genauzeau, le p\u00f4le performance, les directeurs sportifs. Aujourd&rsquo;hui, il faut amener un maximum de s\u00e9r\u00e9nit\u00e9 le plus t\u00f4t possible. Le quotidien, c\u2019est r\u00e9activer le r\u00e9seau, s\u2019impr\u00e9gner des valeurs et du projet, faire grandir tout \u00e7a. Oui, il y a d\u00e9j\u00e0 eu plusieurs rendez-vous, uniquement Jean-Ren\u00e9, moi et le prospect : qui \u00e9tait plus un rendez-vous de d\u00e9couverte, une pr\u00e9sentation de ma part, et Jean-Ren\u00e9 avait d\u00e9j\u00e0 entam\u00e9 des d\u00e9marches avec son \u00e9quipe. On affine aussi le projet avec son staff. La priorit\u00e9, c\u2019est de trouver le bon partenaire : pas aller vite, mais trouver le prospect, le partenaire, capable d\u2019accompagner un v\u00e9ritable projet tel qu\u2019on a envie de le d\u00e9velopper ensemble.<\/p>\n<p>&#13;<\/p>\n<p><strong>On a encore en t\u00eate l\u2019histoire de B&amp;B Hotels\u2026 Tout semble compliqu\u00e9 pour le cyclisme fran\u00e7ais en ce moment. Pas de crainte de ne pas trouver ? Quel est votre niveau de confiance ?<\/strong><\/p>\n<p>&#13;<\/p>\n<p>La peur n\u2019\u00e9carte pas le danger. On sait que ce n\u2019est pas dans un baril de lessive qu\u2019on va trouver le ticket gagnant. \u00c7a fait partie de tout un ensemble. Il faut \u00eatre cr\u00e9dible \u00e0 tous niveaux. Dans la recherche de sponsors, il y a le pass\u00e9, les recommandations qu\u2019on peut obtenir des anciens sponsors. Et je suis estomaqu\u00e9 de voir la capacit\u00e9 de Jean-Ren\u00e9 \u00e0 rassembler tous ses anciens sponsors, d\u00e9cideurs pass\u00e9s et pr\u00e9sents, autour d\u2019une table pour parler cyclisme et de la situation g\u00e9n\u00e9rale. Parce que c\u2019est toujours bon de s\u2019\u00e9carter un peu du mur. On est dans un syst\u00e8me tr\u00e8s ferm\u00e9, et avoir acc\u00e8s aux visions d\u2019entrepreneurs aussi prestigieux que ceux qu\u2019il a pu rencontrer, c\u2019est tr\u00e8s int\u00e9ressant. Et recevoir leurs recommandations aujourd\u2019hui, apr\u00e8s 26 ou 27 ans, ce n\u2019est pas commun. La cr\u00e9dibilit\u00e9 est certaine \u00e0 ce niveau-l\u00e0.<\/p>\n<p>&#13;<\/p>\n<p><strong>Est-ce que ce ne serait pas l\u2019un de vos plus grands d\u00e9fis, finalement, d\u2019aller chercher des partenaires pour faire perdurer une \u00e9quipe ?<\/strong><\/p>\n<p>&#13;<\/p>\n<p>Probablement le plus enthousiasmant aujourd\u2019hui. Les trois derni\u00e8res ann\u00e9es m\u2019ont \u00e9paissi le cuir, apport\u00e9 une \u00e9norme exp\u00e9rience. \u00c7a a \u00e9t\u00e9 dur mais extr\u00eamement enrichissant. J\u2019en suis reconnaissant.\u00a0Me retrouver avec quelqu\u2019un comme Jean-Ren\u00e9, Sans \u00eatre dans le fanatisme, mais c\u2019est vrai que je l\u2019admirais beaucoup apr\u00e8s Louison Bobet, d\u00e9j\u00e0 \u00e0 l\u2019\u00e9poque de mon p\u00e8re, qui a couru avec lui. Je l&rsquo;ai admir\u00e9 \u00e0 la cr\u00e9ation du Vend\u00e9e U. C\u2019\u00e9tait un mod\u00e8le pour moi quand, de notre c\u00f4t\u00e9, on d\u00e9veloppait SuperSport 35 puis Sojasun Espoirs. C&rsquo;\u00e9tait les valeurs de droiture, de refus des coalitions, tout \u00e7a forge des hommes. On est dans une d\u00e9marche de maturit\u00e9 lente. Il y a toujours une bonne part de r\u00e9alisme. Et comme le dit souvent Jean-Ren\u00e9 : un m\u00e9decin commence sa carri\u00e8re \u00e0 30 ans ; un cycliste, souvent, la termine. Il y a une vie apr\u00e8s le v\u00e9lo. Les vrais ambassadeurs du cyclisme sont souvent les anciens coureurs qui rebondissent.<\/p>\n<p>&#13;<\/p>\n<p><strong>Cyclism\u2019Actu \u00e9tait ce mercredi \u00e0 Majorque aupr\u00e8s de l\u2019armada Red Bull-BORA-Hansgrohe. Elle sera samedi avec UAE\u2026 Quand on est manager d\u2019\u00e9quipe et qu\u2019on cherche un partenaire pour faire perdurer une formation, est-ce que \u00e7a motive ou est-ce que \u00e7a frustre lorsqu\u2019on cherche un sponsor\u202f?<\/strong><\/p>\n<p>&#13;<\/p>\n<p>Non, on est dans une autre d\u00e9marche. Je me souviens de ce que m\u2019avait dit Jos\u00e9 Miguel Ech\u00e1varri \u00e0 l\u2019\u00e9poque de Banesto : ses meilleures ann\u00e9es, il les a v\u00e9cues quand il n\u2019avait pas les plus grands coureurs du monde. Parce que quand tu as le meilleur coureur du monde, tu es forc\u00e9ment le meilleur directeur sportif du monde, c\u2019est assez simple. \u00c0 l\u2019\u00e9poque, il y avait Pedro Delgado et Miguel Indurain.\u00a0C\u2019est souvent dans les situations complexes, avec des coureurs qui ne font pas parti du gratin, qu\u2019on va r\u00e9v\u00e9ler un vrai bon coureur. On n\u2019a pas la capacit\u00e9 de s\u2019offrir un top 5 mondial, mais on peut le construire pour demain. D\u2019o\u00f9 l\u2019importance de la base : Vend\u00e9e U, les liens avec le CREF\u2026 il est important de solidifier la base. Le cyclisme amateur souffre \u00e9norm\u00e9ment. On en vient tous les deux, donc on ne l\u2019oubliera jamais. On va se battre pour connecter au mieux cette base avec le cyclisme de haut niveau, qui est \u00e0 mon sens trop oubli\u00e9.<\/p>\n<p>&#13;<\/p>\n<p><strong>Et alors\u2026 confiance pour 2026 ? Quelques craintes ou l\u2019excitation du gros chantier ?<\/strong><\/p>\n<p>&#13;<\/p>\n<p>J\u2019\u00e9tais \u00e9puis\u00e9 en fin de Tour, pas d\u00e9courag\u00e9, mais besoin de me d\u00e9connecter. Et aujourd\u2019hui, le 10 d\u00e9cembre, je suis motiv\u00e9 comme un cadet. J\u2019ai h\u00e2te de rentrer pleinement dans le vif du sujet. On y est d\u00e9j\u00e0, mais les concr\u00e9tisations vont arriver dans les prochaines semaines. Comme je le disais : la peur n\u2019est pas le danger. On conna\u00eet les enjeux, mais on avance avec optimisme, confiance, et surtout confiance en nos valeurs et en notre projet. Donc oui : \u00e7a doit marcher.<\/p>\n","protected":false},"excerpt":{"rendered":"Lire la suite de l&rsquo;article&#13; \u00a0 &#13; \u00ab\u00a0Je suis fan de Jean-Ren\u00e9&#8230; je ne pouvais pas lui dire&hellip;\n","protected":false},"author":2,"featured_media":591646,"comment_status":"","ping_status":"","sticky":false,"template":"","format":"standard","meta":{"footnotes":""},"categories":[1411],"tags":[1154,207,211,1011,27,2173,209,60,210,212,208,213],"class_list":{"0":"post-591645","1":"post","2":"type-post","3":"status-publish","4":"format-standard","5":"has-post-thumbnail","7":"category-cyclisme","8":"tag-cycling","9":"tag-cyclisme","10":"tag-ffc","11":"tag-fr","12":"tag-france","13":"tag-interview","14":"tag-route","15":"tag-sports","16":"tag-tour-de-france","17":"tag-uci","18":"tag-velo","19":"tag-world-tour"},"share_on_mastodon":{"url":"https:\/\/pubeurope.com\/@fr\/115697953293022697","error":""},"_links":{"self":[{"href":"https:\/\/www.europesays.com\/fr\/wp-json\/wp\/v2\/posts\/591645","targetHints":{"allow":["GET"]}}],"collection":[{"href":"https:\/\/www.europesays.com\/fr\/wp-json\/wp\/v2\/posts"}],"about":[{"href":"https:\/\/www.europesays.com\/fr\/wp-json\/wp\/v2\/types\/post"}],"author":[{"embeddable":true,"href":"https:\/\/www.europesays.com\/fr\/wp-json\/wp\/v2\/users\/2"}],"replies":[{"embeddable":true,"href":"https:\/\/www.europesays.com\/fr\/wp-json\/wp\/v2\/comments?post=591645"}],"version-history":[{"count":0,"href":"https:\/\/www.europesays.com\/fr\/wp-json\/wp\/v2\/posts\/591645\/revisions"}],"wp:featuredmedia":[{"embeddable":true,"href":"https:\/\/www.europesays.com\/fr\/wp-json\/wp\/v2\/media\/591646"}],"wp:attachment":[{"href":"https:\/\/www.europesays.com\/fr\/wp-json\/wp\/v2\/media?parent=591645"}],"wp:term":[{"taxonomy":"category","embeddable":true,"href":"https:\/\/www.europesays.com\/fr\/wp-json\/wp\/v2\/categories?post=591645"},{"taxonomy":"post_tag","embeddable":true,"href":"https:\/\/www.europesays.com\/fr\/wp-json\/wp\/v2\/tags?post=591645"}],"curies":[{"name":"wp","href":"https:\/\/api.w.org\/{rel}","templated":true}]}}