{"id":591665,"date":"2025-12-11T00:00:33","date_gmt":"2025-12-11T00:00:33","guid":{"rendered":"https:\/\/www.europesays.com\/fr\/591665\/"},"modified":"2025-12-11T00:00:33","modified_gmt":"2025-12-11T00:00:33","slug":"punaise-mais-cest-quoi-cette-tache-verte-qui-a-ete-decouverte-sur-mars","status":"publish","type":"post","link":"https:\/\/www.europesays.com\/fr\/591665\/","title":{"rendered":"Punaise, mais c&rsquo;est quoi cette t\u00e2che verte qui a \u00e9t\u00e9 d\u00e9couverte sur Mars\u00a0?!"},"content":{"rendered":"<p>                    <b>Le rover de la NASA a mis au jour une minuscule marque verd\u00e2tre sur une roche martienne. Une anomalie qui intrigue les scientifiques et pourrait, peut-\u00eatre, t\u00e9moigner d&rsquo;une activit\u00e9 biologique pass\u00e9e sur la plan\u00e8te rouge.<\/b><\/p>\n<p>                                                                                                                                                        <img decoding=\"async\" src=\"https:\/\/www.europesays.com\/fr\/wp-content\/uploads\/2025\/12\/25de83d0f5_punaise-mais-c-est-quoi-cette-tache-verte-qui-a-ete-decouverte-sur-mars.webp.webp\" alt=\"Punaise, mais c'est quoi cette t\u00e2che verte qui a \u00e9t\u00e9 d\u00e9couverte sur Mars\u00a0?!\" width=\"1200\" height=\"903\" loading=\"lazy\"\/>        <\/p>\n<p>Une d\u00e9couverte inattendue dans le crat\u00e8re Jezero<\/p>\n<p>Il y a quelques mois, <a href=\"https:\/\/www.mac4ever.com\/divers\/174661-ecoutez-ce-son-enregistre-sur-mars-par-le-robot-perseverance\" target=\"_blank\" rel=\"noopener\">Perseverance<\/a> a utilis\u00e9 son outil abrasif pour gratter la surface d&rsquo;une roche baptis\u00e9e Wallace Butte, situ\u00e9e dans une zone appel\u00e9e Serpentine Rapids. L&rsquo;op\u00e9ration visait \u00e0 retirer la couche oxyd\u00e9e superficielle pour analyser la composition interne. Surprise\u00a0: sous le rouge caract\u00e9ristique de <a href=\"https:\/\/www.mac4ever.com\/divers\/190976-mars-est-vraiment-plein-de-flotte-et-c-est-une-tres-bonne-nouvelle\" target=\"_blank\" rel=\"noopener\">Mars<\/a>, l&rsquo;abrasion a r\u00e9v\u00e9l\u00e9 un ensemble de couleurs inattendues, avec des zones blanches, noires et surtout des <b>taches vertes d&rsquo;environ deux millim\u00e8tres de diam\u00e8tre<\/b>. Ces marques pr\u00e9sentent un noyau sombre entour\u00e9 d&rsquo;un halo vert p\u00e2le diffus, une configuration qui a imm\u00e9diatement attir\u00e9 l&rsquo;attention des chercheurs.<\/p>\n<p>                                                                                                                                                        <img decoding=\"async\" src=\"https:\/\/www.europesays.com\/fr\/wp-content\/uploads\/2025\/12\/91a1c605da_punaise-mais-c-est-quoi-cette-tache-verte-qui-a-ete-decouverte-sur-mars.webp.webp\" alt=\"Punaise, mais c'est quoi cette t\u00e2che verte qui a \u00e9t\u00e9 d\u00e9couverte sur Mars\u00a0?!\" width=\"1200\" height=\"738\" loading=\"lazy\"\/>        <\/p>\n<p>Deux hypoth\u00e8ses sur la table<\/p>\n<p>Sur Terre, ce type de coloration appara\u00eet g\u00e9n\u00e9ralement lorsque de l&rsquo;eau s&rsquo;infiltre dans des s\u00e9diments et provoque une r\u00e9action chimique qui transforme le fer oxyd\u00e9 en fer r\u00e9duit. Ce ph\u00e9nom\u00e8ne peut se produire de fa\u00e7on purement g\u00e9ochimique, par interaction entre le soufre et le fer. Mais il peut aussi r\u00e9sulter d&rsquo;une <b>activit\u00e9 microbienne<\/b>\u00a0: des bact\u00e9ries capables de respirer le fer oxyd\u00e9 laissent derri\u00e8re elles des traces min\u00e9rales caract\u00e9ristiques. Le crat\u00e8re Jezero, ancien lac ass\u00e9ch\u00e9, r\u00e9unit les conditions th\u00e9oriques pour que l&rsquo;une ou l&rsquo;autre de ces r\u00e9actions ait pu se produire il y a plusieurs milliards d&rsquo;ann\u00e9es.<\/p>\n<p>                                                                                                                                                        <img decoding=\"async\" src=\"https:\/\/www.europesays.com\/fr\/wp-content\/uploads\/2025\/12\/2ee2b9b1b1_punaise-mais-c-est-quoi-cette-tache-verte-qui-a-ete-decouverte-sur-mars.webp.webp\" alt=\"Punaise, mais c'est quoi cette t\u00e2che verte qui a \u00e9t\u00e9 d\u00e9couverte sur Mars\u00a0?!\" width=\"1200\" height=\"675\" loading=\"lazy\"\/>        <\/p>\n<p>Une analyse impossible pour l&rsquo;instant<\/p>\n<p>Probl\u00e8me\u00a0: la position de la roche n&rsquo;a pas permis \u00e0 Perseverance d&rsquo;utiliser ses instruments les plus pr\u00e9cis. Le bras robotique portant SHERLOC et PIXL, con\u00e7us pour analyser la composition chimique \u00e0 l&rsquo;\u00e9chelle microscopique, ne pouvait pas \u00eatre plac\u00e9 directement sur les taches vertes. Leur composition exacte reste donc un myst\u00e8re. Les scientifiques devront attendre le <b>retour des \u00e9chantillons martiens sur Terre, pr\u00e9vu pour juillet 2031<\/b> dans le cadre de la mission Mars Sample Return, pour esp\u00e9rer trancher d\u00e9finitivement entre hypoth\u00e8se g\u00e9ologique et biologique.<\/p>\n<p>        On en dit quoi\u00a0?<\/p>\n<p>Difficile de ne pas s&#8217;emballer devant ce genre de d\u00e9couverte. Une tache verte sur Mars, un ancien lac, des conditions propices \u00e0 la vie&#8230; sur le papier, on a tous les ingr\u00e9dients d&rsquo;un sc\u00e9nario \u00e0 la science-fiction. Sauf que voil\u00e0, les scientifiques restent prudents, et on peut les comprendre\u00a0: impossible d&rsquo;analyser correctement ces marques avec les instruments disponibles. C&rsquo;est <b>un peu frustrant, quand m\u00eame<\/b>. Il faudra patienter jusqu&rsquo;en 2031 pour avoir des r\u00e9ponses, si tout se passe bien avec le retour d&rsquo;\u00e9chantillons. D&rsquo;ici l\u00e0, Mars garde ses secrets.<\/p>\n","protected":false},"excerpt":{"rendered":"Le rover de la NASA a mis au jour une minuscule marque verd\u00e2tre sur une roche martienne. Une&hellip;\n","protected":false},"author":2,"featured_media":591666,"comment_status":"","ping_status":"","sticky":false,"template":"","format":"standard","meta":{"footnotes":""},"categories":[7],"tags":[386,1011,27,918,43,40,41,39,42,44],"class_list":{"0":"post-591665","1":"post","2":"type-post","3":"status-publish","4":"format-standard","5":"has-post-thumbnail","7":"category-sciences-et-technologies","8":"tag-espace","9":"tag-fr","10":"tag-france","11":"tag-mars","12":"tag-science","13":"tag-science-and-technology","14":"tag-sciences","15":"tag-sciences-et-technologies","16":"tag-technologies","17":"tag-technology"},"share_on_mastodon":{"url":"https:\/\/pubeurope.com\/@fr\/115697998179813498","error":""},"_links":{"self":[{"href":"https:\/\/www.europesays.com\/fr\/wp-json\/wp\/v2\/posts\/591665","targetHints":{"allow":["GET"]}}],"collection":[{"href":"https:\/\/www.europesays.com\/fr\/wp-json\/wp\/v2\/posts"}],"about":[{"href":"https:\/\/www.europesays.com\/fr\/wp-json\/wp\/v2\/types\/post"}],"author":[{"embeddable":true,"href":"https:\/\/www.europesays.com\/fr\/wp-json\/wp\/v2\/users\/2"}],"replies":[{"embeddable":true,"href":"https:\/\/www.europesays.com\/fr\/wp-json\/wp\/v2\/comments?post=591665"}],"version-history":[{"count":0,"href":"https:\/\/www.europesays.com\/fr\/wp-json\/wp\/v2\/posts\/591665\/revisions"}],"wp:featuredmedia":[{"embeddable":true,"href":"https:\/\/www.europesays.com\/fr\/wp-json\/wp\/v2\/media\/591666"}],"wp:attachment":[{"href":"https:\/\/www.europesays.com\/fr\/wp-json\/wp\/v2\/media?parent=591665"}],"wp:term":[{"taxonomy":"category","embeddable":true,"href":"https:\/\/www.europesays.com\/fr\/wp-json\/wp\/v2\/categories?post=591665"},{"taxonomy":"post_tag","embeddable":true,"href":"https:\/\/www.europesays.com\/fr\/wp-json\/wp\/v2\/tags?post=591665"}],"curies":[{"name":"wp","href":"https:\/\/api.w.org\/{rel}","templated":true}]}}