{"id":591671,"date":"2025-12-11T00:05:17","date_gmt":"2025-12-11T00:05:17","guid":{"rendered":"https:\/\/www.europesays.com\/fr\/591671\/"},"modified":"2025-12-11T00:05:17","modified_gmt":"2025-12-11T00:05:17","slug":"poupees-a-caractere-pedopornographique-un-homme-interpelle-dans-le-pays-dauray","status":"publish","type":"post","link":"https:\/\/www.europesays.com\/fr\/591671\/","title":{"rendered":"Poup\u00e9es \u00e0 caract\u00e8re p\u00e9dopornographique\u00a0: un homme interpell\u00e9 dans le pays d\u2019Auray"},"content":{"rendered":"<p>Ce mercredi 10 d\u00e9cembre, une vingtaine de personnes, soup\u00e7onn\u00e9es d\u2018avoir achet\u00e9 en ligne des poup\u00e9es sexuelles \u00e0 caract\u00e8re p\u00e9dopornographique, ont \u00e9t\u00e9 interpell\u00e9es lors d\u2019une <a href=\"https:\/\/www.letelegramme.fr\/france\/poupees-a-caractere-pedopornographique-achetees-en-ligne-une-vingtaine-dinterpellations-6945108.php\" target=\"_blank\" rel=\"noopener\">vaste op\u00e9ration polici\u00e8re<\/a> en France, ont indiqu\u00e9 \u00e0 l\u2019AFP deux sources proches de l\u2019enqu\u00eate, confirmant une information de Lib\u00e9ration. Ces arrestations ont \u00e9t\u00e9 r\u00e9alis\u00e9es dans le cadre d\u2018enqu\u00eates sur la vente de produits ill\u00e9gaux par des plateformes de vente en ligne, dont Shein et AliExpress. <\/p>\n<p>D\u2019apr\u00e8s les informations d\u2019<a href=\"https:\/\/www.ouest-france.fr\/societe\/faits-divers\/info-ouest-france-poupees-a-caractere-pedopornographique-un-homme-interpelle-dans-le-morbihan-7a801752-d5ec-11f0-8fa7-06f366a2f70b\" target=\"_blank\" rel=\"noopener\">Ouest France<\/a> que Le T\u00e9l\u00e9gramme s\u2019est fait confirmer par une source polici\u00e8re, un homme a \u00e9t\u00e9 interpell\u00e9 dans le pays d\u2019Auray (56). Il a \u00e9t\u00e9 plac\u00e9 en garde \u00e0 vue au commissariat de Lorient. Il a reconnu \u00eatre en possession de cet objet aux traits enfantins, objet saisi par les forces de l\u2019ordre. L\u2019enqu\u00eate est toujours en cours. <\/p>\n<p>L\u2019\u00c9tat a annonc\u00e9 qu\u2019il allait <a href=\"https:\/\/www.letelegramme.fr\/economie\/vente-de-poupees-pedopornographiques-letat-va-porter-plainte-contre-les-plateformes-aliexpress-et-joom-6935596.php\" target=\"_blank\" rel=\"noopener\">porter plainte<\/a> contre les plateformes de commerce en ligne AliExpress et Joom pour ventes de \u00ab\u00a0poup\u00e9es p\u00e9dopornographiques\u00a0\u00bb.<\/p>\n","protected":false},"excerpt":{"rendered":"Ce mercredi 10 d\u00e9cembre, une vingtaine de personnes, soup\u00e7onn\u00e9es d\u2018avoir achet\u00e9 en ligne des poup\u00e9es sexuelles \u00e0 caract\u00e8re&hellip;\n","protected":false},"author":2,"featured_media":591672,"comment_status":"","ping_status":"","sticky":false,"template":"","format":"standard","meta":{"footnotes":""},"categories":[4],"tags":[11,7507,829,765,118,1011,27,1781,3729,12,25,3165],"class_list":{"0":"post-591671","1":"post","2":"type-post","3":"status-publish","4":"format-standard","5":"has-post-thumbnail","7":"category-france","8":"tag-actualites","9":"tag-auray","10":"tag-bretagne","11":"tag-en-continu","12":"tag-faits-divers","13":"tag-fr","14":"tag-france","15":"tag-lorient","16":"tag-morbihan","17":"tag-news","18":"tag-republique-francaise","19":"tag-vannes"},"share_on_mastodon":{"url":"https:\/\/pubeurope.com\/@fr\/115698016107385439","error":""},"_links":{"self":[{"href":"https:\/\/www.europesays.com\/fr\/wp-json\/wp\/v2\/posts\/591671","targetHints":{"allow":["GET"]}}],"collection":[{"href":"https:\/\/www.europesays.com\/fr\/wp-json\/wp\/v2\/posts"}],"about":[{"href":"https:\/\/www.europesays.com\/fr\/wp-json\/wp\/v2\/types\/post"}],"author":[{"embeddable":true,"href":"https:\/\/www.europesays.com\/fr\/wp-json\/wp\/v2\/users\/2"}],"replies":[{"embeddable":true,"href":"https:\/\/www.europesays.com\/fr\/wp-json\/wp\/v2\/comments?post=591671"}],"version-history":[{"count":0,"href":"https:\/\/www.europesays.com\/fr\/wp-json\/wp\/v2\/posts\/591671\/revisions"}],"wp:featuredmedia":[{"embeddable":true,"href":"https:\/\/www.europesays.com\/fr\/wp-json\/wp\/v2\/media\/591672"}],"wp:attachment":[{"href":"https:\/\/www.europesays.com\/fr\/wp-json\/wp\/v2\/media?parent=591671"}],"wp:term":[{"taxonomy":"category","embeddable":true,"href":"https:\/\/www.europesays.com\/fr\/wp-json\/wp\/v2\/categories?post=591671"},{"taxonomy":"post_tag","embeddable":true,"href":"https:\/\/www.europesays.com\/fr\/wp-json\/wp\/v2\/tags?post=591671"}],"curies":[{"name":"wp","href":"https:\/\/api.w.org\/{rel}","templated":true}]}}