{"id":591673,"date":"2025-12-11T00:06:14","date_gmt":"2025-12-11T00:06:14","guid":{"rendered":"https:\/\/www.europesays.com\/fr\/591673\/"},"modified":"2025-12-11T00:06:14","modified_gmt":"2025-12-11T00:06:14","slug":"relegable-en-ligue-1-le-fc-nantes-se-separe-de-son-coach-luis-castro","status":"publish","type":"post","link":"https:\/\/www.europesays.com\/fr\/591673\/","title":{"rendered":"Rel\u00e9gable en Ligue 1, le FC Nantes se s\u00e9pare de son coach Luis Castro"},"content":{"rendered":"<p>Le <a href=\"https:\/\/www.20minutes.fr\/sport\/fc_nantes\/\" target=\"_blank\" class=\"c-link c-link--is-underlined\" rel=\"noopener\">FC Nantes<\/a> a limog\u00e9 mercredi son entra\u00eeneur <a href=\"https:\/\/www.20minutes.fr\/sport\/football\/ligue-1\/4157946-20250611-fc-nantes-coach-dunkerque-luis-castro-arrive-banc-canaris\" target=\"_blank\" class=\"c-link c-link--is-underlined\" rel=\"noopener\">Luis Castro<\/a>, arriv\u00e9 cet \u00e9t\u00e9, apr\u00e8s la d\u00e9faite contre <a href=\"https:\/\/www.20minutes.fr\/sport\/rc_lens\/\" target=\"_blank\" class=\"c-link c-link--is-underlined\" rel=\"noopener\">Lens<\/a> (2-1) qui a fait glisser le club \u00e0 la 17e place. Selon une source proche du club, la d\u00e9cision confirme la faible tol\u00e9rance de l\u2019\u00e8re Kita envers ses coachs. L\u2019\u00e9pisode a \u00e9t\u00e9 d\u2019autant plus singulier que le Portugais venait encore d\u2019assurer la conf\u00e9rence de presse avant le d\u00e9placement \u00e0 Angers, avant d\u2019\u00eatre officiellement remerci\u00e9 quelques heures plus tard.<\/p>\n<p>Ce d\u00e9part intervient au terme de quarante-huit heures mouvement\u00e9es\u00a0: les dirigeants ont d\u2019abord tent\u00e9 de recruter Will Still, qui a d\u00e9clin\u00e9, puis envisag\u00e9 de maintenir Luis Castro jusqu\u2019\u00e0 la tr\u00eave. Ahmed Kantari, ancien adjoint d\u2019Antoine Kombouar\u00e9, devrait finalement prendre place sur le banc. Dans le m\u00eame temps, St\u00e9phane Ziani a refus\u00e9 un r\u00f4le de \u00ab\u00a0coordinateur\u00a0\u00bb ou \u00ab\u00a0directeur\u00a0\u00bb sportif, jugeant la d\u00e9finition du poste trop floue.<\/p>\n<\/p>\n<p>Des attentes\u2026 et une grosse d\u00e9ception<\/p>\n<p>L\u2019arriv\u00e9e de Luis Castro avait pourtant nourri des attentes \u00e9lev\u00e9es. Formateur reconnu, vainqueur de la Youth League avec <a href=\"https:\/\/www.20minutes.fr\/sport\/benfica\/\" target=\"_blank\" class=\"c-link c-link--is-underlined\" rel=\"noopener\">Benfica<\/a> et artisan du parcours remarqu\u00e9 de <a href=\"https:\/\/www.20minutes.fr\/sport\/usl-dunkerque\/\" target=\"_blank\" class=\"c-link c-link--is-underlined\" rel=\"noopener\">Dunkerque<\/a> la saison derni\u00e8re, il devait relancer une identit\u00e9 de jeu plus ambitieuse et donner davantage de place aux jeunes, dans un contexte budg\u00e9taire en forte contraction. Mais son bilan (deux victoires et cinq nuls en quinze journ\u00e9es) est le plus faible de l\u2019\u00e8re <a href=\"https:\/\/www.20minutes.fr\/dossier\/waldemar_kita\" target=\"_blank\" class=\"c-link c-link--is-underlined\" rel=\"noopener\">Kita<\/a>, aggrav\u00e9 par un recrutement insuffisant, des blessures cl\u00e9s et un pressing tr\u00e8s haut rapidement apparu trop fragile pour un effectif si jeune.<\/p>\n<p><a href=\"https:\/\/www.20minutes.fr\/sport\/fc_nantes\/\" target=\"_blank\" class=\"c-link c-btn c-btn--primary\" rel=\"noopener\">Notre dossier sur le FC Nantes<\/a><\/p>\n<p>Ce limogeage ne r\u00e8gle cependant que partiellement la crise. Le maintien en <a href=\"https:\/\/www.20minutes.fr\/sport\/ligue-1\/\" target=\"_blank\" class=\"c-link c-link--is-underlined\" rel=\"noopener\">Ligue 1<\/a> passera par un <a href=\"https:\/\/www.20minutes.fr\/sport\/mercato\/\" target=\"_blank\" class=\"c-link c-link--is-underlined\" rel=\"noopener\">mercato<\/a> d\u2019hiver plus efficace et, surtout, par une remise en question des m\u00e9thodes qui conduisent r\u00e9guli\u00e8rement le club dans l\u2019urgence. La situation actuelle d\u00e9passe largement le cas de Luis Castro et souligne les limites structurelles d\u2019un mod\u00e8le qui peine \u00e0 se stabiliser.<\/p>\n","protected":false},"excerpt":{"rendered":"Le FC Nantes a limog\u00e9 mercredi son entra\u00eeneur Luis Castro, arriv\u00e9 cet \u00e9t\u00e9, apr\u00e8s la d\u00e9faite contre Lens&hellip;\n","protected":false},"author":2,"featured_media":591674,"comment_status":"","ping_status":"","sticky":false,"template":"","format":"standard","meta":{"footnotes":""},"categories":[2],"tags":[11,1430,1994,462,63,1011,27,414,66,12,517,30694],"class_list":{"0":"post-591673","1":"post","2":"type-post","3":"status-publish","4":"format-standard","5":"has-post-thumbnail","7":"category-actualites","8":"tag-actualites","9":"tag-benfica","10":"tag-entraineur","11":"tag-fc-nantes","12":"tag-football","13":"tag-fr","14":"tag-france","15":"tag-licenciement","16":"tag-ligue-1","17":"tag-news","18":"tag-sport","19":"tag-waldemar-kita"},"share_on_mastodon":{"url":"","error":""},"_links":{"self":[{"href":"https:\/\/www.europesays.com\/fr\/wp-json\/wp\/v2\/posts\/591673","targetHints":{"allow":["GET"]}}],"collection":[{"href":"https:\/\/www.europesays.com\/fr\/wp-json\/wp\/v2\/posts"}],"about":[{"href":"https:\/\/www.europesays.com\/fr\/wp-json\/wp\/v2\/types\/post"}],"author":[{"embeddable":true,"href":"https:\/\/www.europesays.com\/fr\/wp-json\/wp\/v2\/users\/2"}],"replies":[{"embeddable":true,"href":"https:\/\/www.europesays.com\/fr\/wp-json\/wp\/v2\/comments?post=591673"}],"version-history":[{"count":0,"href":"https:\/\/www.europesays.com\/fr\/wp-json\/wp\/v2\/posts\/591673\/revisions"}],"wp:featuredmedia":[{"embeddable":true,"href":"https:\/\/www.europesays.com\/fr\/wp-json\/wp\/v2\/media\/591674"}],"wp:attachment":[{"href":"https:\/\/www.europesays.com\/fr\/wp-json\/wp\/v2\/media?parent=591673"}],"wp:term":[{"taxonomy":"category","embeddable":true,"href":"https:\/\/www.europesays.com\/fr\/wp-json\/wp\/v2\/categories?post=591673"},{"taxonomy":"post_tag","embeddable":true,"href":"https:\/\/www.europesays.com\/fr\/wp-json\/wp\/v2\/tags?post=591673"}],"curies":[{"name":"wp","href":"https:\/\/api.w.org\/{rel}","templated":true}]}}