{"id":591681,"date":"2025-12-11T00:10:44","date_gmt":"2025-12-11T00:10:44","guid":{"rendered":"https:\/\/www.europesays.com\/fr\/591681\/"},"modified":"2025-12-11T00:10:44","modified_gmt":"2025-12-11T00:10:44","slug":"exposition-petites-creches-du-monde","status":"publish","type":"post","link":"https:\/\/www.europesays.com\/fr\/591681\/","title":{"rendered":"Exposition\u00a0\u00ab Petites cr\u00e8ches du monde"},"content":{"rendered":"<p>L\u2019exposition propos\u00e9e par l\u2019association Grammont Haute Comt\u00e9 et intitul\u00e9e \u00ab\u00a0Petites cr\u00e8ches du monde\u00a0: souvenirs de voyage\u00a0\u00bb propose un extrait d\u2019une quarantaine de cr\u00e8ches de la collection priv\u00e9e de Louis de Menton, provenant du ch\u00e2teau de Saint-Loup Nantouard (Haute-Sa\u00f4ne). En parall\u00e8le est pr\u00e9sent\u00e9e une autre exposition de quinze cr\u00e8ches confectionn\u00e9es par les \u00e9l\u00e8ves des \u00e9coles du Sacr\u00e9-C\u0153ur d\u2019Amancey et Sainte-Marie d\u2019Ornans. Entr\u00e9e libre.<\/p>\n<p class=\"note\">Exposition visible les mercredis, jeudis, vendredis et samedis de 14\u00a0h \u00e0 18\u00a0h, jusqu\u2019au 10\u00a0janvier 2026 au centre dioc\u00e9sain &#8211; 20, rue de Megevand \u00e0 Besan\u00e7on.<\/p>\n","protected":false},"excerpt":{"rendered":"L\u2019exposition propos\u00e9e par l\u2019association Grammont Haute Comt\u00e9 et intitul\u00e9e \u00ab\u00a0Petites cr\u00e8ches du monde\u00a0: souvenirs de voyage\u00a0\u00bb propose un&hellip;\n","protected":false},"author":2,"featured_media":591682,"comment_status":"","ping_status":"","sticky":false,"template":"","format":"standard","meta":{"footnotes":""},"categories":[9635],"tags":[1111,11,10112,14382,1687,14383,1777,674,1011,27,775,1702,12,25],"class_list":{"0":"post-591681","1":"post","2":"type-post","3":"status-publish","4":"format-standard","5":"has-post-thumbnail","7":"category-nancy","8":"tag-actu","9":"tag-actualites","10":"tag-besancon","11":"tag-besancon-ville-25a","12":"tag-culture-loisirs","13":"tag-edition-besancon","14":"tag-eu","15":"tag-europe","16":"tag-fr","17":"tag-france","18":"tag-grand-est","19":"tag-nancy","20":"tag-news","21":"tag-republique-francaise"},"share_on_mastodon":{"url":"https:\/\/pubeurope.com\/@fr\/115698035829452304","error":""},"_links":{"self":[{"href":"https:\/\/www.europesays.com\/fr\/wp-json\/wp\/v2\/posts\/591681","targetHints":{"allow":["GET"]}}],"collection":[{"href":"https:\/\/www.europesays.com\/fr\/wp-json\/wp\/v2\/posts"}],"about":[{"href":"https:\/\/www.europesays.com\/fr\/wp-json\/wp\/v2\/types\/post"}],"author":[{"embeddable":true,"href":"https:\/\/www.europesays.com\/fr\/wp-json\/wp\/v2\/users\/2"}],"replies":[{"embeddable":true,"href":"https:\/\/www.europesays.com\/fr\/wp-json\/wp\/v2\/comments?post=591681"}],"version-history":[{"count":0,"href":"https:\/\/www.europesays.com\/fr\/wp-json\/wp\/v2\/posts\/591681\/revisions"}],"wp:featuredmedia":[{"embeddable":true,"href":"https:\/\/www.europesays.com\/fr\/wp-json\/wp\/v2\/media\/591682"}],"wp:attachment":[{"href":"https:\/\/www.europesays.com\/fr\/wp-json\/wp\/v2\/media?parent=591681"}],"wp:term":[{"taxonomy":"category","embeddable":true,"href":"https:\/\/www.europesays.com\/fr\/wp-json\/wp\/v2\/categories?post=591681"},{"taxonomy":"post_tag","embeddable":true,"href":"https:\/\/www.europesays.com\/fr\/wp-json\/wp\/v2\/tags?post=591681"}],"curies":[{"name":"wp","href":"https:\/\/api.w.org\/{rel}","templated":true}]}}