{"id":591690,"date":"2025-12-11T00:20:47","date_gmt":"2025-12-11T00:20:47","guid":{"rendered":"https:\/\/www.europesays.com\/fr\/591690\/"},"modified":"2025-12-11T00:20:47","modified_gmt":"2025-12-11T00:20:47","slug":"la-b-o-de-linno-le-podcast-des-innovateurs-avec-thomas-lonjaret-minmax-medical","status":"publish","type":"post","link":"https:\/\/www.europesays.com\/fr\/591690\/","title":{"rendered":"La B.O. de l&rsquo;Inno : le podcast des innovateurs avec Thomas Lonjaret (MinMax M\u00e9dical)"},"content":{"rendered":"<p class=\"bref-chapo\">La B.O. de l\u2019Inno revient pour une saison 2 plac\u00e9e sous le signe de l\u2019audace et de la cr\u00e9ativit\u00e9. Pour ce sixi\u00e8me\u00a0\u00e9pisode de ce\u00a0podcast coproduit par Bref Eco, plus2sens et ATS Studios, nous sommes all\u00e9s \u00e0 la rencontre de Thomas Lonjaret, directeur g\u00e9n\u00e9ral de MinMaxM\u00e9dical, coup de c\u0153ur des Troph\u00e9es Bref Eco de l&rsquo;Innovation 2024.<\/p>\n<p>Pour ce sixi\u00e8me\u00a0\u00e9pisode de la saison 2\u00a0de\u00a0La B.O. de l&rsquo;Inno, nous avons \u00e9chang\u00e9 avec Thomas Lonjaret, CEO de l&rsquo;entreprise MinMaxMedical, cr\u00e9\u00e9e en 2008 sur le bassin grenoblois. Coup de c\u0153ur du jury des\u00a0Troph\u00e9es Bref Eco de l&rsquo;Innovation 2024, <a href=\"https:\/\/www.brefeco.com\/actualite\/sante\/minmaxmedical-leve-95-meu-pour-booster-ses-capacites-industrielles\" target=\"_blank\" rel=\"noopener\">MinMax M\u00e9dical <\/a>a \u00e9t\u00e9 r\u00e9compens\u00e9e pour le \u00ab\u00a0bras articul\u00e9 de dix axes\u00a0\u00bb qu&rsquo;elle d\u00e9veloppe pour les\u00a0chirurgiens.<\/p>\n<p>\u00ab\u00a0Nos cartons de R &amp; D sont pleins d&rsquo;id\u00e9es sur le futur de la chirurgie\u00a0\u00bb, explique\u00a0Thomas Lonjaret qui s&rsquo;est pris de passion pour les robots. Ce passionn\u00e9 de la tech en g\u00e9n\u00e9ral et de Star Wars en particulier (et bien \u00e9videmment de R2D2, le robot \u00ab\u00a0astrom\u00e9cano\u00a0\u00bb sur qui on peut compter) a trouv\u00e9 \u00e0 Grenoble un \u00e9cosyst\u00e8me favorable pour mener \u00e0 bien l&rsquo;ambitieux projet de\u00a0MinMax M\u00e9dical de devenir le premier fabricant de robots chirurgicaux pour l&rsquo;orthop\u00e9die.<\/p>\n<p>Pour ce passionn\u00e9 d&rsquo;histoire, les limites de\u00a0la robotique semblent infinies \u00ab\u00a0avec l&rsquo;av\u00e8nement de la physicalAI pour que les robots apprennent \u00e0 bouger non pas selon des programmes\u00a0mais qu&rsquo;ils apprennent tout seul \u00e0 bouger correctement\u00a0\u00bb.<\/p>\n<p>Son\u00a0conseil\u00a0d&rsquo;entrepreneur\u00a0? \u00ab\u00a0Croire en son id\u00e9e, mais \u00eatre pr\u00eat \u00e0 la changer \u00e0 tout moment\u00a0\u00bb<\/p>\n<p class=\"bref-intertitre\">A la fin de l&rsquo;\u00e9pisode, d\u00e9couvrez sa B.O de l&rsquo;Inno, cr\u00e9\u00e9e par\u00a0Marco Busetta, directeur de cr\u00e9ation chez\u00a0ATS Studios.<\/p>\n<p>\u00a0<\/p>\n<\/p>\n<p class=\"bref-intertitre\">\u00a0<\/p>\n<p class=\"bref-intertitre\">D\u00e9couvrez tous les \u00e9pisodes\u00a0de La B.O. l&rsquo;Inno en cliquant ici\u00a0:<\/p>\n<p class=\"bref-intertitre\"><a href=\"https:\/\/www.brefeco.com\/lp\/podcasts\/la-BO-de-l-inno\/\" target=\"_blank\" rel=\"noopener\"><img decoding=\"async\" alt=\"\" src=\"https:\/\/www.europesays.com\/fr\/wp-content\/uploads\/2025\/07\/saison2-600x224.jpg\" style=\"max-width: 600px; width: 100%; height: auto;\"\/><\/a><\/p>\n","protected":false},"excerpt":{"rendered":"La B.O. de l\u2019Inno revient pour une saison 2 plac\u00e9e sous le signe de l\u2019audace et de la&hellip;\n","protected":false},"author":2,"featured_media":591691,"comment_status":"","ping_status":"","sticky":false,"template":"","format":"standard","meta":{"footnotes":""},"categories":[9566],"tags":[1111,11,2430,1777,674,1011,27,2731,12,25],"class_list":{"0":"post-591690","1":"post","2":"type-post","3":"status-publish","4":"format-standard","5":"has-post-thumbnail","7":"category-grenoble","8":"tag-actu","9":"tag-actualites","10":"tag-auvergne-rhone-alpes","11":"tag-eu","12":"tag-europe","13":"tag-fr","14":"tag-france","15":"tag-grenoble","16":"tag-news","17":"tag-republique-francaise"},"share_on_mastodon":{"url":"https:\/\/pubeurope.com\/@fr\/115698080270398354","error":""},"_links":{"self":[{"href":"https:\/\/www.europesays.com\/fr\/wp-json\/wp\/v2\/posts\/591690","targetHints":{"allow":["GET"]}}],"collection":[{"href":"https:\/\/www.europesays.com\/fr\/wp-json\/wp\/v2\/posts"}],"about":[{"href":"https:\/\/www.europesays.com\/fr\/wp-json\/wp\/v2\/types\/post"}],"author":[{"embeddable":true,"href":"https:\/\/www.europesays.com\/fr\/wp-json\/wp\/v2\/users\/2"}],"replies":[{"embeddable":true,"href":"https:\/\/www.europesays.com\/fr\/wp-json\/wp\/v2\/comments?post=591690"}],"version-history":[{"count":0,"href":"https:\/\/www.europesays.com\/fr\/wp-json\/wp\/v2\/posts\/591690\/revisions"}],"wp:featuredmedia":[{"embeddable":true,"href":"https:\/\/www.europesays.com\/fr\/wp-json\/wp\/v2\/media\/591691"}],"wp:attachment":[{"href":"https:\/\/www.europesays.com\/fr\/wp-json\/wp\/v2\/media?parent=591690"}],"wp:term":[{"taxonomy":"category","embeddable":true,"href":"https:\/\/www.europesays.com\/fr\/wp-json\/wp\/v2\/categories?post=591690"},{"taxonomy":"post_tag","embeddable":true,"href":"https:\/\/www.europesays.com\/fr\/wp-json\/wp\/v2\/tags?post=591690"}],"curies":[{"name":"wp","href":"https:\/\/api.w.org\/{rel}","templated":true}]}}