{"id":591692,"date":"2025-12-11T00:22:18","date_gmt":"2025-12-11T00:22:18","guid":{"rendered":"https:\/\/www.europesays.com\/fr\/591692\/"},"modified":"2025-12-11T00:22:18","modified_gmt":"2025-12-11T00:22:18","slug":"hockey-sur-glace-et-si-les-bruleurs-de-loups-investissaient-le-palais-des-sports-de-grenoble","status":"publish","type":"post","link":"https:\/\/www.europesays.com\/fr\/591692\/","title":{"rendered":"Hockey sur glace. Et si les Br\u00fbleurs de loups investissaient le Palais des sports de Grenoble\u00a0?"},"content":{"rendered":"<p>Verra-t-on dans les prochaines ann\u00e9es du hockey sur glace dans le <a href=\"https:\/\/www.ledauphine.com\/p\/palais-des-sports-de-grenoble\" target=\"_blank\" rel=\"nofollow noopener\">Palais des sports de Grenoble<\/a>\u00a0? Si aujourd\u2019hui, le projet n\u2019est qu\u2019une utopie, le pr\u00e9sident du club de hockey sur glace de Grenoble, <a href=\"https:\/\/www.ledauphine.com\/p\/jacques-reboh\" target=\"_blank\" rel=\"nofollow noopener\">Jacques Reboh<\/a>, en est persuad\u00e9\u00a0: il y a quelque chose \u00e0 faire dans l\u2019\u00e9quipement grenoblois.<\/p>\n<p>Construit pour les Jeux olympiques de Grenoble de 1968, le b\u00e2timent a accueilli plusieurs \u00e9v\u00e9nements sportifs (finale de la Coupe Davis en 1982, les Six Jours de Grenoble en cyclisme, par exemple), mais aussi de nombreux artistes.<\/p>\n<p>Seulement, plusieurs acteurs pointent du doigt <a href=\"https:\/\/www.ledauphine.com\/societe\/2025\/02\/28\/isere-grenoble-etat-preoccupant-du-palais-des-sports-je-ne-nie-pas-les-difficultes-mais\" target=\"_blank\" rel=\"nofollow noopener\"> un \u00e9quipement vieillissant et trop peu utilis\u00e9.<\/a> C\u2019est ici que le pr\u00e9sident du club de Grenoble entre en jeu pour faire \u00e9voluer le Palais des sports, <a href=\"https:\/\/www.ledauphine.com\/isere-sud\/2014\/06\/15\/piolle-annonce-la-fin-d-une-ere-au-palais-des-sports-mfzf\" target=\"_blank\" rel=\"nofollow noopener\">g\u00e9r\u00e9 depuis 2015 par la&#8230;<\/a><\/p>\n","protected":false},"excerpt":{"rendered":"Verra-t-on dans les prochaines ann\u00e9es du hockey sur glace dans le Palais des sports de Grenoble\u00a0? Si aujourd\u2019hui,&hellip;\n","protected":false},"author":2,"featured_media":591693,"comment_status":"","ping_status":"","sticky":false,"template":"","format":"standard","meta":{"footnotes":""},"categories":[9566],"tags":[1111,11,2430,112,1777,674,107,1011,27,2731,2732,4133,10145,108,12,316,25,517],"class_list":{"0":"post-591692","1":"post","2":"type-post","3":"status-publish","4":"format-standard","5":"has-post-thumbnail","7":"category-grenoble","8":"tag-actu","9":"tag-actualites","10":"tag-auvergne-rhone-alpes","11":"tag-edition-grenoble-agglomeration","12":"tag-eu","13":"tag-europe","14":"tag-fil-info","15":"tag-fr","16":"tag-france","17":"tag-grenoble","18":"tag-grenoble-bassin","19":"tag-hockey-sur-glace","20":"tag-hockey-sur-glace-grenoble","21":"tag-isere","22":"tag-news","23":"tag-politique","24":"tag-republique-francaise","25":"tag-sport"},"share_on_mastodon":{"url":"https:\/\/pubeurope.com\/@fr\/115698083019187029","error":""},"_links":{"self":[{"href":"https:\/\/www.europesays.com\/fr\/wp-json\/wp\/v2\/posts\/591692","targetHints":{"allow":["GET"]}}],"collection":[{"href":"https:\/\/www.europesays.com\/fr\/wp-json\/wp\/v2\/posts"}],"about":[{"href":"https:\/\/www.europesays.com\/fr\/wp-json\/wp\/v2\/types\/post"}],"author":[{"embeddable":true,"href":"https:\/\/www.europesays.com\/fr\/wp-json\/wp\/v2\/users\/2"}],"replies":[{"embeddable":true,"href":"https:\/\/www.europesays.com\/fr\/wp-json\/wp\/v2\/comments?post=591692"}],"version-history":[{"count":0,"href":"https:\/\/www.europesays.com\/fr\/wp-json\/wp\/v2\/posts\/591692\/revisions"}],"wp:featuredmedia":[{"embeddable":true,"href":"https:\/\/www.europesays.com\/fr\/wp-json\/wp\/v2\/media\/591693"}],"wp:attachment":[{"href":"https:\/\/www.europesays.com\/fr\/wp-json\/wp\/v2\/media?parent=591692"}],"wp:term":[{"taxonomy":"category","embeddable":true,"href":"https:\/\/www.europesays.com\/fr\/wp-json\/wp\/v2\/categories?post=591692"},{"taxonomy":"post_tag","embeddable":true,"href":"https:\/\/www.europesays.com\/fr\/wp-json\/wp\/v2\/tags?post=591692"}],"curies":[{"name":"wp","href":"https:\/\/api.w.org\/{rel}","templated":true}]}}