{"id":591694,"date":"2025-12-11T00:25:08","date_gmt":"2025-12-11T00:25:08","guid":{"rendered":"https:\/\/www.europesays.com\/fr\/591694\/"},"modified":"2025-12-11T00:25:08","modified_gmt":"2025-12-11T00:25:08","slug":"nathalie-appere-avait-promis-douvrir-une-nouvelle-page-pour-la-culture-a-rennes-ou-en-est-on-cinq-ans-apres","status":"publish","type":"post","link":"https:\/\/www.europesays.com\/fr\/591694\/","title":{"rendered":"Nathalie App\u00e9r\u00e9 avait promis d\u2019ouvrir une \u00ab\u00a0nouvelle page\u00a0\u00bb pour la culture \u00e0 Rennes\u00a0: o\u00f9 en est-on cinq ans apr\u00e8s\u00a0?"},"content":{"rendered":"<p>1 Gratuit\u00e9 des biblioth\u00e8ques et mus\u00e9es<\/p>\n<p>C\u2019est fait : en septembre 2020, les abonnements \u00e0 la biblioth\u00e8que des Champs libres ont \u00e9t\u00e9 rendus gratuits pour tous ses usagers, de m\u00eame que dans 11 biblioth\u00e8ques d\u00e9pendantes de la Ville. Les Rennais peuvent aussi acc\u00e9der gratuitement aux collections permanentes de l\u2019\u00e9comus\u00e9e du Pays de Rennes, du mus\u00e9e de Bretagne et du mus\u00e9e des Beaux-Arts -l\u2019entr\u00e9e des collections temporaires reste payante.<\/p>\n<p>2 Culture dans les quartiers<\/p>\n<p>\u00ab Multiplier les lieux de culture dans les quartiers. \u00bb La promesse de 2020 s\u2019accompagnait d\u2019annonces qui n\u2019en \u00e9taient pas vraiment. La premi\u00e8re pierre du conservatoire du Blosne avait \u00e9t\u00e9 pos\u00e9e en 2019. Le p\u00f4le jeune public \u00e0 Ropartz \u00e9tait en discussion. Les nouveaux locaux de l\u2019Antipode et du cin\u00e9ma L\u2019Arvor accusaient d\u00e9j\u00e0 d\u2019un petit retard. Plus surprenant \u00e9tait le lancement en 2025 de<a href=\"https:\/\/www.letelegramme.fr\/ille-et-vilaine\/rennes-35000\/un-tour-de-force-quand-un-journal-suisse-encense-une-decision-politique-de-la-ville-de-rennes-6855359.php\" target=\"_blank\" rel=\"noopener\"> l\u2019antenne du mus\u00e9e des Beaux-arts dans le quartier de Maurepas, une initiative remarqu\u00e9e \u00e0 l\u2019international<\/a>. Le \u00ab p\u00f4le associatif d\u00e9di\u00e9 \u00e0 l\u2019image \u00bb dans l\u2019ancien cin\u00e9ma L\u2019Arvor est, lui, rest\u00e9 dans les cartons.<\/p>\n<p>3 Accompagnement des caf\u00e9s-concerts<\/p>\n<p>Les Rennais aiment la f\u00eate, sauf, diront certains voisins, quand elle a lieu sous leurs fen\u00eatres. C\u2019est pourquoi Nathalie App\u00e9r\u00e9 promettait \u00ab un plan d\u2019accompagnement pour les caf\u00e9s-concerts, concernant l\u2019aide \u00e0 l\u2019emploi et\/ou l\u2019isolation phonique et \u00e9nerg\u00e9tique \u00bb. La Ville, engag\u00e9e dans le Groupement d\u2019int\u00e9r\u00eat public (GIP) Caf\u00e9 cultures depuis 2015, met en avant la cr\u00e9ation, en 2023, d\u2019un \u00ab nouveau fonds \u00bb destin\u00e9 aux employeurs occasionnels et a renforc\u00e9 son soutien en augmentant sa subvention au GIP \u00ab \u00e0 hauteur de 25 000 \u20ac en 2025 contre 20 000 \u20ac en 2021 \u00bb.<\/p>\n<p><img decoding=\"async\" src=\"https:\/\/www.europesays.com\/fr\/wp-content\/uploads\/2025\/12\/69306f4a09849f07e4045454.1.jpeg\" width=\"480\" height=\"300\" class=\"web_golden_m\" loading=\"lazy\" alt=\"Nathalie App\u00e9r\u00e9 promettait \u00ab\u00a0un plan d\u2019accompagnement pour les caf\u00e9s-concerts, concernant l\u2019aide \u00e0 l\u2019emploi et\/ou l\u2019isolation phonique et \u00e9nerg\u00e9tique\u00a0\u00bb.\"\/>Nathalie App\u00e9r\u00e9 promettait \u00ab\u00a0un plan d\u2019accompagnement pour les caf\u00e9s-concerts, concernant l\u2019aide \u00e0 l\u2019emploi et\/ou l\u2019isolation phonique et \u00e9nerg\u00e9tique\u00a0\u00bb. (Le Mensuel de Rennes\/David Brunet)4 \u00ab Aucune baisse du budget global d\u00e9di\u00e9 aux associations \u00bb<\/p>\n<p><a href=\"https:\/\/www.letelegramme.fr\/ille-et-vilaine\/rennes-35000\/petit-a-petit-largent-public-disparait-vent-de-crise-sur-la-culture-a-rennes-6882495.php\" target=\"_blank\" rel=\"noopener\">Les difficult\u00e9s rencontr\u00e9es aujourd\u2019hui par les assos culturelles<\/a> \u00ab rel\u00e8vent principalement du contexte inflationniste et des baisses de financements de la part de l\u2019\u00c9tat et du D\u00e9partement d\u2019Ille-et-Vilaine \u00bb, qui a diminu\u00e9 de moiti\u00e9 ses d\u00e9penses culturelles, se d\u00e9fendent la Ville et la M\u00e9tropole. Qui rappellent qu\u2019elles \u00ab ont augment\u00e9, sur ce mandat, leurs subventions au secteur de la culture \u00bb. De 2021 \u00e0 2024, les d\u00e9penses globales de la politique culturelle sont pass\u00e9es de 30,80 M\u20ac \u00e0 37,10 M\u20ac (Ville) et de 24,9 m \u00e0 25,40 M\u20ac (M\u00e9tropole). Le montant des subventions de fonctionnement aux associations a aussi augment\u00e9.<\/p>\n<p>5 \u00c9nergie : \u00e9viter le court-jus<\/p>\n<p>Toujours dans la cat\u00e9gorie \u00ab soutien \u00e0 la culture \u00bb, les grandes salles <a href=\"https:\/\/www.letelegramme.fr\/ille-et-vilaine\/rennes-35000\/a-rennes-comment-les-lieux-culturels-font-face-a-la-crise-de-l-energie-1667658.php\" target=\"_blank\" rel=\"noopener\">ont senti passer la flamb\u00e9e de la facture d\u2019\u00e9nergie<\/a> apr\u00e8s le d\u00e9but de la guerre en Ukraine. Un op\u00e9ra, il faut bien le chauffer. Rennes a pris en charge \u00ab la gratuit\u00e9 des fluides (eau, \u00e9lectricit\u00e9, chauffage) pour l\u2019ensemble des associations et structures h\u00e9berg\u00e9es dans le patrimoine de la Ville \u00bb. Soit, pour certaines d\u2019entre elles, \u00ab une \u00e9conomie de plusieurs milliers d\u2019euros \u00bb.<\/p>\n<p>6 Un nouveau MusikHall, puis finalement non<\/p>\n<p>C\u2019est une promesse qui n\u2019a pas dur\u00e9. Nathalie App\u00e9r\u00e9 voulait construire \u00ab un nouveau Musikhall au Parc-expo \u00bb. Lors de la fusion d\u2019entre deux tours, les \u00e9colos ont mis leur veto et plaid\u00e9 pour la r\u00e9novation de l\u2019actuel \u00e9quipement. Bilan : la salle de spectacle sera r\u00e9nov\u00e9e et toujours exploit\u00e9e via une d\u00e9l\u00e9gation de service public. Le chantier sera achev\u00e9 en 2028 pour un montant de 17 M\u20ac. Moins cher qu\u2019un Z\u00e9nith tout neuf, justifie Rennes m\u00e9tropole.<\/p>\n<p><img decoding=\"async\" src=\"https:\/\/www.europesays.com\/fr\/wp-content\/uploads\/2025\/12\/69306f4a1c85a9e706081fa0.1.jpeg\" width=\"480\" height=\"300\" class=\"web_golden_m\" loading=\"lazy\" alt=\"D\u00e9saffect\u00e9e depuis 2010, la prison Jacques-Cartier a \u00e9t\u00e9 rachet\u00e9e par la ville et sera temporairement occup\u00e9e par le collectif artistique Les Circaciers.\"\/>D\u00e9saffect\u00e9e depuis 2010, la prison Jacques-Cartier a \u00e9t\u00e9 rachet\u00e9e par la ville et sera temporairement occup\u00e9e par le collectif artistique Les Circaciers. (Le T\u00e9l\u00e9gramme\/David Brunet)7 \u00c9tats G\u00e9n\u00e9raux de la vie associative<\/p>\n<p>Pr\u00e9vus dans le programme commun, les \u00c9tats G\u00e9n\u00e9raux de la vie associative ont bien eu lieu, du 22 novembre au 9 d\u00e9cembre 2022. 165 structures rennaises (pas seulement culturelles) ont particip\u00e9 \u00e0 des ateliers et \u00e9changes qui ont d\u00e9bouch\u00e9 sur une \u00ab Charte des engagements \u00bb. Ce document affirme la place des assos dans les politiques locales, le renforcement des pratiques et usages \u00e9co-responsables et la mutualisation des ressources.<\/p>\n<p>8 La prison rouvre ses portes<\/p>\n<p>D\u00e9saffect\u00e9e depuis 2010, la prison Jacques-Cartier a \u00e9t\u00e9 rachet\u00e9e par la ville et sera temporairement occup\u00e9e par le collectif artistique Les Circaciers pour un projet centr\u00e9 notamment sur \u00ab l\u2019artisanat de proximit\u00e9 \u00bb, avec l\u2019association Tout atout. Une initiative \u00ab autour de la cr\u00e9ation artistique, de la formation et de la transmission \u00bb, <a href=\"https:\/\/www.letelegramme.fr\/ille-et-vilaine\/rennes-35000\/renouveau-de-la-prison-jacques-cartier-a-rennes-le-futur-occupant-a-ete-choisi-6851917.php\" target=\"_blank\" rel=\"noopener\">selon Rozenn Andro, vice-pr\u00e9sidente m\u00e9tropolitaine d\u00e9l\u00e9gu\u00e9e \u00e0 la Culture.<\/a><\/p>\n","protected":false},"excerpt":{"rendered":"1 Gratuit\u00e9 des biblioth\u00e8ques et mus\u00e9es C\u2019est fait : en septembre 2020, les abonnements \u00e0 la biblioth\u00e8que des&hellip;\n","protected":false},"author":2,"featured_media":591695,"comment_status":"","ping_status":"","sticky":false,"template":"","format":"standard","meta":{"footnotes":""},"categories":[2821],"tags":[1111,11,829,3173,1777,674,1011,27,848,12,3364,584,25],"class_list":{"0":"post-591694","1":"post","2":"type-post","3":"status-publish","4":"format-standard","5":"has-post-thumbnail","7":"category-rennes","8":"tag-actu","9":"tag-actualites","10":"tag-bretagne","11":"tag-culture-a-rennes","12":"tag-eu","13":"tag-europe","14":"tag-fr","15":"tag-france","16":"tag-ille-et-vilaine","17":"tag-news","18":"tag-politique-a-rennes","19":"tag-rennes","20":"tag-republique-francaise"},"share_on_mastodon":{"url":"https:\/\/pubeurope.com\/@fr\/115698095921253264","error":""},"_links":{"self":[{"href":"https:\/\/www.europesays.com\/fr\/wp-json\/wp\/v2\/posts\/591694","targetHints":{"allow":["GET"]}}],"collection":[{"href":"https:\/\/www.europesays.com\/fr\/wp-json\/wp\/v2\/posts"}],"about":[{"href":"https:\/\/www.europesays.com\/fr\/wp-json\/wp\/v2\/types\/post"}],"author":[{"embeddable":true,"href":"https:\/\/www.europesays.com\/fr\/wp-json\/wp\/v2\/users\/2"}],"replies":[{"embeddable":true,"href":"https:\/\/www.europesays.com\/fr\/wp-json\/wp\/v2\/comments?post=591694"}],"version-history":[{"count":0,"href":"https:\/\/www.europesays.com\/fr\/wp-json\/wp\/v2\/posts\/591694\/revisions"}],"wp:featuredmedia":[{"embeddable":true,"href":"https:\/\/www.europesays.com\/fr\/wp-json\/wp\/v2\/media\/591695"}],"wp:attachment":[{"href":"https:\/\/www.europesays.com\/fr\/wp-json\/wp\/v2\/media?parent=591694"}],"wp:term":[{"taxonomy":"category","embeddable":true,"href":"https:\/\/www.europesays.com\/fr\/wp-json\/wp\/v2\/categories?post=591694"},{"taxonomy":"post_tag","embeddable":true,"href":"https:\/\/www.europesays.com\/fr\/wp-json\/wp\/v2\/tags?post=591694"}],"curies":[{"name":"wp","href":"https:\/\/api.w.org\/{rel}","templated":true}]}}