{"id":591696,"date":"2025-12-11T00:26:31","date_gmt":"2025-12-11T00:26:31","guid":{"rendered":"https:\/\/www.europesays.com\/fr\/591696\/"},"modified":"2025-12-11T00:26:31","modified_gmt":"2025-12-11T00:26:31","slug":"rennes-ce-que-lon-sait-sur-les-fusillades-du-week-end-dans-le-quartier-de-villejean","status":"publish","type":"post","link":"https:\/\/www.europesays.com\/fr\/591696\/","title":{"rendered":"Rennes : Ce que l\u2019on sait sur les fusillades du week-end dans le quartier de Villejean"},"content":{"rendered":"<p class=\"mb-4 text-lg md:leading-8 break-words\"><strong>NARCOTRAFIC &#8211; Plusieurs individus ont \u00e9t\u00e9 interpell\u00e9s et plac\u00e9s en garde \u00e0 vue apr\u00e8s les deux fusillades survenues en moins de 24 heures ce week-end dans le quartier de Villejean \u00e0 Rennes<\/strong><\/p>\n<p class=\"mb-4 text-lg md:leading-8 break-words\">Deux fusillades en moins de 24 heures. Le quartier de Villejean \u00e0 Rennes a connu ce week-end une nouvelle flamb\u00e9e de violence <a href=\"https:\/\/www.20minutes.fr\/dossier\/narcotrafiquants?at_medium=RSS%20feed&amp;at_campaign=ynews&amp;utm_source=yahoo&amp;utm_medium=rss&amp;utm_campaign=news_feed&amp;utm_content=in_article_link\" rel=\"nofollow noopener\" target=\"_blank\" data-ylk=\"slk:sur fond de narcotrafic;elm:context_link;itc:0;sec:content-canvas\" class=\"link \">sur fond de narcotrafic<\/a>. La premi\u00e8re s\u00e9rie de coups de feu a retenti vendredi 5\u00a0d\u00e9cembre vers 20 heures 30 \u00e0 proximit\u00e9 d\u2019un point de deal sur la dalle Kennedy. Un groupe de quatre individus, v\u00eatus de noir, cagoul\u00e9s et porteurs d\u2019armes longues et de poing ont fait irruption, visant \u00ab\u00a0vraisemblablement une personne ou un groupe de personne\u00a0\u00bb, indique ce mercredi dans un communiqu\u00e9 le parquet de Rennes. Aucune personne n\u2019a \u00e9t\u00e9 bless\u00e9e par les tirs.<\/p>\n<p class=\"mb-4 text-lg md:leading-8 break-words\">Dans cette premi\u00e8re affaire, trois individus \u00e2g\u00e9s de 20 \u00e0 26 ans ont \u00e9t\u00e9 interpell\u00e9s lundi 8\u00a0d\u00e9cembre en Bretagne, dans l\u2019Oise et en r\u00e9gion parisienne. Ils ont \u00e9t\u00e9 remis en libert\u00e9 apr\u00e8s leur garde \u00e0 vue. Deux d\u2019entre eux ont toutefois \u00e9t\u00e9 transf\u00e9r\u00e9s \u00e0 la Section de recherches de Rennes et plac\u00e9s en garde \u00e0 vue pour une autre affaire d\u2019enl\u00e8vement et de s\u00e9questration survenue le 27\u00a0novembre.<\/p>\n<p>Une arme longue cach\u00e9e dans les buissons<\/p>\n<p class=\"mb-4 text-lg md:leading-8 break-words\">Ce jour-l\u00e0, un jeune homme avait \u00e9t\u00e9 abandonn\u00e9 en pleine campagne, les v\u00eatements d\u00e9chir\u00e9s et <a href=\"https:\/\/www.20minutes.fr\/faits_divers\/4188721-20251129-rennes-vetements-dechires-balle-jambe-kidnappe-homme-abandonne-pleine-campagne?at_medium=RSS%20feed&amp;at_campaign=ynews&amp;utm_source=yahoo&amp;utm_medium=rss&amp;utm_campaign=news_feed&amp;utm_content=in_article_link\" rel=\"nofollow noopener\" target=\"_blank\" data-ylk=\"slk:avec une balle dans le genou;elm:context_link;itc:0;sec:content-canvas\" class=\"link \">avec une balle dans le genou<\/a>. \u00ab\u00a0L\u2019un des mis en cause pr\u00e9sent\u00e9 a d\u00e9j\u00e0 \u00e9t\u00e9 condamn\u00e9 \u00e0 de nombreuses reprises, dont une fois pour des faits similaires\u00a0\u00bb, pr\u00e9cise dans un communiqu\u00e9 Fr\u00e9d\u00e9ric Teillet, procureur de la R\u00e9publique de Rennes.<\/p>\n<p class=\"mb-4 text-lg md:leading-8 break-words\">Apr\u00e8s cette premi\u00e8re s\u00e9rie de coups de feu vendredi soir, quatre d\u00e9tonations ont encore r\u00e9sonn\u00e9 dans le quartier de Villejean samedi 6\u00a0d\u00e9cembre vers 19 heures.(&#8230;)<\/p>\n<p class=\"mb-4 text-lg md:leading-8 break-words\"><a href=\"https:\/\/www.20minutes.fr\/faits_divers\/faits-divers-rennes\/4190824-20251210-rennes-sait-fusillades-week-end-quartier-villejean?at_medium=RSS%20feed&amp;at_campaign=ynews&amp;utm_source=yahoo&amp;utm_medium=rss&amp;utm_campaign=news_feed&amp;utm_content=read_more_link&quot;\" rel=\"nofollow noopener\" target=\"_blank\" data-ylk=\"slk:Lire la suite sur 20minutes;elm:context_link;itc:0;sec:content-canvas\" class=\"link \">Lire la suite sur 20minutes<\/a><\/p>\n<p>\u00c0 lire aussi :<br \/><a href=\"https:\/\/www.20minutes.fr\/justice\/4190376-20251208-rennes-apres-week-end-sanglant-proces-narchomicide-ouvre-devant-assises?at_medium=RSS%20feed&amp;at_campaign=ynews&amp;utm_source=yahoo&amp;utm_medium=rss&amp;utm_campaign=news_feed&amp;utm_content=related_content_link\" rel=\"nofollow noopener\" target=\"_blank\" data-ylk=\"slk:Rennes\u00a0: Apr\u00e8s un week-end sanglant, un proc\u00e8s pour narchomicide s\u2019ouvre devant les assises;elm:context_link;itc:0;sec:content-canvas\" class=\"link \">Rennes\u00a0: Apr\u00e8s un week-end sanglant, un proc\u00e8s pour narchomicide s\u2019ouvre devant les assises<\/a><br \/><a href=\"https:\/\/www.20minutes.fr\/societe\/4190359-20251208-rennes-combat-perdu-nouveau-prefet-reste-optimiste-malgre-narchomicide?at_medium=RSS%20feed&amp;at_campaign=ynews&amp;utm_source=yahoo&amp;utm_medium=rss&amp;utm_campaign=news_feed&amp;utm_content=related_content_link\" rel=\"nofollow noopener\" target=\"_blank\" data-ylk=\"slk:Rennes\u00a0: \u00ab\u00a0Le combat n\u2019est pas perdu\u00a0\u00bb\u2026 Le nouveau pr\u00e9fet reste \u00ab\u00a0optimiste\u00a0\u00bb malgr\u00e9 le narchomicide;elm:context_link;itc:0;sec:content-canvas\" class=\"link \">Rennes\u00a0: \u00ab\u00a0Le combat n\u2019est pas perdu\u00a0\u00bb\u2026 Le nouveau pr\u00e9fet reste \u00ab\u00a0optimiste\u00a0\u00bb malgr\u00e9 le narchomicide<\/a><\/p>\n","protected":false},"excerpt":{"rendered":"NARCOTRAFIC &#8211; Plusieurs individus ont \u00e9t\u00e9 interpell\u00e9s et plac\u00e9s en garde \u00e0 vue apr\u00e8s les deux fusillades survenues&hellip;\n","protected":false},"author":2,"featured_media":591697,"comment_status":"","ping_status":"","sticky":false,"template":"","format":"standard","meta":{"footnotes":""},"categories":[2821],"tags":[25149,1111,11,829,5143,1777,674,1011,27,7774,18250,12,3764,584,25,5375],"class_list":{"0":"post-591696","1":"post","2":"type-post","3":"status-publish","4":"format-standard","5":"has-post-thumbnail","7":"category-rennes","8":"tag-24-heures","9":"tag-actu","10":"tag-actualites","11":"tag-bretagne","12":"tag-coups-de-feu","13":"tag-eu","14":"tag-europe","15":"tag-fr","16":"tag-france","17":"tag-garde-a-vue","18":"tag-le-quartier","19":"tag-news","20":"tag-procureur-de-la-republique","21":"tag-rennes","22":"tag-republique-francaise","23":"tag-villejean"},"share_on_mastodon":{"url":"https:\/\/pubeurope.com\/@fr\/115698098731897264","error":""},"_links":{"self":[{"href":"https:\/\/www.europesays.com\/fr\/wp-json\/wp\/v2\/posts\/591696","targetHints":{"allow":["GET"]}}],"collection":[{"href":"https:\/\/www.europesays.com\/fr\/wp-json\/wp\/v2\/posts"}],"about":[{"href":"https:\/\/www.europesays.com\/fr\/wp-json\/wp\/v2\/types\/post"}],"author":[{"embeddable":true,"href":"https:\/\/www.europesays.com\/fr\/wp-json\/wp\/v2\/users\/2"}],"replies":[{"embeddable":true,"href":"https:\/\/www.europesays.com\/fr\/wp-json\/wp\/v2\/comments?post=591696"}],"version-history":[{"count":0,"href":"https:\/\/www.europesays.com\/fr\/wp-json\/wp\/v2\/posts\/591696\/revisions"}],"wp:featuredmedia":[{"embeddable":true,"href":"https:\/\/www.europesays.com\/fr\/wp-json\/wp\/v2\/media\/591697"}],"wp:attachment":[{"href":"https:\/\/www.europesays.com\/fr\/wp-json\/wp\/v2\/media?parent=591696"}],"wp:term":[{"taxonomy":"category","embeddable":true,"href":"https:\/\/www.europesays.com\/fr\/wp-json\/wp\/v2\/categories?post=591696"},{"taxonomy":"post_tag","embeddable":true,"href":"https:\/\/www.europesays.com\/fr\/wp-json\/wp\/v2\/tags?post=591696"}],"curies":[{"name":"wp","href":"https:\/\/api.w.org\/{rel}","templated":true}]}}