{"id":591698,"date":"2025-12-11T00:27:13","date_gmt":"2025-12-11T00:27:13","guid":{"rendered":"https:\/\/www.europesays.com\/fr\/591698\/"},"modified":"2025-12-11T00:27:13","modified_gmt":"2025-12-11T00:27:13","slug":"lingolsheim-le-rendez-vous-des-gourmands-maxi-flash-haguenau","status":"publish","type":"post","link":"https:\/\/www.europesays.com\/fr\/591698\/","title":{"rendered":"Lingolsheim. Le rendez-vous des gourmands \u2013 Maxi Flash &#8211; Haguenau"},"content":{"rendered":"<p>Le March\u00e9 gourmand et artisanal a lieu le mercredi 10 de 16h \u00e0 21h au sein du Village de No\u00ebl (jusqu\u2019au 14). Des artisans 100% alsaciens\u2014potiers, c\u00e9ramistes, producteurs de foie gras, de p\u00e2tisseries\u2014proposent de pr\u00e9parer les menus de f\u00eates en d\u00e9gustant les produits du go\u00fbter au d\u00eener, sur les m\u00e9lodies d\u2019Elise Wachbar &amp; Fabyien \u00e0 17h30 et de S\u00fcrkr\u00fct Power \u00e0 19h30. Pour les enfants, la bo\u00eete aux lettres du P\u00e8re No\u00ebl reste ouverte jusqu\u2019au 19 et r\u00e9serve une surprise par tirage au sort.<br \/><a href=\"https:\/\/www.lingolsheim.fr\/\" target=\"_blank\" rel=\"noopener\">www.lingolsheim.fr<\/a><\/p>\n","protected":false},"excerpt":{"rendered":"Le March\u00e9 gourmand et artisanal a lieu le mercredi 10 de 16h \u00e0 21h au sein du Village&hellip;\n","protected":false},"author":2,"featured_media":591699,"comment_status":"","ping_status":"","sticky":false,"template":"","format":"standard","meta":{"footnotes":""},"categories":[2820],"tags":[1111,11,1777,674,1011,27,775,12,25,640],"class_list":{"0":"post-591698","1":"post","2":"type-post","3":"status-publish","4":"format-standard","5":"has-post-thumbnail","7":"category-strasbourg","8":"tag-actu","9":"tag-actualites","10":"tag-eu","11":"tag-europe","12":"tag-fr","13":"tag-france","14":"tag-grand-est","15":"tag-news","16":"tag-republique-francaise","17":"tag-strasbourg"},"share_on_mastodon":{"url":"https:\/\/pubeurope.com\/@fr\/115698102819918945","error":""},"_links":{"self":[{"href":"https:\/\/www.europesays.com\/fr\/wp-json\/wp\/v2\/posts\/591698","targetHints":{"allow":["GET"]}}],"collection":[{"href":"https:\/\/www.europesays.com\/fr\/wp-json\/wp\/v2\/posts"}],"about":[{"href":"https:\/\/www.europesays.com\/fr\/wp-json\/wp\/v2\/types\/post"}],"author":[{"embeddable":true,"href":"https:\/\/www.europesays.com\/fr\/wp-json\/wp\/v2\/users\/2"}],"replies":[{"embeddable":true,"href":"https:\/\/www.europesays.com\/fr\/wp-json\/wp\/v2\/comments?post=591698"}],"version-history":[{"count":0,"href":"https:\/\/www.europesays.com\/fr\/wp-json\/wp\/v2\/posts\/591698\/revisions"}],"wp:featuredmedia":[{"embeddable":true,"href":"https:\/\/www.europesays.com\/fr\/wp-json\/wp\/v2\/media\/591699"}],"wp:attachment":[{"href":"https:\/\/www.europesays.com\/fr\/wp-json\/wp\/v2\/media?parent=591698"}],"wp:term":[{"taxonomy":"category","embeddable":true,"href":"https:\/\/www.europesays.com\/fr\/wp-json\/wp\/v2\/categories?post=591698"},{"taxonomy":"post_tag","embeddable":true,"href":"https:\/\/www.europesays.com\/fr\/wp-json\/wp\/v2\/tags?post=591698"}],"curies":[{"name":"wp","href":"https:\/\/api.w.org\/{rel}","templated":true}]}}