{"id":591700,"date":"2025-12-11T00:28:32","date_gmt":"2025-12-11T00:28:32","guid":{"rendered":"https:\/\/www.europesays.com\/fr\/591700\/"},"modified":"2025-12-11T00:28:32","modified_gmt":"2025-12-11T00:28:32","slug":"strasbourg-previsions-meteo-du-mercredi-10-decembre-2025","status":"publish","type":"post","link":"https:\/\/www.europesays.com\/fr\/591700\/","title":{"rendered":"Strasbourg : pr\u00e9visions m\u00e9t\u00e9o du mercredi 10 d\u00e9cembre 2025"},"content":{"rendered":"<p>\u00c0 Strasbourg, ce mercredi 10 d\u00e9cembre, la m\u00e9t\u00e9o se caract\u00e9rise par un ciel tr\u00e8s nuageux avec une douceur hivernale. Un \u00e9pisode de pluie faible est attendu en soir\u00e9e, rendant l\u2019atmosph\u00e8re humide et fraiche.<\/p>\n<p>    Matin : grisaille au r\u00e9veil et lever du soleil \u00e0 08\u2009h\u200910<\/p>\n<p>\u00c0 l\u2019ouverture des volets, un ciel <b>tr\u00e8s nuageux<\/b> s\u2019impose, typique des hivers alsaciens. La lumi\u00e8re du matin peine \u00e0 traverser cette couverture basse.<\/p>\n<p>\u00c0 09\u2009h, le thermom\u00e8tre indique <b>9 \u00b0C<\/b> avec un ressenti de 7 \u00b0C. L\u2019humidit\u00e9 atteint 80 %. Un vent de sud-sud-ouest souffle autour de 10 km\/h, insuffisant pour dissiper la grisaille.<\/p>\n<p>Le risque de pluie reste limit\u00e9 \u00e0 3 %. Les parapluies peuvent donc rester rang\u00e9s, mais la fra\u00eecheur invite \u00e0 ajouter une couche de v\u00eatements.<\/p>\n<p>La pression atmosph\u00e9rique, stable \u00e0 1 021 hPa, t\u00e9moigne d\u2019un anticyclone affaibli sur le Rhin sup\u00e9rieur, encore incapable de chasser les nuages bas.<\/p>\n<p>Apr\u00e8s-midi : plafond bas persistant<\/p>\n<p>Le ciel reste <b>tr\u00e8s nuageux<\/b> jusqu\u2019\u00e0 la pause d\u00e9jeuner. \u00c0 15\u2009h, la <b>temp\u00e9rature maximale de 12 \u00b0C<\/b> est atteinte, ressentie \u00e0 10 \u00b0C, soit 3 \u00b0C au-dessus des normales saisonni\u00e8res.<\/p>\n<p>L\u2019humidit\u00e9 demeure \u00e0 80 %, signe d\u2019une atmosph\u00e8re satur\u00e9e. Les \u00e9claircies seront rares ; il est donc conseill\u00e9 de privil\u00e9gier les activit\u00e9s \u00e0 l\u2019int\u00e9rieur.<\/p>\n<p>La probabilit\u00e9 d\u2019averse grimpe \u00e0 50 %. M\u00eame si les mod\u00e8les h\u00e9sitent, quelques gouttes isol\u00e9es pourraient surprendre ceux qui sortent sans protection.<\/p>\n<p>La pression progresse l\u00e9g\u00e8rement \u00e0 1 023 hPa. Un vent de sud-ouest, \u00e0 9 km\/h, apporte un flux doux d\u2019Atlantique, synonyme d\u2019air maritime et de douceur.<\/p>\n<p>Soir : premi\u00e8res gouttes avant un coucher de soleil \u00e0 16\u2009h\u200933<\/p>\n<p>Le soleil s\u2019efface derri\u00e8re la couche nuageuse bien avant l\u2019horaire officiel, accentuant l\u2019impression d\u2019une nuit pr\u00e9coce.<\/p>\n<p>D\u00e8s 21 h, un \u00e9pisode de <b>pluie faible<\/b> d\u00e9bute. Les cumuls attendus atteignent 2,5 mm d\u2019ici minuit, de quoi humidifier chauss\u00e9es et pistes cyclables.<\/p>\n<p>La temp\u00e9rature baisse lentement : 10 \u00b0C, ressentie 9 \u00b0C. L\u2019humidit\u00e9 grimpe \u00e0 96 %, rendant l\u2019air plus poisseux que v\u00e9ritablement froid.<\/p>\n<p>Le vent devient quasi nul, 2 km\/h, orient\u00e9 est-sud-est. Prudence : la visibilit\u00e9 peut \u00eatre r\u00e9duite par les micro-gouttelettes, notamment pour les motards et cyclistes sur la derni\u00e8re portion du trajet.<\/p>\n<p>Tendance g\u00e9n\u00e9rale pour le jeudi 11 d\u00e9cembre<\/p>\n<p>La nuit prochaine restera ponctu\u00e9e d\u2019averses. \u00c0 00 h, une temp\u00e9rature de 7 \u00b0C est attendue, accompagn\u00e9e de 1,3 mm de pr\u00e9cipitations sous un ciel toujours couvert.<\/p>\n<p>Demain, Strasbourg maintiendra un profil humide : temp\u00e9ratures comprises entre <b>7 \u00b0C<\/b> et <b>10 \u00b0C<\/b>, humidit\u00e9 \u00e0 97 %, pression en baisse vers 1 007 hPa.<\/p>\n<p>Le vent, faible de nord-nord-est (6 km\/h), limitera le brassage de l\u2019air. Les brouillards risquent donc de persister en matin\u00e9e.<\/p>\n<p>Le risque de pluie reste mod\u00e9r\u00e9 \u00e0 13 %, mais les chauss\u00e9es demeureront mouill\u00e9es ; prudence pour automobilistes et pi\u00e9tons sur les pav\u00e9s glissants.<\/p>\n<p>\u00c0 moyen terme, la succession de petites perturbations traduit une circulation d\u2019ouest hivernale classique. Aucun signal marqu\u00e9 li\u00e9 au changement climatique n\u2019appara\u00eet sur ce court \u00e9pisode.<\/p>\n<p>Pour un suivi heure par heure et l\u2019\u00e9volution en fin de semaine, consultez <a href=\"https:\/\/www.meteocity.com\/france\/strasbourg-v2973783\" target=\"_blank\" rel=\"noopener\">nos pr\u00e9visions d\u00e9taill\u00e9es<\/a>.<\/p>\n","protected":false},"excerpt":{"rendered":"\u00c0 Strasbourg, ce mercredi 10 d\u00e9cembre, la m\u00e9t\u00e9o se caract\u00e9rise par un ciel tr\u00e8s nuageux avec une douceur&hellip;\n","protected":false},"author":2,"featured_media":591701,"comment_status":"","ping_status":"","sticky":false,"template":"","format":"standard","meta":{"footnotes":""},"categories":[2820],"tags":[1111,11,1777,674,1011,27,775,12,25,640],"class_list":{"0":"post-591700","1":"post","2":"type-post","3":"status-publish","4":"format-standard","5":"has-post-thumbnail","7":"category-strasbourg","8":"tag-actu","9":"tag-actualites","10":"tag-eu","11":"tag-europe","12":"tag-fr","13":"tag-france","14":"tag-grand-est","15":"tag-news","16":"tag-republique-francaise","17":"tag-strasbourg"},"share_on_mastodon":{"url":"https:\/\/pubeurope.com\/@fr\/115698106609208712","error":""},"_links":{"self":[{"href":"https:\/\/www.europesays.com\/fr\/wp-json\/wp\/v2\/posts\/591700","targetHints":{"allow":["GET"]}}],"collection":[{"href":"https:\/\/www.europesays.com\/fr\/wp-json\/wp\/v2\/posts"}],"about":[{"href":"https:\/\/www.europesays.com\/fr\/wp-json\/wp\/v2\/types\/post"}],"author":[{"embeddable":true,"href":"https:\/\/www.europesays.com\/fr\/wp-json\/wp\/v2\/users\/2"}],"replies":[{"embeddable":true,"href":"https:\/\/www.europesays.com\/fr\/wp-json\/wp\/v2\/comments?post=591700"}],"version-history":[{"count":0,"href":"https:\/\/www.europesays.com\/fr\/wp-json\/wp\/v2\/posts\/591700\/revisions"}],"wp:featuredmedia":[{"embeddable":true,"href":"https:\/\/www.europesays.com\/fr\/wp-json\/wp\/v2\/media\/591701"}],"wp:attachment":[{"href":"https:\/\/www.europesays.com\/fr\/wp-json\/wp\/v2\/media?parent=591700"}],"wp:term":[{"taxonomy":"category","embeddable":true,"href":"https:\/\/www.europesays.com\/fr\/wp-json\/wp\/v2\/categories?post=591700"},{"taxonomy":"post_tag","embeddable":true,"href":"https:\/\/www.europesays.com\/fr\/wp-json\/wp\/v2\/tags?post=591700"}],"curies":[{"name":"wp","href":"https:\/\/api.w.org\/{rel}","templated":true}]}}