{"id":591705,"date":"2025-12-11T00:33:06","date_gmt":"2025-12-11T00:33:06","guid":{"rendered":"https:\/\/www.europesays.com\/fr\/591705\/"},"modified":"2025-12-11T00:33:06","modified_gmt":"2025-12-11T00:33:06","slug":"comment-un-reseau-de-prostitution-sest-installe-dans-un-appartcity-sans-que-lhotel","status":"publish","type":"post","link":"https:\/\/www.europesays.com\/fr\/591705\/","title":{"rendered":"Comment un r\u00e9seau de prostitution s\u2019est install\u00e9 dans un Appart\u2019City sans que l\u2019h\u00f4tel"},"content":{"rendered":"<tr wp_automatic_readability=\"5.9010989010989\">\n<td valign=\"middle\" align=\"center\" class=\"col-logo\" wp_automatic_readability=\"5\">\n    <img decoding=\"async\" src=\"https:\/\/maville.com\/design\/images\/logo-of-monetise.svg?version=20130627\" alt=\"logo Ouest-France\" height=\"66\"\/><\/p>\n<p>Contenu r\u00e9serv\u00e9 aux abonn\u00e9s<\/p>\n<\/td>\n<td class=\"col-titre\">\n\t\t\tMercredi 10 d\u00e9cembre 2025 18:23<br \/>\n\t\t\t<a class=\"icon-bulle sizeL count\" href=\"#ancreAvis\"><br \/>\n\t&#8230;<br \/>\n<\/a><\/td>\n<\/tr>\n<p>\t\t<a class=\"mavillebox2 elmt-photo\" href=\"https:\/\/maville.com\/photosmvi\/2025\/12\/10\/P35632065D7103284G.jpg\" title=\" L\u2019Appart\u2019City de Carquefou, au nord de Nantes, a \u00e9t\u00e9 utilis\u00e9 pendant de longs mois par un r\u00e9seau de prostitution sud-am\u00e9ricain.  \u00a9  Ouest France  \" rel=\"galerie_actu noopener\" target=\"_blank\"><br \/>\n\t<img decoding=\"async\" src=\"https:\/\/www.europesays.com\/fr\/wp-content\/uploads\/2025\/12\/P35632065D7103284G_crop_640-330_.jpg\" alt=\"photo  l\u2019appart\u2019city de carquefou, au nord de nantes, a \u00e9t\u00e9 utilis\u00e9 pendant de longs mois par un r\u00e9seau de prostitution sud-am\u00e9ricain.  \u00a9  ouest france \"\/><br \/>\n\t1<br \/>\n<\/a><\/p>\n<p class=\"elmt-legende\"> L\u2019Appart\u2019City de Carquefou, au nord de Nantes, a \u00e9t\u00e9 utilis\u00e9 pendant de longs mois par un r\u00e9seau de prostitution sud-am\u00e9ricain.  \u00a9  Ouest France  <\/p>\n<p>\t\tPendant des ann\u00e9es, une aile d\u2019un Appart\u2019City du nord de Nantes (Loire-Atlantique) a servi de base discr\u00e8te \u00e0 un r\u00e9seau de prostitution sud-am\u00e9ricain. La direction et le personnel de l\u2019\u00e9tablissement ont \u00e9prouv\u00e9 toutes les peines \u00e0 enrayer le ph\u00e9nom\u00e8ne, malgr\u00e9 les alertes r\u00e9p\u00e9t\u00e9es aux autorit\u00e9s. Lorsque la police est intervenue, la directrice a pass\u00e9 quelques heures en garde \u00e0 vue. Une affaire r\u00e9v\u00e9latrice des limites du secteur h\u00f4telier face \u00e0 ces r\u00e9seaux organis\u00e9s.<\/p>\n<p><b>Cet article est r\u00e9serv\u00e9 aux abonn\u00e9s<\/b><\/p>\n<p>Pour un acc\u00e8s imm\u00e9diat, abonnez-vous<\/p>\n<p><b>1\u00e8re semaine offerte<\/b><\/p>\n<p>\t\t Kevin Grethen \u00a0\u00a0<br \/>\n\t\tOuest-France<\/p>\n<p>Retrouvez d&rsquo;autres actus sur les communes de :<\/p>\n<p>\t\t&#13;<\/p>\n","protected":false},"excerpt":{"rendered":"Contenu r\u00e9serv\u00e9 aux abonn\u00e9s Mercredi 10 d\u00e9cembre 2025 18:23 &#8230; 1 L\u2019Appart\u2019City de Carquefou, au nord de Nantes,&hellip;\n","protected":false},"author":2,"featured_media":591706,"comment_status":"","ping_status":"","sticky":false,"template":"","format":"standard","meta":{"footnotes":""},"categories":[2818],"tags":[1111,11,52631,42538,10006,1777,674,1011,27,190,14191,766,12,2636,2899,25,2421,4937],"class_list":{"0":"post-591705","1":"post","2":"type-post","3":"status-publish","4":"format-standard","5":"has-post-thumbnail","7":"category-nantes","8":"tag-actu","9":"tag-actualites","10":"tag-appart","11":"tag-arreter","12":"tag-city","13":"tag-eu","14":"tag-europe","15":"tag-fr","16":"tag-france","17":"tag-hotel","18":"tag-installe","19":"tag-nantes","20":"tag-news","21":"tag-pays-de-la-loire","22":"tag-prostitution","23":"tag-republique-francaise","24":"tag-reseau","25":"tag-saint-brieuc"},"share_on_mastodon":{"url":"https:\/\/pubeurope.com\/@fr\/115698127708123362","error":""},"_links":{"self":[{"href":"https:\/\/www.europesays.com\/fr\/wp-json\/wp\/v2\/posts\/591705","targetHints":{"allow":["GET"]}}],"collection":[{"href":"https:\/\/www.europesays.com\/fr\/wp-json\/wp\/v2\/posts"}],"about":[{"href":"https:\/\/www.europesays.com\/fr\/wp-json\/wp\/v2\/types\/post"}],"author":[{"embeddable":true,"href":"https:\/\/www.europesays.com\/fr\/wp-json\/wp\/v2\/users\/2"}],"replies":[{"embeddable":true,"href":"https:\/\/www.europesays.com\/fr\/wp-json\/wp\/v2\/comments?post=591705"}],"version-history":[{"count":0,"href":"https:\/\/www.europesays.com\/fr\/wp-json\/wp\/v2\/posts\/591705\/revisions"}],"wp:featuredmedia":[{"embeddable":true,"href":"https:\/\/www.europesays.com\/fr\/wp-json\/wp\/v2\/media\/591706"}],"wp:attachment":[{"href":"https:\/\/www.europesays.com\/fr\/wp-json\/wp\/v2\/media?parent=591705"}],"wp:term":[{"taxonomy":"category","embeddable":true,"href":"https:\/\/www.europesays.com\/fr\/wp-json\/wp\/v2\/categories?post=591705"},{"taxonomy":"post_tag","embeddable":true,"href":"https:\/\/www.europesays.com\/fr\/wp-json\/wp\/v2\/tags?post=591705"}],"curies":[{"name":"wp","href":"https:\/\/api.w.org\/{rel}","templated":true}]}}