{"id":591707,"date":"2025-12-11T00:34:14","date_gmt":"2025-12-11T00:34:14","guid":{"rendered":"https:\/\/www.europesays.com\/fr\/591707\/"},"modified":"2025-12-11T00:34:14","modified_gmt":"2025-12-11T00:34:14","slug":"fc-nantes-j16-trois-absents-pour-le-deplacement-crucial-a-angers","status":"publish","type":"post","link":"https:\/\/www.europesays.com\/fr\/591707\/","title":{"rendered":"FC Nantes &#8211; J16 : trois absents pour le d\u00e9placement crucial \u00e0 Angers"},"content":{"rendered":"<p data-start=\"173\" data-end=\"525\"><strong>Le FC Nantes se rend \u00e0<br \/>\nAngers ce vendredi 12 d\u00e9cembre (20 h 45) pour la 16e journ\u00e9e de<br \/>\nLigue 1, avec l\u2019obligation de ramener un r\u00e9sultat dans la lutte<br \/>\npour le maintien. Avant-derniers au classement (17e), les Canaris<br \/>\nsont sous pression avant ce derby r\u00e9gional capital. Et pour ne rien<br \/>\narranger, trois joueurs seront absents pour ce<br \/>\nd\u00e9placement.<\/strong><\/p>\n<p><strong data-start=\"530\" data-end=\"592\">Leroux, Guirassy et Coquelin forfaits pour Angers \u2013<br \/>\nNantes<\/strong><\/p>\n<p data-start=\"593\" data-end=\"1036\">L\u2019entra\u00eeneur nantais<br \/>\n<strong data-start=\"614\" data-end=\"629\">Luis Castro<\/strong> devra<br \/>\ncomposer sans <strong data-start=\"650\" data-end=\"666\">Louis<br \/>\nLeroux<\/strong> et <strong data-start=\"670\" data-end=\"688\">Herba<br \/>\nGuirassy<\/strong>, tous deux victimes de blessures musculaires. Le<br \/>\njeune milieu de terrain, touch\u00e9 \u00e0 la cuisse lors d\u2019un rassemblement<br \/>\navec les Espoirs en novembre, ne devrait d\u2019ailleurs pas rejouer<br \/>\navant 2026. De son c\u00f4t\u00e9, Guirassy s\u2019est bless\u00e9 juste avant la<br \/>\nmi-temps face \u00e0 Lens, touch\u00e9 \u00e0 la cuisse gauche. La dur\u00e9e de son<br \/>\nabsence n\u2019a pas \u00e9t\u00e9 pr\u00e9cis\u00e9e.<\/p>\n<p data-start=\"1038\" data-end=\"1292\">Autre absence notable :<br \/>\n<strong data-start=\"1062\" data-end=\"1082\">Francis<br \/>\nCoquelin<\/strong>, pourtant de retour \u00e0 l\u2019entra\u00eenement collectif.<br \/>\nLe milieu d\u00e9fensif n\u2019est toutefois pas encore apte \u00e0 retrouver la<br \/>\ncomp\u00e9tition apr\u00e8s sa blessure aux ischio-jambiers contract\u00e9e le 20<br \/>\nseptembre contre Rennes selon Ouest France.<\/p>\n","protected":false},"excerpt":{"rendered":"Le FC Nantes se rend \u00e0 Angers ce vendredi 12 d\u00e9cembre (20 h 45) pour la 16e journ\u00e9e&hellip;\n","protected":false},"author":2,"featured_media":336769,"comment_status":"","ping_status":"","sticky":false,"template":"","format":"standard","meta":{"footnotes":""},"categories":[2818],"tags":[1111,11,1777,674,1011,27,766,12,2636,25],"class_list":{"0":"post-591707","1":"post","2":"type-post","3":"status-publish","4":"format-standard","5":"has-post-thumbnail","7":"category-nantes","8":"tag-actu","9":"tag-actualites","10":"tag-eu","11":"tag-europe","12":"tag-fr","13":"tag-france","14":"tag-nantes","15":"tag-news","16":"tag-pays-de-la-loire","17":"tag-republique-francaise"},"share_on_mastodon":{"url":"https:\/\/pubeurope.com\/@fr\/115698130293836364","error":""},"_links":{"self":[{"href":"https:\/\/www.europesays.com\/fr\/wp-json\/wp\/v2\/posts\/591707","targetHints":{"allow":["GET"]}}],"collection":[{"href":"https:\/\/www.europesays.com\/fr\/wp-json\/wp\/v2\/posts"}],"about":[{"href":"https:\/\/www.europesays.com\/fr\/wp-json\/wp\/v2\/types\/post"}],"author":[{"embeddable":true,"href":"https:\/\/www.europesays.com\/fr\/wp-json\/wp\/v2\/users\/2"}],"replies":[{"embeddable":true,"href":"https:\/\/www.europesays.com\/fr\/wp-json\/wp\/v2\/comments?post=591707"}],"version-history":[{"count":0,"href":"https:\/\/www.europesays.com\/fr\/wp-json\/wp\/v2\/posts\/591707\/revisions"}],"wp:featuredmedia":[{"embeddable":true,"href":"https:\/\/www.europesays.com\/fr\/wp-json\/wp\/v2\/media\/336769"}],"wp:attachment":[{"href":"https:\/\/www.europesays.com\/fr\/wp-json\/wp\/v2\/media?parent=591707"}],"wp:term":[{"taxonomy":"category","embeddable":true,"href":"https:\/\/www.europesays.com\/fr\/wp-json\/wp\/v2\/categories?post=591707"},{"taxonomy":"post_tag","embeddable":true,"href":"https:\/\/www.europesays.com\/fr\/wp-json\/wp\/v2\/tags?post=591707"}],"curies":[{"name":"wp","href":"https:\/\/api.w.org\/{rel}","templated":true}]}}