{"id":59171,"date":"2025-04-28T12:00:10","date_gmt":"2025-04-28T12:00:10","guid":{"rendered":"https:\/\/www.europesays.com\/fr\/59171\/"},"modified":"2025-04-28T12:00:10","modified_gmt":"2025-04-28T12:00:10","slug":"cette-ile-bien-connue-abrite-le-phare-le-plus-puissant-du-morbihan","status":"publish","type":"post","link":"https:\/\/www.europesays.com\/fr\/59171\/","title":{"rendered":"Cette \u00eele bien connue abrite le phare le plus puissant du Morbihan"},"content":{"rendered":"<p>Au large du Morbihan, <a href=\"https:\/\/lorient.maville.com\/actu\/actudet_-cette-ile-bretonne-est-la-derniere-a-entretenir-le-savoir-faire-des-conserveries-de-poissons-_12-6423255_actu.Htm\" target=\"_self\" rel=\"nofollow noopener\">l\u2019\u00eele de Groix<\/a> brille de ses trois phares, remarquables par leurs histoires et leurs configurations.<\/p>\n<p>Phare de Pen Men<\/p>\n<p>Ancre de pierre ou Pointe de pierre ou encore T\u00eate de pierre\u00a0: Pen Men, le phare embl\u00e9matique de l\u2019\u00cele de Groix est un symbole de son histoire maritime forte. \u00c0 l\u2019extr\u00eame ouest de Groix, il se dresse au c\u0153ur de la lande sur 27\u00a0m\u00e8tres de haut et 113\u00a0marches, veillant de sa t\u00eate noire et carr\u00e9e sur l\u2019entr\u00e9e de la rade de Lorient, \u00ab\u00a0la ville aux cinq ports\u00a0\u00bb \u00e0 l\u2019activit\u00e9 maritime toujours intense. D\u00e8s 1794, une tour ronde est b\u00e2tie \u00e0 la demande du minist\u00e8re de la Marine, mais elle s\u2019effondre avant la fin de sa construction.<\/p>\n<p>\t<img decoding=\"async\" src=\"https:\/\/www.europesays.com\/fr\/wp-content\/uploads\/2025\/04\/P35196387D6784012G_px_640_.jpg\" alt=\"photo le phare de pen men est une maison phare, \u00e0 l\u2019ouest de l\u2019\u00eele de groix.  \u00a9  ouest france archives\" width=\"640\" title=\" Le phare de Pen Men est une maison phare, \u00e0 l\u2019ouest de l\u2019\u00eele de Groix.   OUEST FRANCE archives \"\/><\/p>\n<p class=\"elmt-legende\"> Le phare de Pen Men est une maison phare, \u00e0 l\u2019ouest de l\u2019\u00eele de Groix.   OUEST FRANCE archives <\/p>\n<p>Entre 1835 et 1839 est \u00e9lev\u00e9 le phare actuel avec sa tour carr\u00e9e, compl\u00e9t\u00e9 d\u2019une corne de brume en 1925, peint en noir en 1933 puis \u00e9lectrifi\u00e9 en 1949. Le phare de Pen Men est aujourd\u2019hui le plus puissant du d\u00e9partement avec une port\u00e9e de 29\u00a0milles marins soit 54\u00a0kilom\u00e8tres. D\u00e9sormais automatis\u00e9, il conserve un gardien log\u00e9 dans la maison situ\u00e9e \u00e0 la base du phare. Le b\u00e2timent abrite deux chambres, les salles de machines et du radiophare. L\u2019ensemble ainsi que l\u2019enclos et les b\u00e2timents annexes sont inscrits au titre des Monuments historiques. L\u2019association Bretagne vivante, qui g\u00e8re la r\u00e9serve naturelle Fran\u00e7ois Le Bail sur laquelle se trouve le phare de Pen men, en propose des visites guid\u00e9es en \u00e9t\u00e9.<\/p>\n<p>Phare de la Pointe des chats<\/p>\n<p>\t<img decoding=\"async\" src=\"https:\/\/www.europesays.com\/fr\/wp-content\/uploads\/2025\/04\/P35196388D6784012G_px_640_.jpg\" alt=\"photo le phare de la pointe des chats, dans l\u2019\u00eele de groix  \u00a9  ouest france archives\" width=\"640\" title=\" Le phare de la pointe des chats, dans l\u2019\u00eele de Groix   OUEST FRANCE archives \"\/><\/p>\n<p class=\"elmt-legende\"> Le phare de la pointe des chats, dans l\u2019\u00eele de Groix   OUEST FRANCE archives <\/p>\n<p>De l\u2019autre c\u00f4t\u00e9 de l\u2019\u00eele, \u00e0 sa pointe sud-est, le phare de la pointe des chats, souvent appel\u00e9 \u00ab\u00a0le phare des chats\u00a0\u00bb -surnom donn\u00e9 aux r\u00e9cifs du lieu par les groisillons &#8211; est b\u00e2ti sur la roche. Le phare indique le danger que repr\u00e9sente cette pointe rocheuse longue de pr\u00e8s d\u2019un kilom\u00e8tre, au spectacle saisissant, abritant une toute petite plage de sable ainsi qu\u2019un menhir et un dolmen qui partagent le nom du phare. Haut de plus de 15\u00a0m\u00e8tres, il est mis en service en 1898, d\u00e9j\u00e0 constitu\u00e9 d\u2019une tour carr\u00e9e accol\u00e9e \u00e0 un corps de logis. Automatis\u00e9 depuis 1986, tout juste r\u00e9nov\u00e9 par son propri\u00e9taire, le conservatoire du littoral, sa maison est destin\u00e9e \u00e0 devenir un \u00ab\u00a0g\u00eete d\u2019exception\u00a0\u00bb.<\/p>\n<p><strong>Lire aussi\u00a0:<\/strong>\u00a0<a href=\"https:\/\/lorient.maville.com\/actu\/actudet_-l-ecomusee-de-groix-offre-aux-visiteurs-un-miroir-passionnant-de-la-culture-de-l-ile-_12-6538557_actu.Htm\" target=\"_self\" rel=\"nofollow noopener\">L\u2019\u00e9comus\u00e9e de Groix offre aux visiteurs un miroir passionnant de la culture de l\u2019\u00eele<\/a><\/p>\n<p>Le Feu de la croix<\/p>\n<p>\t<img decoding=\"async\" src=\"https:\/\/www.europesays.com\/fr\/wp-content\/uploads\/2025\/04\/P35196389D6784012G_px_640_.jpg\" alt=\"photo le feu de la croix, le plus petit phare de france, sur l\u2019\u00eele de groix.  \u00a9  ouest france\" width=\"640\" title=\" Le feu de la Croix, le plus petit phare de France, sur l\u2019\u00eele de Groix.   OUEST FRANCE \"\/><\/p>\n<p class=\"elmt-legende\"> Le feu de la Croix, le plus petit phare de France, sur l\u2019\u00eele de Groix.   OUEST FRANCE <\/p>\n<p>Un peu plus au nord, sur la m\u00eame c\u00f4te est que la Pointe des chats, le Feu de la croix surplombe la belle plage des Grands Sables. On le croise lorsqu\u2019on emprunte le sentier c\u00f4tier qui m\u00e8ne \u00e0 Port-Tudy. Mis en service en 1898 en m\u00eame temps que le phare de la Pointe des chats qu\u2019il compl\u00e8te, le Feu de la croix est un feu fixe sur une lanterne rouge. Avec 4\u00a0m\u00e8tres de hauteur, il est le plus petit phare de France.<\/p>\n<p>\u00a0<\/p>\n","protected":false},"excerpt":{"rendered":"Au large du Morbihan, l\u2019\u00eele de Groix brille de ses trois phares, remarquables par leurs histoires et leurs&hellip;\n","protected":false},"author":2,"featured_media":59172,"comment_status":"","ping_status":"","sticky":false,"template":"","format":"standard","meta":{"footnotes":""},"categories":[1592],"tags":[10038,1111,11,15584,1777,674,1011,27,4323,662,3729,12,626,15585,15586,3086,25],"class_list":{"0":"post-59171","1":"post","2":"type-post","3":"status-publish","4":"format-standard","5":"has-post-thumbnail","7":"category-ile-de-france","8":"tag-abrite","9":"tag-actu","10":"tag-actualites","11":"tag-connue","12":"tag-eu","13":"tag-europe","14":"tag-fr","15":"tag-france","16":"tag-ile","17":"tag-ile-de-france","18":"tag-morbihan","19":"tag-news","20":"tag-paris","21":"tag-phare","22":"tag-puissant","23":"tag-redon","24":"tag-republique-francaise"},"share_on_mastodon":{"url":"https:\/\/pubeurope.com\/@fr\/114415483386193251","error":""},"_links":{"self":[{"href":"https:\/\/www.europesays.com\/fr\/wp-json\/wp\/v2\/posts\/59171","targetHints":{"allow":["GET"]}}],"collection":[{"href":"https:\/\/www.europesays.com\/fr\/wp-json\/wp\/v2\/posts"}],"about":[{"href":"https:\/\/www.europesays.com\/fr\/wp-json\/wp\/v2\/types\/post"}],"author":[{"embeddable":true,"href":"https:\/\/www.europesays.com\/fr\/wp-json\/wp\/v2\/users\/2"}],"replies":[{"embeddable":true,"href":"https:\/\/www.europesays.com\/fr\/wp-json\/wp\/v2\/comments?post=59171"}],"version-history":[{"count":0,"href":"https:\/\/www.europesays.com\/fr\/wp-json\/wp\/v2\/posts\/59171\/revisions"}],"wp:featuredmedia":[{"embeddable":true,"href":"https:\/\/www.europesays.com\/fr\/wp-json\/wp\/v2\/media\/59172"}],"wp:attachment":[{"href":"https:\/\/www.europesays.com\/fr\/wp-json\/wp\/v2\/media?parent=59171"}],"wp:term":[{"taxonomy":"category","embeddable":true,"href":"https:\/\/www.europesays.com\/fr\/wp-json\/wp\/v2\/categories?post=59171"},{"taxonomy":"post_tag","embeddable":true,"href":"https:\/\/www.europesays.com\/fr\/wp-json\/wp\/v2\/tags?post=59171"}],"curies":[{"name":"wp","href":"https:\/\/api.w.org\/{rel}","templated":true}]}}