{"id":591712,"date":"2025-12-11T00:39:18","date_gmt":"2025-12-11T00:39:18","guid":{"rendered":"https:\/\/www.europesays.com\/fr\/591712\/"},"modified":"2025-12-11T00:39:18","modified_gmt":"2025-12-11T00:39:18","slug":"sortir-a-toulouse-voici-10-idees-pour-profiter-de-votre-week-end-dans-la-ville-rose","status":"publish","type":"post","link":"https:\/\/www.europesays.com\/fr\/591712\/","title":{"rendered":"Sortir \u00e0 Toulouse. Voici 10 id\u00e9es pour profiter de votre week-end dans la Ville rose"},"content":{"rendered":"<p>                    Par<br \/>\n        <strong><br \/>\n            <a href=\"https:\/\/actu.fr\/auteur\/gabriel-kenedi\" title=\"Consulter tous les articles de Gabriel Kenedi\" target=\"_blank\" rel=\"noopener\">Gabriel Kenedi<\/a><br \/>\n                    <\/strong><\/p>\n<p>        Publi\u00e9 le<\/p>\n<p>            10 d\u00e9c. 2025 \u00e0 18h56        <\/p>\n<p>Que faire \u00e0 <strong>Toulouse<\/strong>, ce week-end\u2009? March\u00e9s de No\u00ebl, spectacles, salon de cr\u00e9ateurs, anniversaire\u2026 Voici 10 id\u00e9es \u00e0 ne pas manquer, du vendredi\u00a012 au dimanche 14\u00a0d\u00e9cembre 2025. Suivez le guide\u2009!<\/p>\n<p>#1. Profiter des animations de No\u00ebl<\/p>\n<p class=\" wall-content\">\u00c0 l\u2019approche de No\u00ebl, les <strong>march\u00e9s de No\u00ebl du Capitole<\/strong> (et sa patinoire), des Ramblas, du Square Charles-de-Gaulle et des all\u00e9es Jules Guesde sont bien entendu ouverts durant tout le week-end. Les magasins seront \u00e9galement ouverts ce dimanche pour faire vos emplettes.<\/p>\n<p class=\" wall-content\"><strong>Plus d\u2019infos ci-dessous\u2009!<\/strong><\/p>\n<p>#2. Expo Castelbajac, premier week-end\u2009!<br \/>\n    <img   decoding=\"async\" loading=\"lazy\" src=\"https:\/\/www.europesays.com\/fr\/wp-content\/uploads\/2025\/12\/482ede13f2396dc2ede13f239113edv-960x640.jpg\" alt=\"Les Abattoirs consacrent une exposition exceptionnelle \u00e0 Jean-Charles de Castelbajac, \u00e0 partir du 12 d\u00e9cembre 2025.\" width=\"960\" height=\"640\"\/><br \/>\n    Les Abattoirs consacrent une exposition exceptionnelle \u00e0 Jean-Charles de Castelbajac, \u00e0 partir du 12\u00a0d\u00e9cembre 2025. (\u00a9\u00a9 Bettina Rheims \/ Adagp, Paris, 2025)<\/p>\n<p class=\" wall-content\">C\u2019est assur\u00e9ment l\u2019\u00e9v\u00e9nement culturel de ces prochaines semaines \u00e0 Toulouse. \u00c0 partir du 12\u00a0d\u00e9cembre 2025 et jusqu\u2019au 23\u00a0ao\u00fbt 2026, le mus\u00e9e des Abattoirs donnera carte blanche au c\u00e9l\u00e8bre cr\u00e9ateur de mode<strong> Jean-Charles de Castelbajac<\/strong>. Une expo in\u00e9dite qui devrait avoir un \u00e9cho national\u2009!<\/p>\n<p class=\" wall-content\">Rassemblant\u00a0pr\u00e8s de 300 \u0153uvres, v\u00eatements, objets de design, dessins, photographies, \u00ab\u2009L\u2019Imagination au pouvoir\u2009\u00bb est une invitation \u00e0 d\u00e9couvrir les multiples facettes d\u2019un artiste \u00e0 l\u2019inventivit\u00e9 sans limite. \u00ab\u2009Proclamation de la puissance de l\u2019imagination, l\u2019exposition met en avant les diff\u00e9rentes dimensions d\u2019un travail commenc\u00e9 d\u00e8s la fin des ann\u00e9es 1960 et poursuivi jusqu\u2019\u00e0 aujourd\u2019hui. \u00c0 travers un parcours th\u00e9matique foisonnant et immersif, ponctu\u00e9 d\u2019installations r\u00e9alis\u00e9es sp\u00e9cialement pour les Abattoirs, Jean-Charles de Castelbajac, cr\u00e9ateur tout terrain, propose\u00a0un voyage presque initiatique\u00a0dans son univers\u2009\u00bb, d\u00e9taillent les Abattoirs.<\/p>\n<p>Du 12\u00a0d\u00e9cembre au 23\u00a0ao\u00fbt 2026, au mus\u00e9e des Abattoirs.<\/p>\n<p>Votre r\u00e9gion, votre actu !<\/p>\n<p>Recevez chaque jour les infos qui comptent pour vous.<\/p>\n<p>\t<a href=\"https:\/\/actu.fr\/newsletter\" class=\"ac-btn ac-btn--corner ac-btn--medium ac-btn--blue800\" target=\"_blank\" rel=\"noopener\">S&rsquo;incrire<\/a><br \/>\n#3. Le Petit Cirque au Th\u00e9\u00e2tre de la Cit\u00e9<\/p>\n<p class=\" wall-content\">Attention, \u00e9v\u00e9nement\u2009! Spectacle multisensoriel,<strong> \u00ab\u2009Le Petit Cirque\u2009\u00bb<\/strong>, port\u00e9 par Odyssud, s\u2019installe au Th\u00e9\u00e2tredelaCit\u00e9. L\u2019album Saisons de\u00a0la chanteuse <strong>Pomme<\/strong> prend vie sur une sc\u00e8ne mouvante qui plonge le spectateur dans un grand bain sensoriel. Sans la pr\u00e9sence physique de Pomme, mais avec sa voix et ses arrangements, cette cr\u00e9ation immersive \u2013 qui m\u00eale cirque, musique et danse, ravira les enfants\u2026 et ceux qui ont su le rester.<\/p>\n<p>Au Th\u00e9\u00e2treDeLaCit\u00e9, jusqu\u2019au 13\u00a0d\u00e9cembre. Infos et tarifs\u2009: www.odyssud.com<\/p>\n<p>#4. Dany Boon en spectacle<br \/>\n    <img   decoding=\"async\" loading=\"lazy\" src=\"https:\/\/www.europesays.com\/fr\/wp-content\/uploads\/2025\/12\/ce7ce08a74296c28ce08a7429968cev-960x640.jpg\" alt=\"Dany Boon revient \u00e0 ses premi\u00e8res amours avec son nouveau seul-en-sc\u00e8ne, le 17\u00a0d\u00e9cembre au Z\u00e9nith d'Amiens.\" width=\"960\" height=\"640\"\/><br \/>\n    Dany Boon revient \u00e0 ses premi\u00e8res amours avec son nouveau seul-en-sc\u00e8ne. (\u00a9KOBAYASHI)<\/p>\n<p class=\" wall-content\">Clown n\u2019est pas un m\u00e9tier\u2009!! Apr\u00e8s 7\u00a0ans loin de la sc\u00e8ne et la folle envie de faire rire, <strong>Dany Boon<\/strong> revient \u00e0 son r\u00eave d\u2019enfant avec un tout nouveau one man show. \u00c0 ne pas manquer\u2009!<\/p>\n<p>Au Z\u00e9nith\u00a0Le 12\u00a0d\u00e9cembre 2025, \u00e0 20h. Tarifs\u2009: 49 \u00e0 69\u20ac<\/p>\n<p>#5. Salon des Cr\u00e9ateurs et de l\u2019Artisanat<\/p>\n<p class=\" wall-content\">Plongez au c\u0153ur de la cr\u00e9ativit\u00e9 artisanale \u00e0 Toulouse\u2009! Ce salon, qui se d\u00e9roule au <strong>Parc des Expos<\/strong> de Toulouse M\u00e9tropole, est l\u2019occasion id\u00e9ale de faire du shopping autrement. 160 cr\u00e9ateurs et artisans d\u2019art aux doigts d\u2019or proposent v\u00eatements, meubles et r\u00e9alisations fait-main, de la pi\u00e8ce unique ex\u00e9cut\u00e9e dans le respect de la tradition \u00e0 l\u2019objet innovant, parfois astucieusement recycl\u00e9.<\/p>\n<p>Au Meett, jusqu\u2019au 14\u00a0d\u00e9cembre. Infos\u2009: salon-artisansdart-toulouse.com<\/p>\n<p>#6. Marie-Flore au Metronum<\/p>\n<p class=\" wall-content\">La chanteuse Marie-Flore d\u00e9voile un nouvel album \u00ab\u2009Ex aequo\u2009\u00bb oscille entre une \u00e9nergie rock brute, inspir\u00e9e du Velvet Underground, et des arrangements orchestraux ambitieux qui subliment l\u2019\u00e9motion. La premi\u00e8re partie sera assur\u00e9e par l\u2019artiste toulousaine Suzanne Belaubre.<\/p>\n<p>Au Metronum Le 13\u00a0d\u00e9cembre \u00e0 20h. Tarifs\u2009: 22 \u00e0 25\u20ac.<\/p>\n<p>#7. Baccus Social Club f\u00eate ses 5\u00a0ans<\/p>\n<p class=\" wall-content\">Un anniversaire, \u00e7a se f\u00eate\u2009! Apr\u00e8s avoir pos\u00e9 ses platines dans les clubs, bars, restaurants, cavistes de la ville pendant pr\u00e8s de 5\u00a0ans, Baccus Social Club c\u00e9l\u00e8bre cet anniversaire avec un condens\u00e9 de tout ce qui anime le projet depuis ses d\u00e9buts, des moments festifs et conviviaux dans des endroits atypiques, mettant en avant la sc\u00e8ne locale et le bien manger, le bien boire, le bien danser. Et \u00e7a se passe \u00e0 Supernova, lieu hybride m\u00ealant bonne bouffe et \u00e9v\u00e9nements festifs\u2009! Au programme\u2009? Run collectif, march\u00e9 de cr\u00e9ateurs, d\u00e9jeuner, d\u00eener, DJ Set\u2026 Ca va bouger dans le quartier Belfort\u2009!<\/p>\n<p>Samedi 13\u00a0d\u00e9cembre\u2009; De 9h \u00e0 00h, \u00c0 Supernova, 10 rue Bertrand de Born 31000 Toulouse\u2009; Ev\u00e8nement gratuit et sans r\u00e9servation. Plus d\u2019infos <a href=\"https:\/\/www.instagram.com\/baccussocialclub\/?hl=fr\" target=\"_blank\" rel=\"noopener\">sur Insta<\/a>#8. Laura Laune au Z\u00e9nith<\/p>\n<p class=\" wall-content\">Laura Laune continue la tourn\u00e9e triomphale de son deuxi\u00e8me spectacle Glory Alleluia dans les Z\u00e9nith\u2009! Une noirceur assum\u00e9e, une \u00e9criture percutante, un univers trash et sans limi- tes\u2009: la r\u00e9putation de l\u2019ange de l\u2019humour noir n\u2019est plus \u00e0 faire.<\/p>\n<p>Samedi 13\u00a0d\u00e9cembre, \u00e0 20h30. Tarifs\u2009: 34\u20ac \u00e0 42\u20ac<\/p>\n<p>#9. Un concert \u00e9tonnnant<\/p>\n<p class=\" wall-content\">Quand les \u00e9tudiants du d\u00e9partement Musique de l\u2019isdaT donnent notes et accords aux \u0153uvres de la Fondation Bemberg, \u00e7a donne un concert \u00e9tonnant et original \u00e0 ne pas manquer. Inspir\u00e9s par les \u0153uvres, ils proposeront et joueront un r\u00e9pertoire choisi en r\u00e9sonance avec les collections, au c\u0153ur des salles du mus\u00e9e, qui couvrent cinq si\u00e8cles d\u2019histoire de l\u2019art \u00e0 travers un large \u00e9ventail de techniques et de styles.<\/p>\n<p>Le 13\u00a0d\u00e9cembre, \u00e0 la Fondation Bemberg, de 15h \u00e0 17h. Tarifs\u2009: 10 \u00e0 16\u20ac<\/p>\n<p>#10. Les Yeux d\u2019la t\u00eate au Rex<\/p>\n<p class=\" wall-content\">Voil\u00e0 de vraies b\u00eates de sc\u00e8ne qui d\u00e9barquent au Rex pr\u00e9senter leur nouvel album. Au menu\u2009? De belles paroles sur du bon son, des textes engageants, dr\u00f4les, po\u00e9tiques et pleins d\u2019espoir sur une musique cisel\u00e9e, \u00e9nergique et chaleureuse. Six musiciens g\u00e9n\u00e9reux comme la braise, qui se font plaisir et qui font plaisir.<\/p>\n<p>Le 13\u00a0d\u00e9cembre, \u00e0 19h30. Tarif\u2009: 25\u20ac<\/p>\n<p class=\" wall-content\">Personnalisez votre actualit\u00e9 en ajoutant vos villes et m\u00e9dias en favori avec <a href=\"https:\/\/moncompte.actu.fr\" title=\"D\u00e9couvez Mon Actu\" rel=\"nofollow noopener\" data-trk=\"{&quot;cta&quot;:{&quot;action&quot;:&quot;https:\\\/\\\/moncompte.actu.fr&quot;,&quot;category&quot;:&quot;mon compte&quot;,&quot;from&quot;:&quot;article footer&quot;,&quot;name&quot;:&quot;Mon actu&quot;,&quot;type&quot;:&quot;cta&quot;}}\" target=\"_blank\">Mon Actu<\/a>.<\/p>\n<p>                    <script async src=\"\/\/www.instagram.com\/embed.js\"><\/script><\/p>\n","protected":false},"excerpt":{"rendered":"Par Gabriel Kenedi Publi\u00e9 le 10 d\u00e9c. 2025 \u00e0 18h56 Que faire \u00e0 Toulouse, ce week-end\u2009? March\u00e9s de&hellip;\n","protected":false},"author":2,"featured_media":591713,"comment_status":"","ping_status":"","sticky":false,"template":"","format":"standard","meta":{"footnotes":""},"categories":[2816],"tags":[1111,11,1777,674,1011,27,1652,12,2680,25,1341,2312],"class_list":{"0":"post-591712","1":"post","2":"type-post","3":"status-publish","4":"format-standard","5":"has-post-thumbnail","7":"category-toulouse","8":"tag-actu","9":"tag-actualites","10":"tag-eu","11":"tag-europe","12":"tag-fr","13":"tag-france","14":"tag-loisirs-culture","15":"tag-news","16":"tag-occitanie","17":"tag-republique-francaise","18":"tag-sortir-a-toulouse","19":"tag-toulouse"},"share_on_mastodon":{"url":"https:\/\/pubeurope.com\/@fr\/115698150989077230","error":""},"_links":{"self":[{"href":"https:\/\/www.europesays.com\/fr\/wp-json\/wp\/v2\/posts\/591712","targetHints":{"allow":["GET"]}}],"collection":[{"href":"https:\/\/www.europesays.com\/fr\/wp-json\/wp\/v2\/posts"}],"about":[{"href":"https:\/\/www.europesays.com\/fr\/wp-json\/wp\/v2\/types\/post"}],"author":[{"embeddable":true,"href":"https:\/\/www.europesays.com\/fr\/wp-json\/wp\/v2\/users\/2"}],"replies":[{"embeddable":true,"href":"https:\/\/www.europesays.com\/fr\/wp-json\/wp\/v2\/comments?post=591712"}],"version-history":[{"count":0,"href":"https:\/\/www.europesays.com\/fr\/wp-json\/wp\/v2\/posts\/591712\/revisions"}],"wp:featuredmedia":[{"embeddable":true,"href":"https:\/\/www.europesays.com\/fr\/wp-json\/wp\/v2\/media\/591713"}],"wp:attachment":[{"href":"https:\/\/www.europesays.com\/fr\/wp-json\/wp\/v2\/media?parent=591712"}],"wp:term":[{"taxonomy":"category","embeddable":true,"href":"https:\/\/www.europesays.com\/fr\/wp-json\/wp\/v2\/categories?post=591712"},{"taxonomy":"post_tag","embeddable":true,"href":"https:\/\/www.europesays.com\/fr\/wp-json\/wp\/v2\/tags?post=591712"}],"curies":[{"name":"wp","href":"https:\/\/api.w.org\/{rel}","templated":true}]}}