{"id":591727,"date":"2025-12-11T00:50:17","date_gmt":"2025-12-11T00:50:17","guid":{"rendered":"https:\/\/www.europesays.com\/fr\/591727\/"},"modified":"2025-12-11T00:50:17","modified_gmt":"2025-12-11T00:50:17","slug":"lile-de-france-aura-ses-120-premieres-maisons-labellisees-france-sante-dici-les-fetes","status":"publish","type":"post","link":"https:\/\/www.europesays.com\/fr\/591727\/","title":{"rendered":"L\u2019Ile-de-France aura ses 120 premi\u00e8res maisons labellis\u00e9es France Sant\u00e9 d\u2019ici les f\u00eates"},"content":{"rendered":"<p>D\u2019ici la fin de l\u2019ann\u00e9e, l\u2019<a href=\"https:\/\/www.20minutes.fr\/dossier\/ile-de-france\" target=\"_blank\" class=\"c-link c-link--is-underlined\" rel=\"noopener\">Ile-de-France<\/a> aura identifi\u00e9 ses 120 premi\u00e8res Maisons France Sant\u00e9, a confirm\u00e9 mercredi Denis Robin, directeur de l\u2019<a href=\"https:\/\/www.20minutes.fr\/dossier\/agence_regionale_de_sante\" target=\"_blank\" class=\"c-link c-link--is-underlined\" rel=\"noopener\">Agence r\u00e9gionale de sant\u00e9 (ARS)<\/a>, lors de la signature d\u2019un accord avec 16 structures de l\u2019<a href=\"https:\/\/www.20minutes.fr\/societe\/essonne\/\" target=\"_blank\" class=\"c-link c-link--is-underlined\" rel=\"noopener\">Essonne<\/a>. Cette premi\u00e8re vague s\u2019inscrit dans l\u2019objectif national fix\u00e9 en septembre par S\u00e9bastien Lecornu\u00a0: labelliser 5.000 structures d\u2019ici\u00a02027 pour faciliter l\u2019acc\u00e8s \u00e0 un professionnel de sant\u00e9.<\/p>\n<p>La dynamique francilienne intervient alors que l\u2019<a href=\"https:\/\/www.20minutes.fr\/dossier\/assemblee_nationale\" target=\"_blank\" class=\"c-link c-link--is-underlined\" rel=\"noopener\">Assembl\u00e9e nationale<\/a> vient d\u2019ent\u00e9riner, dans le budget de la <a href=\"https:\/\/www.20minutes.fr\/dossier\/securite_sociale\" target=\"_blank\" class=\"c-link c-link--is-underlined\" rel=\"noopener\">S\u00e9curit\u00e9 sociale<\/a> 2026, une enveloppe de 150\u00a0millions d\u2019euros d\u00e9di\u00e9e \u00e0 ces maisons. Pour obtenir le label, les structures devront r\u00e9unir au moins \u00ab\u00a0un m\u00e9decin et une infirmi\u00e8re\u00a0\u00bb et s\u2019engager \u00e0 exercer \u00ab\u00a0en secteur 1\u00a0\u00bb, rappelle Denis Robin. Elles devront aussi organiser une r\u00e9ponse rapide\u00a0: \u00ab\u00a0donner des rendez-vous en moins de 48 heures pour tous les publics qui le n\u00e9cessitent\u00a0\u00bb, insiste-t-il.<\/p>\n<\/p>\n<p>H\u00f4pitaux de proximit\u00e9 et pharmacies aussi concern\u00e9s<\/p>\n<p>Chaque maison labellis\u00e9e pourra b\u00e9n\u00e9ficier d\u2019un soutien financier annuel allant jusqu\u2019\u00e0 50.000 euros, apport\u00e9 soit par l\u2019<a href=\"https:\/\/www.20minutes.fr\/dossier\/assurance_maladie\" target=\"_blank\" class=\"c-link c-link--is-underlined\" rel=\"noopener\">Assurance maladie<\/a>, soit par l\u2019ARS selon leur statut. Les premi\u00e8res n\u00e9gociations d\u00e9buteront en\u00a02026. Sur le terrain, les structures se pr\u00e9parent d\u00e9j\u00e0. A la maison de sant\u00e9 de Juvisy-sur-Orge, qui regroupe 18 soignants, la labellisation doit permettre l\u2019am\u00e9nagement d\u2019un \u00e9tage suppl\u00e9mentaire pour accueillir de nouveaux professionnels.<\/p>\n<p><a href=\"https:\/\/www.20minutes.fr\/sante\/\" target=\"_blank\" class=\"c-link c-btn c-btn--primary\" rel=\"noopener\">Notre dossier Sant\u00e9<\/a><\/p>\n<p>Pour les acteurs locaux, l\u2019enjeu d\u00e9passe le soutien financier. Le docteur Marie-Laure Salviato, pr\u00e9sidente de la CPTS Nord Essonne, souligne que le label est avant tout \u00ab\u00a0une mise en lumi\u00e8re\u00a0\u00bb de structures d\u00e9j\u00e0 engag\u00e9es dans l\u2019organisation des soins, tout en apportant \u00ab\u00a0une juste reconnaissance du travail accompli\u00a0\u00bb. Si les maisons pluriprofessionnelles et centres de sant\u00e9 sont les principaux cibles du dispositif, les cabinets de groupe, <a href=\"https:\/\/www.20minutes.fr\/dossier\/hopital\" target=\"_blank\" class=\"c-link c-link--is-underlined\" rel=\"noopener\">h\u00f4pitaux<\/a> de proximit\u00e9, m\u00e9dico-bus ou encore certaines <a href=\"https:\/\/www.20minutes.fr\/dossier\/pharmacie\" target=\"_blank\" class=\"c-link c-link--is-underlined\" rel=\"noopener\">pharmacies<\/a> \u00e9quip\u00e9es pour la t\u00e9l\u00e9consultation pourront \u00e9galement int\u00e9grer le r\u00e9seau.<\/p>\n","protected":false},"excerpt":{"rendered":"D\u2019ici la fin de l\u2019ann\u00e9e, l\u2019Ile-de-France aura identifi\u00e9 ses 120 premi\u00e8res Maisons France Sant\u00e9, a confirm\u00e9 mercredi Denis&hellip;\n","protected":false},"author":2,"featured_media":591728,"comment_status":"","ping_status":"","sticky":false,"template":"","format":"standard","meta":{"footnotes":""},"categories":[1592],"tags":[1111,47,11,13240,732,1777,674,1011,27,100,662,5112,6339,12,626,15299,25,71,731],"class_list":{"0":"post-591727","1":"post","2":"type-post","3":"status-publish","4":"format-standard","5":"has-post-thumbnail","7":"category-ile-de-france","8":"tag-actu","9":"tag-actualite","10":"tag-actualites","11":"tag-agence-regionale-de-sante","12":"tag-assurance-maladie","13":"tag-eu","14":"tag-europe","15":"tag-fr","16":"tag-france","17":"tag-hopital","18":"tag-ile-de-france","19":"tag-infirmiere","20":"tag-medecin","21":"tag-news","22":"tag-paris","23":"tag-pharmacie","24":"tag-republique-francaise","25":"tag-sante","26":"tag-securite-sociale"},"share_on_mastodon":{"url":"https:\/\/pubeurope.com\/@fr\/115698193186649662","error":""},"_links":{"self":[{"href":"https:\/\/www.europesays.com\/fr\/wp-json\/wp\/v2\/posts\/591727","targetHints":{"allow":["GET"]}}],"collection":[{"href":"https:\/\/www.europesays.com\/fr\/wp-json\/wp\/v2\/posts"}],"about":[{"href":"https:\/\/www.europesays.com\/fr\/wp-json\/wp\/v2\/types\/post"}],"author":[{"embeddable":true,"href":"https:\/\/www.europesays.com\/fr\/wp-json\/wp\/v2\/users\/2"}],"replies":[{"embeddable":true,"href":"https:\/\/www.europesays.com\/fr\/wp-json\/wp\/v2\/comments?post=591727"}],"version-history":[{"count":0,"href":"https:\/\/www.europesays.com\/fr\/wp-json\/wp\/v2\/posts\/591727\/revisions"}],"wp:featuredmedia":[{"embeddable":true,"href":"https:\/\/www.europesays.com\/fr\/wp-json\/wp\/v2\/media\/591728"}],"wp:attachment":[{"href":"https:\/\/www.europesays.com\/fr\/wp-json\/wp\/v2\/media?parent=591727"}],"wp:term":[{"taxonomy":"category","embeddable":true,"href":"https:\/\/www.europesays.com\/fr\/wp-json\/wp\/v2\/categories?post=591727"},{"taxonomy":"post_tag","embeddable":true,"href":"https:\/\/www.europesays.com\/fr\/wp-json\/wp\/v2\/tags?post=591727"}],"curies":[{"name":"wp","href":"https:\/\/api.w.org\/{rel}","templated":true}]}}