{"id":591731,"date":"2025-12-11T00:52:24","date_gmt":"2025-12-11T00:52:24","guid":{"rendered":"https:\/\/www.europesays.com\/fr\/591731\/"},"modified":"2025-12-11T00:52:24","modified_gmt":"2025-12-11T00:52:24","slug":"policiers-drones-cameras-pilotees-par-ia-a-paris-pierre-yves-bournazel-se-veut-un-maire-anti-mafias","status":"publish","type":"post","link":"https:\/\/www.europesays.com\/fr\/591731\/","title":{"rendered":"Policiers, drones, cam\u00e9ras pilot\u00e9es par IA&#8230; \u00c0 Paris, Pierre-Yves Bournazel se veut un \u00abmaire anti-mafias\u00bb"},"content":{"rendered":"<p>\n    <strong>EXCLUSIF<\/strong> &#8211; Le candidat d\u2019Horizons aux municipales, en visite mercredi \u00e0 La Chapelle, entend lutter contre les trafics et la d\u00e9linquance, gr\u00e2ce \u00e0 une s\u00e9rie de propositions cens\u00e9es le d\u00e9marquer de sa rivale Rachida Dati et de la municipalit\u00e9 socialiste.<\/p>\n<p class=\"fig-paragraph\">Le long des vendeurs \u00e0 la sauvette et de leurs gadgets \u00e9tal\u00e9s au sol,\u00a0<a href=\"http:\/\/www.lefigaro.fr\/politique\/municipales-a-paris-a-droite-pierre-yves-bournazel-joue-sa-carte-rachida-dati-trace-sa-route-20251104\" data-fig-type=\"Article\" data-gtm-custom-categorie=\"navigation\" data-gtm-custom-action=\"crossclick\" data-gtm-custom-label=\"Contextuel\" data-gtm-event=\"customEventSPE\" data-fig-domain=\"LEFIGARO\" target=\"_blank\" rel=\"noopener\">Pierre-Yves Bournazel<\/a>\u00a0remonte la rue Marx Dormoy, au nord de Paris. \u00abVoil\u00e0 ce qu\u2019on laisse faire. Avec moi, la police municipale sera l\u00e0 et l\u2019occupation ill\u00e9gale du domaine public, ce sera termin\u00e9\u00bb, lance le candidat d\u2019Horizons et de Renaissance aux \u00e9lections municipales de mars. Sur son chemin, ce mercredi 10 d\u00e9cembre, le quadrag\u00e9naire s\u2019agace de ces boutiques de t\u00e9l\u00e9com et de parfumerie qu\u2019il soup\u00e7onne de blanchir l\u2019argent issu du trafic de drogue. Il souhaite les \u00abfaire fermer\u00bb et \u00abremonter les fili\u00e8res pour les d\u00e9manteler\u00bb.<\/p>\n<p class=\"fig-paragraph\">Alors qu\u2019il s\u2019attend \u00e0 voir la s\u00e9curit\u00e9 occuper une partie de la campagne \u00e9lectorale, Pierre-Yves Bournazel promet aux Parisiens de devenir \u00able maire anti-pagaille et anti-mafias\u00bb. Il veut transformer La Chapelle, ce quartier \u00e0 la forte communaut\u00e9 afghane, devenu un symbole de l\u2019ins\u00e9curit\u00e9. Dans ce secteur\u00a0<a href=\"http:\/\/www.lefigaro.fr\/faits-divers\/paris-un-homme-poignarde-a-mort-dans-le-18e-arrondissement-un-suspect-interpelle-20250831\" data-fig-type=\"NewsFlash\" data-gtm-custom-categorie=\"navigation\" data-gtm-custom-action=\"crossclick\" data-gtm-custom-label=\"Contextuel\" data-gtm-event=\"customEventSPE\" data-fig-domain=\"LEFIGARO\" target=\"_blank\" rel=\"noopener\">o\u00f9 deux hommes sont morts poignard\u00e9s en ao\u00fbt<\/a>, \u00ables choses sont beaucoup plus graves. Mais\u2026<\/p>\n<p class=\"fig-premium-paywall__infos\">\n        Cet article est r\u00e9serv\u00e9 aux abonn\u00e9s.        Il vous reste 78% \u00e0 d\u00e9couvrir.\n    <\/p>\n<p>                <img  data- alt=\"Le Figaro\" class=\"fig-img--complete fig-img\"\/><\/p>\n<p class=\"fig-premium-paywall__title\">Vente Flash<\/p>\n<p class=\"fig-premium-paywall__subtitle\">-50% sur l&rsquo;abonnement num\u00e9rique<\/p>\n<p class=\"fig-premium-paywall__connect\">\n                D\u00e9j\u00e0 abonn\u00e9\u00a0?                <a class=\"fig-premium-paywall__connect-link\" href=\"https:\/\/connect.lefigaro.fr\/login?client=horizon_web&amp;type=main&amp;redirect_uri=https%3A%2F%2Fwww.lefigaro.fr%2Fpolitique%2Fpoliciers-drones-cameras-pilotees-par-ia-a-paris-pierre-yves-bournazel-se-veut-un-maire-anti-mafias-20251210\" data-js-gtm=\"{&quot;customCategorie&quot;: &quot;conversion&quot;, &quot;customAction&quot;: &quot;before_Landing_Connexion_paywall_auto&quot;, &quot;customLabel&quot;: &quot;bGVmaWdhcm8uZnJfXzFmMGQ1ZGE5LTBjMTctNjUwNC1hNzY2LTY3OWNlNzM4Zjk3M19fTmV3c0ZsYXNo_Policiers, drones, cam\u00e9ras pilot\u00e9es par IA... \u00c0 Paris, Pierre-Yves Bournazel se veut un \u00abmaire anti-mafias\u00bb_397&quot;, &quot;customIDSPE&quot;: &quot;bGVmaWdhcm8uZnJfXzFmMGQ1ZGE5LTBjMTctNjUwNC1hNzY2LTY3OWNlNzM4Zjk3M19fTmV3c0ZsYXNo&quot;, &quot;event&quot;: &quot;customEventSPE&quot;}\" target=\"_blank\" rel=\"noopener\"><br \/>\n                    Connectez-vous<br \/>\n                <\/a>\n            <\/p>\n","protected":false},"excerpt":{"rendered":"EXCLUSIF &#8211; Le candidat d\u2019Horizons aux municipales, en visite mercredi \u00e0 La Chapelle, entend lutter contre les trafics&hellip;\n","protected":false},"author":2,"featured_media":591732,"comment_status":"","ping_status":"","sticky":false,"template":"","format":"standard","meta":{"footnotes":""},"categories":[1888],"tags":[1111,1928,11,1927,4188,1777,674,1011,27,12,1926,626,1925,59616,417,25],"class_list":{"0":"post-591731","1":"post","2":"type-post","3":"status-publish","4":"format-standard","5":"has-post-thumbnail","7":"category-paris","8":"tag-actu","9":"tag-actu-paris","10":"tag-actualites","11":"tag-actualites-paris","12":"tag-elections-municipales","13":"tag-eu","14":"tag-europe","15":"tag-fr","16":"tag-france","17":"tag-news","18":"tag-news-paris","19":"tag-paris","20":"tag-paris-news","21":"tag-pierre-yves-bournazel","22":"tag-rachida-dati","23":"tag-republique-francaise"},"share_on_mastodon":{"url":"https:\/\/pubeurope.com\/@fr\/115698202001540743","error":""},"_links":{"self":[{"href":"https:\/\/www.europesays.com\/fr\/wp-json\/wp\/v2\/posts\/591731","targetHints":{"allow":["GET"]}}],"collection":[{"href":"https:\/\/www.europesays.com\/fr\/wp-json\/wp\/v2\/posts"}],"about":[{"href":"https:\/\/www.europesays.com\/fr\/wp-json\/wp\/v2\/types\/post"}],"author":[{"embeddable":true,"href":"https:\/\/www.europesays.com\/fr\/wp-json\/wp\/v2\/users\/2"}],"replies":[{"embeddable":true,"href":"https:\/\/www.europesays.com\/fr\/wp-json\/wp\/v2\/comments?post=591731"}],"version-history":[{"count":0,"href":"https:\/\/www.europesays.com\/fr\/wp-json\/wp\/v2\/posts\/591731\/revisions"}],"wp:featuredmedia":[{"embeddable":true,"href":"https:\/\/www.europesays.com\/fr\/wp-json\/wp\/v2\/media\/591732"}],"wp:attachment":[{"href":"https:\/\/www.europesays.com\/fr\/wp-json\/wp\/v2\/media?parent=591731"}],"wp:term":[{"taxonomy":"category","embeddable":true,"href":"https:\/\/www.europesays.com\/fr\/wp-json\/wp\/v2\/categories?post=591731"},{"taxonomy":"post_tag","embeddable":true,"href":"https:\/\/www.europesays.com\/fr\/wp-json\/wp\/v2\/tags?post=591731"}],"curies":[{"name":"wp","href":"https:\/\/api.w.org\/{rel}","templated":true}]}}