{"id":591733,"date":"2025-12-11T00:53:22","date_gmt":"2025-12-11T00:53:22","guid":{"rendered":"https:\/\/www.europesays.com\/fr\/591733\/"},"modified":"2025-12-11T00:53:22","modified_gmt":"2025-12-11T00:53:22","slug":"a-paris-vf-corporation-mise-sur-le-marais-avec-timberland-et-vans","status":"publish","type":"post","link":"https:\/\/www.europesays.com\/fr\/591733\/","title":{"rendered":"A Paris, VF Corporation mise sur le Marais avec Timberland et Vans"},"content":{"rendered":"<p>\n                                    <b>Publi\u00e9 le<\/b><br \/>\n                                    <\/p>\n<p>                                        10 d\u00e9cembre 2025<\/p>\n<p class=\"article-content col-md-8 offset-md-1\">\n                                <a class=\"fnwAddLinks\" href=\"https:\/\/fr.fashionnetwork.com\/tags-vf-corporation\" title=\"VF Corporation\" target=\"_blank\" rel=\"noopener\">VF Corporation<\/a> renforce sa pr\u00e9sence parisienne avec l\u2019ouverture coup sur coup de deux enseignes phares du groupe dans le Marais. Le quartier est devenu l\u2019un des territoires les plus convoit\u00e9s par les marques internationales.<\/p>\n<p><img decoding=\"async\" class=\"news-image\" style=\"width:100%;\" src=\"https:\/\/www.europesays.com\/fr\/wp-content\/uploads\/2025\/12\/a65c.jpg\" alt=\"Int\u00e9rieur de la boutique Timberland\" loading=\"lazy\"\/>Int\u00e9rieur de la boutique Timberland &#8211; Timberland<\/p>\n<p class=\"col-md-8 offset-md-1 article-content--texte\"><a class=\"fnwAddLinks\" href=\"https:\/\/fr.fashionnetwork.com\/tags-timberland\" title=\"Timberland\" target=\"_blank\" rel=\"noopener\">Timberland<\/a> inaugure une nouvelle boutique au 14, rue du Temple, tandis que <a class=\"fnwAddLinks\" href=\"https:\/\/fr.fashionnetwork.com\/tags-vans\" title=\"Vans\" target=\"_blank\" rel=\"noopener\">Vans<\/a> d\u00e9ploie un flagship cr\u00e9atif d\u2019envergure, confirmant l\u2019int\u00e9r\u00eat du groupe am\u00e9ricain pour les zones urbaines \u00e0 forte influence culturelle et commerciale. Pour rappel, VF Corporation r\u00e9alise 9,5 milliards de dollars de chiffre d\u2019affaires au niveau global.<\/p>\n<p>Les nouvelles boutiques du groupe am\u00e9ricain sont implant\u00e9es c\u00f4te \u00e0 c\u00f4te au c\u0153ur du Marais, \u00e0 quelques pas de l&rsquo;H\u00f4tel de Ville de la capitale. L&rsquo;offre de Timberland s&rsquo;exprime dans un espace de 130 m\u00e8tres carr\u00e9s con\u00e7u par le Studio Andrea Caputo. Situ\u00e9e rue du Temple, une rue commer\u00e7ante anim\u00e9e o\u00f9 se c\u00f4toient d\u00e9j\u00e0 <a class=\"fnwAddLinks\" href=\"https:\/\/fr.fashionnetwork.com\/tags-rossignol\" title=\"Rossignol\" target=\"_blank\" rel=\"noopener\">Rossignol<\/a>, <a class=\"fnwAddLinks\" href=\"https:\/\/fr.fashionnetwork.com\/tags-aigle\" title=\"Aigle\" target=\"_blank\" rel=\"noopener\">Aigle<\/a>, <a class=\"fnwAddLinks\" href=\"https:\/\/fr.fashionnetwork.com\/tags-k-way\" title=\"K-Way\" target=\"_blank\" rel=\"noopener\">K-Way<\/a> ou encore <a class=\"fnwAddLinks\" href=\"https:\/\/fr.fashionnetwork.com\/tags-american-vintage\" title=\"American Vintage\" target=\"_blank\" rel=\"noopener\">American Vintage<\/a>, la boutique s\u2019inscrit dans un environnement particuli\u00e8rement dynamique pour les marques outdoor et lifestyle.<\/p>\n<p class=\"col-md-8 offset-md-1 article-content--texte\">Le magasin met en avant les lignes premium de la marque, ses collaborations exclusives et ses pi\u00e8ces outerwear h\u00e9ritage. Selon la marque, le lieu a \u00e9t\u00e9 pens\u00e9 comme un paysage sculptural continu o\u00f9 b\u00e9ton poli, bois massif et surfaces textur\u00e9es composent un environnement d\u00e9di\u00e9 au savoir-faire et \u00e0 la mise en sc\u00e8ne du produit. Le projet s\u2019inscrit dans la strat\u00e9gie internationale de Timberland, qui d\u00e9veloppe sa pr\u00e9sence dans les capitales culturelles cl\u00e9s en Europe, en coh\u00e9rence avec son h\u00e9ritage outdoor et sa mont\u00e9e en gamme. La marque p\u00e8se 1,6 milliard de dollars de revenus au sein du groupe.<\/p>\n<p><img decoding=\"async\" class=\"news-image\" style=\"width:100%;\" src=\"https:\/\/www.europesays.com\/fr\/wp-content\/uploads\/2025\/12\/cd1a.jpg\" alt=\"La nouvelle boutique Vans, rue du Temple \u00e0 Paris\" loading=\"lazy\"\/>La nouvelle boutique Vans, rue du Temple \u00e0 Paris &#8211; Vans<\/p>\n<p class=\"col-md-8 offset-md-1 article-content--texte\">\u00c0 quelques m\u00e8tres de l\u00e0, Vans inaugure Vans Le Marais, l\u2019un de ses concepts retail les plus ambitieux en Europe. Le magasin s\u2019\u00e9tend sur 170 m\u00e8tres carr\u00e9s en rez-de-chauss\u00e9e, compl\u00e9t\u00e9s par une cour ext\u00e9rieure d\u2019environ 200 m\u00e8tres carr\u00e9s d\u00e9di\u00e9e aux programmations culturelles et aux rassemblements communautaires.<\/p>\n<p>Con\u00e7u l\u00e0 aussi par Andrea Caputo, l\u2019espace adopte une approche inspir\u00e9e des galeries, m\u00ealant \u0153uvres, installations sensorielles et s\u00e9lection de produits premium. Vans repr\u00e9sente pour sa part 2,35 milliards de dollars de chiffre d\u2019affaires dans les r\u00e9sultats de VF Corporation.\u00a0<\/p>\n<p><img decoding=\"async\" class=\"news-image\" style=\"width:100%;\" src=\"https:\/\/www.europesays.com\/fr\/wp-content\/uploads\/2025\/12\/b063.jpg\" alt=\"Mural de pr\u00e9sentation de chaussures dans le nouveau magasin Vans de Paris\" loading=\"lazy\"\/>Mural de pr\u00e9sentation de chaussures dans le nouveau magasin Vans de Paris &#8211; Vans<\/p>\n<p>Le magasin est le seul en France \u00e0 proposer la ligne OTW, des \u00e9ditions limit\u00e9es et plusieurs capsules exclusives. OTW signe en effet des collaborations originales, comme celle commercialis\u00e9e ce 11 d\u00e9cembre avec la marque californienne Gallery Dept de l&rsquo;artiste et designer Josu\u00e9 Thomas autour de son mod\u00e8le Authentic 44, qui b\u00e9n\u00e9ficie d&rsquo;un traitement de traces de peintures r\u00e9alis\u00e9es \u00e0 la main sur chaque paire.<\/p>\n<p>Vans, <a href=\"https:\/\/fr.fashionnetwork.com\/news\/La-strategie-de-vf-corp-pour-remettre-vans-sur-pied,1754466.html\" target=\"_blank\" rel=\"noopener\">dans sa r\u00e9organisation mondiale<\/a> engag\u00e9e il y a plus d&rsquo;un an, avait ferm\u00e9 son magasin install\u00e9 \u00e0 Beaubourg. Dans ce nouveau site, la marque d\u00e9ploie un calendrier d\u2019\u00e9v\u00e9nements associant musique, skate, design et collaborations locales, faisant de ce lieu un hub destin\u00e9 aux cr\u00e9atifs et aux communaut\u00e9s parisiennes.<\/p>\n<p>Ces deux ouvertures illustrent la strat\u00e9gie de VF Corporation, qui regroupe notamment <a class=\"fnwAddLinks\" href=\"https:\/\/fr.fashionnetwork.com\/tags-the-north-face\" title=\"The North Face\" target=\"_blank\" rel=\"noopener\">The North Face<\/a>, Timberland et Vans, et qui continue de miser sur les march\u00e9s urbains \u00e0 fort potentiel d\u2019influence. Le groupe am\u00e9ricain s\u2019appuie sur un r\u00e9seau mondial de distribution couvrant plus de 100 pays. L\u2019arriv\u00e9e simultan\u00e9e de Timberland et Vans confirme la dynamique de la rue du Temple comme foyer des marques m\u00ealant codes streetwear, lifestyle et outdoor.\n                            <\/p>\n<p>\n                                Tous droits de reproduction et de repr\u00e9sentation r\u00e9serv\u00e9s.<br \/>\u00a9 2025 FashionNetwork.com\n                            <\/p>\n","protected":false},"excerpt":{"rendered":"Publi\u00e9 le 10 d\u00e9cembre 2025 VF Corporation renforce sa pr\u00e9sence parisienne avec l\u2019ouverture coup sur coup de deux&hellip;\n","protected":false},"author":2,"featured_media":591734,"comment_status":"","ping_status":"","sticky":false,"template":"","format":"standard","meta":{"footnotes":""},"categories":[1888],"tags":[11,15730,70468,2424,537,2423,1777,674,1011,27,62333,2425,985,12,2298,626,2426,2427,25,2421,24980,2422,30696,70465,70466,70467],"class_list":{"0":"post-591733","1":"post","2":"type-post","3":"status-publish","4":"format-standard","5":"has-post-thumbnail","7":"category-paris","8":"tag-actualites","9":"tag-aigle","10":"tag-american-vintage","11":"tag-beaute","12":"tag-contact","13":"tag-cosmetiques","14":"tag-eu","15":"tag-europe","16":"tag-fr","17":"tag-france","18":"tag-k-way","19":"tag-luxe","20":"tag-mode","21":"tag-news","22":"tag-parfum","23":"tag-paris","24":"tag-professionnel","25":"tag-professionnels","26":"tag-republique-francaise","27":"tag-reseau","28":"tag-rossignol","29":"tag-textile","30":"tag-the-north-face","31":"tag-timberland","32":"tag-vans","33":"tag-vf-corporation"},"share_on_mastodon":{"url":"https:\/\/pubeurope.com\/@fr\/115698205686154127","error":""},"_links":{"self":[{"href":"https:\/\/www.europesays.com\/fr\/wp-json\/wp\/v2\/posts\/591733","targetHints":{"allow":["GET"]}}],"collection":[{"href":"https:\/\/www.europesays.com\/fr\/wp-json\/wp\/v2\/posts"}],"about":[{"href":"https:\/\/www.europesays.com\/fr\/wp-json\/wp\/v2\/types\/post"}],"author":[{"embeddable":true,"href":"https:\/\/www.europesays.com\/fr\/wp-json\/wp\/v2\/users\/2"}],"replies":[{"embeddable":true,"href":"https:\/\/www.europesays.com\/fr\/wp-json\/wp\/v2\/comments?post=591733"}],"version-history":[{"count":0,"href":"https:\/\/www.europesays.com\/fr\/wp-json\/wp\/v2\/posts\/591733\/revisions"}],"wp:featuredmedia":[{"embeddable":true,"href":"https:\/\/www.europesays.com\/fr\/wp-json\/wp\/v2\/media\/591734"}],"wp:attachment":[{"href":"https:\/\/www.europesays.com\/fr\/wp-json\/wp\/v2\/media?parent=591733"}],"wp:term":[{"taxonomy":"category","embeddable":true,"href":"https:\/\/www.europesays.com\/fr\/wp-json\/wp\/v2\/categories?post=591733"},{"taxonomy":"post_tag","embeddable":true,"href":"https:\/\/www.europesays.com\/fr\/wp-json\/wp\/v2\/tags?post=591733"}],"curies":[{"name":"wp","href":"https:\/\/api.w.org\/{rel}","templated":true}]}}