{"id":591735,"date":"2025-12-11T00:55:14","date_gmt":"2025-12-11T00:55:14","guid":{"rendered":"https:\/\/www.europesays.com\/fr\/591735\/"},"modified":"2025-12-11T00:55:14","modified_gmt":"2025-12-11T00:55:14","slug":"brioni-inaugure-une-boutique-rue-saint-honore-a-paris","status":"publish","type":"post","link":"https:\/\/www.europesays.com\/fr\/591735\/","title":{"rendered":"Brioni inaugure une boutique rue Saint-Honor\u00e9 \u00e0 Paris"},"content":{"rendered":"<p>\n                                        <b>Traduit par<\/b><br \/>\n                                        <br \/>Cecile Herrero\n                                    <\/p>\n<p>\n                                    <b>Publi\u00e9 le<\/b><br \/>\n                                    <\/p>\n<p>                                        11 d\u00e9cembre 2025<\/p>\n<p class=\"article-content col-md-8 offset-md-1\">\n                                <a class=\"fnwAddLinks\" href=\"https:\/\/fr.fashionnetwork.com\/tags-brioni\" title=\"Brioni\" target=\"_blank\" rel=\"noopener\">Brioni<\/a> confirme la place de Paris parmi ses destinations cl\u00e9s sur la sc\u00e8ne internationale en annon\u00e7ant l\u2019ouverture de sa boutique dans la Ville Lumi\u00e8re, situ\u00e9e au 229, rue Saint-Honor\u00e9.<\/p>\n<p><img decoding=\"async\" class=\"news-image\" style=\"width:100%;\" src=\"https:\/\/www.europesays.com\/fr\/wp-content\/uploads\/2025\/12\/6e7b.jpg\" alt=\"Brioni \u00e0 Paris. L'ext\u00e9rieur\" loading=\"lazy\"\/>Brioni \u00e0 Paris. L&rsquo;ext\u00e9rieur &#8211; Brioni<\/p>\n<p class=\"col-md-8 offset-md-1 article-content--texte\">R\u00e9parti sur deux niveaux, le nouvel espace accueille les visiteurs dans une atmosph\u00e8re contemporaine et raffin\u00e9e, d\u00e9finie par l\u2019usage de mat\u00e9riaux naturels et une palette chaleureuse qui marie travertin poli et parquet en ch\u00eane \u00e0 chevrons \u00e0 des surfaces aux tons neutres et \u00e0 des d\u00e9tails en m\u00e9tal sombre.<\/p>\n<p>Des tissus de lin dans des nuances de beige et de bleu habillent le mobilier et les boiseries, contribuant \u00e0 cr\u00e9er une atmosph\u00e8re lumineuse, en harmonie avec l\u2019esth\u00e9tique de la marque. Une s\u00e9lection soign\u00e9e de mobilier italien vintage conf\u00e8re \u00e0 l\u2019espace un caract\u00e8re intemporel, ajoutant de la profondeur et du raffinement \u00e0 l\u2019ambiance. Des pi\u00e8ces iconiques du design du XXe si\u00e8cle, parmi lesquelles des fauteuils, des tables et des \u00e9l\u00e9ments d\u2019ameublement originaux, dialoguent avec les mat\u00e9riaux et la palette de couleurs de la boutique, cr\u00e9ant un \u00e9quilibre \u00e9l\u00e9gant et discret.<\/p>\n<p><img decoding=\"async\" class=\"news-image\" style=\"width:100%;\" src=\"https:\/\/www.europesays.com\/fr\/wp-content\/uploads\/2025\/12\/d325.jpg\" alt=\"Brioni \u00e0 Paris. Vue de l'int\u00e9rieur\" loading=\"lazy\"\/>Brioni \u00e0 Paris. Vue de l&rsquo;int\u00e9rieur &#8211; Brioni<\/p>\n<p class=\"col-md-8 offset-md-1 article-content--texte\">La nouvelle boutique monomarque Brioni pr\u00e9sente les collections de pr\u00eat-\u00e0-porter homme et femme, l\u2019habillement formel, les v\u00eatements de loisirs, les accessoires et les parfums de la marque, ainsi qu\u2019un service exclusif de sur-mesure.<\/p>\n<p>Fond\u00e9e en 1945, la maison, qui fut en 1952 la premi\u00e8re marque de mode masculine \u00e0 organiser un d\u00e9fil\u00e9 (dans la l\u00e9gendaire Sala Bianca de Florence), fait depuis 2011 partie du g\u00e9ant fran\u00e7ais du luxe <a class=\"fnwAddLinks\" href=\"https:\/\/fr.fashionnetwork.com\/tags-kering\" title=\"Kering\" target=\"_blank\" rel=\"noopener\">Kering<\/a>, bas\u00e9 \u00e0 Paris. De 2018 jusqu\u2019\u00e0 la semaine derni\u00e8re, l\u2019identit\u00e9 stylistique de la marque \u00e9tait sign\u00e9e par le brillant couturier autrichien de mode masculine Norbert Stumpfl, dont le mandat vient de s\u2019achever. Sous sa houlette, Brioni s\u2019est \u00e9galement d\u00e9velopp\u00e9e avec ma\u00eetrise dans l\u2019habillement f\u00e9minin, exprimant un luxe discret avec un rare aplomb.<\/p>\n<p><img decoding=\"async\" class=\"news-image\" style=\"width:100%;\" src=\"https:\/\/www.europesays.com\/fr\/wp-content\/uploads\/2025\/12\/61a1.jpg\" alt=\"Brioni \u00e0 Paris. Vue de l'int\u00e9rieur\" loading=\"lazy\"\/>Brioni \u00e0 Paris. Vue de l&rsquo;int\u00e9rieur &#8211; Brioni<\/p>\n<p class=\"col-md-8 offset-md-1 article-content--texte\">Au cours des derniers mois, entre juillet et septembre, Brioni a \u00e9galement inaugur\u00e9 des boutiques au quatri\u00e8me \u00e9tage de la <a class=\"fnwAddLinks\" href=\"https:\/\/fr.fashionnetwork.com\/tags-lotte\" title=\"Lotte\" target=\"_blank\" rel=\"noopener\">Lotte<\/a> World Tower, \u00e0 S\u00e9oul, au Dubai Mall, \u00e0 Tokyo, au sein de Roppongi Hills, sur la c\u00e9l\u00e8bre Keyakizaka Street, et \u00e0 Monterrey, au Mexique, au sein du Palacio de Hierro. La maison romaine de grande tradition tailleur peut se targuer d\u2019une pr\u00e9sence mondiale, avec des boutiques dans de nombreux pays, notamment en Italie, aux \u00c9tats-Unis, au Royaume-Uni, en France, au Japon, en Chine (y compris Hong Kong), aux \u00c9mirats arabes unis, au Qatar, au Kowe\u00eft, au Mexique, en Russie, en Inde, en Cor\u00e9e du Sud, en Turquie, en Suisse, en Azerba\u00efdjan et en Ouzb\u00e9kistan.\n                            <\/p>\n<p>\n                                Cet article est une traduction automatique.<br \/>\n                                    <a href=\"https:\/\/it.fashionnetwork.com\/news\/Brioni-arriva-con-una-boutique-in-rue-saint-honore-a-parigi,1790730.html\" target=\"_blank\" rel=\"noopener\">Cliquez ici<\/a> pour consulter l&rsquo;article d&rsquo;origine.\n                            <\/p>\n<p>\n                                Tous droits de reproduction et de repr\u00e9sentation r\u00e9serv\u00e9s.<br \/>\u00a9 2025 FashionNetwork.com\n                            <\/p>\n","protected":false},"excerpt":{"rendered":"Traduit par Cecile Herrero Publi\u00e9 le 11 d\u00e9cembre 2025 Brioni confirme la place de Paris parmi ses destinations&hellip;\n","protected":false},"author":2,"featured_media":591736,"comment_status":"","ping_status":"","sticky":false,"template":"","format":"standard","meta":{"footnotes":""},"categories":[1888],"tags":[11,2424,70469,537,2423,1777,674,1011,27,24445,66156,2425,985,12,2298,626,2426,2427,25,2421,30548,2422],"class_list":{"0":"post-591735","1":"post","2":"type-post","3":"status-publish","4":"format-standard","5":"has-post-thumbnail","7":"category-paris","8":"tag-actualites","9":"tag-beaute","10":"tag-brioni","11":"tag-contact","12":"tag-cosmetiques","13":"tag-eu","14":"tag-europe","15":"tag-fr","16":"tag-france","17":"tag-kering","18":"tag-lotte","19":"tag-luxe","20":"tag-mode","21":"tag-news","22":"tag-parfum","23":"tag-paris","24":"tag-professionnel","25":"tag-professionnels","26":"tag-republique-francaise","27":"tag-reseau","28":"tag-saint-honore","29":"tag-textile"},"share_on_mastodon":{"url":"","error":""},"_links":{"self":[{"href":"https:\/\/www.europesays.com\/fr\/wp-json\/wp\/v2\/posts\/591735","targetHints":{"allow":["GET"]}}],"collection":[{"href":"https:\/\/www.europesays.com\/fr\/wp-json\/wp\/v2\/posts"}],"about":[{"href":"https:\/\/www.europesays.com\/fr\/wp-json\/wp\/v2\/types\/post"}],"author":[{"embeddable":true,"href":"https:\/\/www.europesays.com\/fr\/wp-json\/wp\/v2\/users\/2"}],"replies":[{"embeddable":true,"href":"https:\/\/www.europesays.com\/fr\/wp-json\/wp\/v2\/comments?post=591735"}],"version-history":[{"count":0,"href":"https:\/\/www.europesays.com\/fr\/wp-json\/wp\/v2\/posts\/591735\/revisions"}],"wp:featuredmedia":[{"embeddable":true,"href":"https:\/\/www.europesays.com\/fr\/wp-json\/wp\/v2\/media\/591736"}],"wp:attachment":[{"href":"https:\/\/www.europesays.com\/fr\/wp-json\/wp\/v2\/media?parent=591735"}],"wp:term":[{"taxonomy":"category","embeddable":true,"href":"https:\/\/www.europesays.com\/fr\/wp-json\/wp\/v2\/categories?post=591735"},{"taxonomy":"post_tag","embeddable":true,"href":"https:\/\/www.europesays.com\/fr\/wp-json\/wp\/v2\/tags?post=591735"}],"curies":[{"name":"wp","href":"https:\/\/api.w.org\/{rel}","templated":true}]}}