{"id":591739,"date":"2025-12-11T00:57:13","date_gmt":"2025-12-11T00:57:13","guid":{"rendered":"https:\/\/www.europesays.com\/fr\/591739\/"},"modified":"2025-12-11T00:57:13","modified_gmt":"2025-12-11T00:57:13","slug":"ukraine-au-coeur-de-la-guerre-le-musee-khanenko-consacre-une-exposition-aux-arts-africains-reportage-international","status":"publish","type":"post","link":"https:\/\/www.europesays.com\/fr\/591739\/","title":{"rendered":"Ukraine: au c\u0153ur de la guerre, le mus\u00e9e Khanenko consacre une exposition aux arts africains &#8211; Reportage international"},"content":{"rendered":"<p class=\"t-content__chapo\">\n                                                Au d\u00e9but de la guerre en Ukraine, les collections du mus\u00e9e d&rsquo;art Khanenko, situ\u00e9 au c\u0153ur de Kiev, ont \u00e9t\u00e9 \u00e9vacu\u00e9es dans des zones plus s\u00fbres. Depuis 2022, le mus\u00e9e a tout travers\u00e9 : des explosions ont endommag\u00e9 le b\u00e2timent, et le personnel doit d\u00e9sormais jongler avec les coupures d&rsquo;\u00e9lectricit\u00e9 quotidiennes. Pourtant, il reste dynamique gr\u00e2ce \u00e0 une \u00e9quipe qui a pris la d\u00e9cision de mettre en avant des espaces g\u00e9ographiques et culturels encore peu connus des Ukrainiens. L&rsquo;exposition actuelle du mus\u00e9e, Africa Direct, fait partie de cette d\u00e9marche d&rsquo;ouverture de l&rsquo;Ukraine sur le monde. Elle r\u00e9v\u00e8le aussi des points communs entre des cultures et des pays qui, bien qu&rsquo;\u00e9loign\u00e9s g\u00e9ographiquement, partagent certaines luttes, et certaines aspirations.                    <\/p>\n<p><img decoding=\"async\" fetchpriority=\"low\" src=\"https:\/\/www.europesays.com\/fr\/wp-content\/uploads\/2025\/12\/Africa-direct-RFI.jpg\"   width=\"1024\" height=\"576\" alt=\"L'exposition \u00ab Africa direct \u00bb du mus\u00e9e Khanenko de Kiev permet aux curieux de s'ouvrir au monde par la d\u00e9couverte d'objets d'art et d'histoire en provenance de 18 pays africains.\" loading=\"eager\" class=\"a-img \"\/><\/p>\n<p>                L&rsquo;exposition \u00ab Africa direct \u00bb du mus\u00e9e Khanenko de Kiev permet aux curieux de s&rsquo;ouvrir au monde par la d\u00e9couverte d&rsquo;objets d&rsquo;art et d&rsquo;histoire en provenance de 18 pays africains.                \u00a9 Emmanuelle Chaze\/RFi            <\/p>\n<p>Le reportage de notre correspondante Emanuelle Chaze \u00e0 Kiev est \u00e0 retrouver dans son int\u00e9gralit\u00e9 dans le podcast <strong><a target=\"_self\" href=\"https:\/\/www.rfi.fr\/fr\/podcasts\/accents-europe\/\" rel=\"noopener\">Accents d&rsquo;Europe<\/a><\/strong>.<\/p>\n<p class=\"a-read-more\">\u00c0 lire aussi<a target=\"_self\" href=\"https:\/\/www.rfi.fr\/fr\/europe\/20250713-guerre-en-ukraine-la-spoliation-des-biens-culturels-par-la-russie-est-syst\u00e9matique-g\u00e9n\u00e9ralis\u00e9e-et-organis\u00e9e\" class=\"a-read-more__link\" rel=\"noopener\">Guerre en Ukraine: la spoliation des biens culturels par la Russie est \u00absyst\u00e9matique, g\u00e9n\u00e9ralis\u00e9e et organis\u00e9e\u00bb<\/a><\/p>\n","protected":false},"excerpt":{"rendered":"Au d\u00e9but de la guerre en Ukraine, les collections du mus\u00e9e d&rsquo;art Khanenko, situ\u00e9 au c\u0153ur de Kiev,&hellip;\n","protected":false},"author":2,"featured_media":591740,"comment_status":"","ping_status":"","sticky":false,"template":"","format":"standard","meta":{"footnotes":""},"categories":[1590],"tags":[11,879,1348,251,1777,674,3293,12,2436,220],"class_list":{"0":"post-591739","1":"post","2":"type-post","3":"status-publish","4":"format-standard","5":"has-post-thumbnail","7":"category-ukraine","8":"tag-actualites","9":"tag-afrique","10":"tag-arts","11":"tag-culture","12":"tag-eu","13":"tag-europe","14":"tag-exposition","15":"tag-news","16":"tag-reportage-international","17":"tag-ukraine"},"share_on_mastodon":{"url":"https:\/\/pubeurope.com\/@fr\/115698221512385108","error":""},"_links":{"self":[{"href":"https:\/\/www.europesays.com\/fr\/wp-json\/wp\/v2\/posts\/591739","targetHints":{"allow":["GET"]}}],"collection":[{"href":"https:\/\/www.europesays.com\/fr\/wp-json\/wp\/v2\/posts"}],"about":[{"href":"https:\/\/www.europesays.com\/fr\/wp-json\/wp\/v2\/types\/post"}],"author":[{"embeddable":true,"href":"https:\/\/www.europesays.com\/fr\/wp-json\/wp\/v2\/users\/2"}],"replies":[{"embeddable":true,"href":"https:\/\/www.europesays.com\/fr\/wp-json\/wp\/v2\/comments?post=591739"}],"version-history":[{"count":0,"href":"https:\/\/www.europesays.com\/fr\/wp-json\/wp\/v2\/posts\/591739\/revisions"}],"wp:featuredmedia":[{"embeddable":true,"href":"https:\/\/www.europesays.com\/fr\/wp-json\/wp\/v2\/media\/591740"}],"wp:attachment":[{"href":"https:\/\/www.europesays.com\/fr\/wp-json\/wp\/v2\/media?parent=591739"}],"wp:term":[{"taxonomy":"category","embeddable":true,"href":"https:\/\/www.europesays.com\/fr\/wp-json\/wp\/v2\/categories?post=591739"},{"taxonomy":"post_tag","embeddable":true,"href":"https:\/\/www.europesays.com\/fr\/wp-json\/wp\/v2\/tags?post=591739"}],"curies":[{"name":"wp","href":"https:\/\/api.w.org\/{rel}","templated":true}]}}