{"id":591741,"date":"2025-12-11T00:58:13","date_gmt":"2025-12-11T00:58:13","guid":{"rendered":"https:\/\/www.europesays.com\/fr\/591741\/"},"modified":"2025-12-11T00:58:13","modified_gmt":"2025-12-11T00:58:13","slug":"qui-est-eileen-higgins-premiere-femme-a-devenir-maire-democrate-de-miami","status":"publish","type":"post","link":"https:\/\/www.europesays.com\/fr\/591741\/","title":{"rendered":"Qui est Eileen Higgins, premi\u00e8re femme \u00e0 devenir maire d\u00e9mocrate de Miami\u00a0?"},"content":{"rendered":"<p>En remportant la mairie de <a href=\"https:\/\/www.20minutes.fr\/dossier\/miami\" target=\"_blank\" class=\"c-link c-link--is-underlined\" rel=\"noopener\">Miami<\/a>, mardi, Eileen Higgins a bris\u00e9 l\u2019un des plus anciens verrous politiques de <a href=\"https:\/\/www.20minutes.fr\/dossier\/floride\" target=\"_blank\" class=\"c-link c-link--is-underlined\" rel=\"noopener\">Floride<\/a>. Sa victoire met fin \u00e0 pr\u00e8s de trente ans d\u2019h\u00e9g\u00e9monie r\u00e9publicaine dans une ville historiquement domin\u00e9e par l\u2019\u00e9lectorat cubano-am\u00e9ricain. A 61 ans, elle devient surtout la premi\u00e8re femme \u00e9lue \u00e0 ce poste et la premi\u00e8re maire d\u00e9mocrate depuis les ann\u00e9es\u00a01990. Au soir de son \u00e9lection en prenant la t\u00eate d\u2019une ville secou\u00e9e par les controverses politiques, elle a d\u00e9clar\u00e9 vouloir mettre en place \u00ab\u00a0une gouvernance \u00e9thique et responsable qui produit des r\u00e9sultats concrets pour la population\u00a0\u00bb.<\/p>\n<p>Le <a href=\"https:\/\/www.nytimes.com\/2025\/12\/09\/us\/miami-mayor-eileen-higgins-election.html\" rel=\"nofollow noopener\" target=\"_blank\" class=\"c-link c-link--is-underlined\">New York Times<\/a> rappelle que rien ne pr\u00e9destinait Eileen Higgins \u00e0 diriger l\u2019une des m\u00e9tropoles les plus strat\u00e9giques du pays. Ing\u00e9nieure m\u00e9canique de formation, ancienne responsable du \u00ab\u00a0Peace Corps\u00a0\u00bb (une agence gouvernementale envoyant des volontaires aider les pays en d\u00e9veloppement) au Belize, elle s\u2019est impos\u00e9e tardivement dans la vie publique. Son entr\u00e9e au sein du comt\u00e9 de Miami-Dade en\u00a02018 avait d\u00e9j\u00e0 attir\u00e9 l\u2019attention. En effet, elle avait conquis un district r\u00e9put\u00e9 conservateur en assumant le surnom de \u00ab\u00a0La Gringa\u00a0\u00bb (l\u2019\u00e9trang\u00e8re en espagnol), mani\u00e8re d\u2019embrasser sa diff\u00e9rence dans un territoire largement hispanophone.<\/p>\n<p>Une tr\u00e8s faible participation en dessous de 20\u00a0%<\/p>\n<p>Sa victoire est le fruit d\u2019une strat\u00e9gie patiemment construite. Le quotidien new-yorkais insiste sur la mani\u00e8re dont Eileen Higgins a capitalis\u00e9 sur une r\u00e9putation de gestionnaire rigoureuse dans un moment o\u00f9 les scandales politiques avaient affaibli la confiance des \u00e9lecteurs. Son duel avec Emilio T. Gonz\u00e1lez, ancien administrateur municipal soutenu par <a href=\"https:\/\/www.20minutes.fr\/dossier\/donald_trump\" target=\"_blank\" class=\"c-link c-link--is-underlined\" rel=\"noopener\">Donald Trump<\/a>, s\u2019est sold\u00e9 par une avance d\u2019environ 60\u00a0% selon les projections de <a href=\"https:\/\/www.20minutes.fr\/dossier\/cnn\" target=\"_blank\" class=\"c-link c-link--is-underlined\" rel=\"noopener\">CNN<\/a>. Toutefois, la participation n\u2019a pas d\u00e9pass\u00e9 les 20\u00a0%, confirmant le d\u00e9sint\u00e9r\u00eat persistant des \u00e9lecteurs pour les scrutins municipaux.<\/p>\n<\/p>\n<p>L\u2019un des \u00e9l\u00e9ments distinctifs du parcours d\u2019Eileen Higgins est sa capacit\u00e9 \u00e0 construire des alliances inattendues. Le New York Times explique qu\u2019elle a su rassembler un \u00e9lectorat diversifi\u00e9, franchissant les fronti\u00e8res partisanes et culturelles qui compartimentent depuis longtemps la politique locale. Cette ouverture lui a permis d\u2019incarner une alternative cr\u00e9dible dans une ville qui s\u2019\u00e9tait r\u00e9cemment droitis\u00e9e, dans un contexte o\u00f9 la popularit\u00e9 de Donald Trump conna\u00eet un recul, principalement en raison du co\u00fbt de la vie, rappelle l\u2019AFP.<\/p>\n<p>Nouvelle d\u00e9convenue pour Trump et les conservateurs<\/p>\n<p>Cette bascule intervient alors que les d\u00e9mocrates multiplient les succ\u00e8s \u00e9lectoraux \u00e0 l\u2019\u00e9chelle nationale. Les victoires r\u00e9centes en Virginie, au New Jersey ou encore \u00e0 New York installent un climat politique plus favorable au parti, apr\u00e8s plusieurs cycles \u00e9lectoraux d\u00e9favorables. L\u2019\u00e9lection d\u2019Eileen Higgins peut aussi \u00eatre vue comme un indicateur \u00e0 suivre pour \u00e9valuer l\u2019\u00e9volution de la Floride, Etat devenu l\u2019un des \u00e9picentres de l\u2019influence r\u00e9publicaine.<\/p>\n<p><a href=\"https:\/\/www.20minutes.fr\/monde\/etats-unis\/\" target=\"_blank\" class=\"c-link c-btn c-btn--primary\" rel=\"noopener\">Notre dossier sur les Etats-Unis<\/a><\/p>\n<p>Pour Eileen Higgins, la prise de fonction ouvre une page nouvelle, o\u00f9 son exp\u00e9rience technique, son pragmatisme et son image d\u2019\u00e9lue accessible seront d\u00e9cisifs pour r\u00e9pondre aux d\u00e9fis d\u2019une ville confront\u00e9e simultan\u00e9ment \u00e0 la pression immobili\u00e8re, aux in\u00e9galit\u00e9s et aux impacts du changement climatique.<\/p>\n","protected":false},"excerpt":{"rendered":"En remportant la mairie de Miami, mardi, Eileen Higgins a bris\u00e9 l\u2019un des plus anciens verrous politiques de&hellip;\n","protected":false},"author":2,"featured_media":591742,"comment_status":"","ping_status":"","sticky":false,"template":"","format":"standard","meta":{"footnotes":""},"categories":[1589],"tags":[47,11,75,73,1866,1294,5797,5107,14056,74,12,23893,23892,1864,1865,1863,308],"class_list":{"0":"post-591741","1":"post","2":"type-post","3":"status-publish","4":"format-standard","5":"has-post-thumbnail","7":"category-etats-unis","8":"tag-actualite","9":"tag-actualites","10":"tag-donald-trump","11":"tag-etats-unis","12":"tag-etats-unis-damerique","13":"tag-femme","14":"tag-floride","15":"tag-maire","16":"tag-miami","17":"tag-monde","18":"tag-news","19":"tag-parti-democrate-usa","20":"tag-parti-republicain-usa","21":"tag-united-states","22":"tag-united-states-of-america","23":"tag-us","24":"tag-usa"},"share_on_mastodon":{"url":"https:\/\/pubeurope.com\/@fr\/115698224650102571","error":""},"_links":{"self":[{"href":"https:\/\/www.europesays.com\/fr\/wp-json\/wp\/v2\/posts\/591741","targetHints":{"allow":["GET"]}}],"collection":[{"href":"https:\/\/www.europesays.com\/fr\/wp-json\/wp\/v2\/posts"}],"about":[{"href":"https:\/\/www.europesays.com\/fr\/wp-json\/wp\/v2\/types\/post"}],"author":[{"embeddable":true,"href":"https:\/\/www.europesays.com\/fr\/wp-json\/wp\/v2\/users\/2"}],"replies":[{"embeddable":true,"href":"https:\/\/www.europesays.com\/fr\/wp-json\/wp\/v2\/comments?post=591741"}],"version-history":[{"count":0,"href":"https:\/\/www.europesays.com\/fr\/wp-json\/wp\/v2\/posts\/591741\/revisions"}],"wp:featuredmedia":[{"embeddable":true,"href":"https:\/\/www.europesays.com\/fr\/wp-json\/wp\/v2\/media\/591742"}],"wp:attachment":[{"href":"https:\/\/www.europesays.com\/fr\/wp-json\/wp\/v2\/media?parent=591741"}],"wp:term":[{"taxonomy":"category","embeddable":true,"href":"https:\/\/www.europesays.com\/fr\/wp-json\/wp\/v2\/categories?post=591741"},{"taxonomy":"post_tag","embeddable":true,"href":"https:\/\/www.europesays.com\/fr\/wp-json\/wp\/v2\/tags?post=591741"}],"curies":[{"name":"wp","href":"https:\/\/api.w.org\/{rel}","templated":true}]}}