{"id":591745,"date":"2025-12-11T01:00:25","date_gmt":"2025-12-11T01:00:25","guid":{"rendered":"https:\/\/www.europesays.com\/fr\/591745\/"},"modified":"2025-12-11T01:00:25","modified_gmt":"2025-12-11T01:00:25","slug":"une-importante-fuite-de-petrole-apres-un-incident-sur-un-oleoduc","status":"publish","type":"post","link":"https:\/\/www.europesays.com\/fr\/591745\/","title":{"rendered":"Une importante fuite de p\u00e9trole apr\u00e8s un incident sur un ol\u00e9oduc"},"content":{"rendered":"<p>Un important d\u00e9versement de <a href=\"https:\/\/www.20minutes.fr\/dossier\/petrole\" target=\"_blank\" class=\"c-link c-link--is-underlined\" rel=\"noopener\">p\u00e9trole<\/a> s\u2019est produit mercredi soir dans le Brandebourg, dans le nord-est de l\u2019<a href=\"https:\/\/www.20minutes.fr\/dossier\/allemagne\" target=\"_blank\" class=\"c-link c-link--is-underlined\" rel=\"noopener\">Allemagne<\/a>, \u00e0 la suite d\u2019un incident sur une canalisation alimentant la raffinerie PCK de Schwedt. Les autorit\u00e9s r\u00e9gionales ont confirm\u00e9 que \u00ab\u00a0les \u00e9quipes d\u2019intervention sont sur place\u00a0\u00bb pour contenir la fuite d\u00e9tect\u00e9e \u00ab\u00a0au niveau d\u2019une vanne\u00a0\u00bb, selon le porte-parole du minist\u00e8re de l\u2019<a href=\"https:\/\/www.20minutes.fr\/planete\/environnement\/\" target=\"_blank\" class=\"c-link c-link--is-underlined\" rel=\"noopener\">Environnement<\/a> du Brandebourg.<\/p>\n<p>L\u2019ol\u00e9oduc relie le port de Rostock, sur la mer Baltique, au site industriel de Schwedt, une infrastructure strat\u00e9gique plac\u00e9e sous tutelle du gouvernement allemand depuis\u00a02022, bien qu\u2019appartenant \u00e0 une filiale allemande de Rosneft. Les autorit\u00e9s locales n\u2019ont pour l\u2019instant donn\u00e9 aucune indication sur l\u2019ampleur des d\u00e9g\u00e2ts ni sur les cons\u00e9quences environnementales potentielles du d\u00e9versement.<\/p>\n<\/p>\n<p>Le p\u00e9trole aurait jailli \u00e0 plus de dix m\u00e8tres de hauteur<\/p>\n<p>Interrog\u00e9e par l\u2019AFP, une porte-parole de la raffinerie a indiqu\u00e9 que \u00ab\u00a0les premi\u00e8res conclusions\u00a0\u00bb laissent penser que \u00ab\u00a0l\u2019incident aurait \u00e9t\u00e9 caus\u00e9 par des travaux pr\u00e9paratoires en vue d\u2019un test de s\u00e9curit\u00e9 pr\u00e9vu demain jeudi sur le pipeline\u00a0\u00bb. Elle pr\u00e9cise \u00e9galement qu\u2019\u00ab\u00a0une intervention ext\u00e9rieure intentionnelle peut \u00eatre exclue \u00e0 ce stade\u00a0\u00bb. Des m\u00e9dias r\u00e9gionaux rapportent que le p\u00e9trole aurait jailli \u00e0 plus de dix m\u00e8tres de hauteur, signe d\u2019une rupture sous forte pression.<\/p>\n<p><a href=\"https:\/\/www.20minutes.fr\/planete\/\" class=\"c-link c-btn c-btn--primary\" target=\"_blank\" rel=\"noopener\">Notre dossier sur l&rsquo;Environnement<\/a><\/p>\n<p>Depuis janvier\u00a02023, la raffinerie PCK a cess\u00e9 tout recours au p\u00e9trole russe \u00e0 la suite de l\u2019embargo europ\u00e9en adopt\u00e9 apr\u00e8s l\u2019invasion de l\u2019Ukraine. Elle fonctionne d\u00e9sormais gr\u00e2ce \u00e0 des approvisionnements alternatifs transitant par les ports de Rostock et de Gdansk, en Pologne. L\u2019incident de mercredi intervient dans un contexte de r\u00e9organisation durable de l\u2019approvisionnement \u00e9nerg\u00e9tique de la r\u00e9gion.<\/p>\n","protected":false},"excerpt":{"rendered":"Un important d\u00e9versement de p\u00e9trole s\u2019est produit mercredi soir dans le Brandebourg, dans le nord-est de l\u2019Allemagne, \u00e0&hellip;\n","protected":false},"author":2,"featured_media":591746,"comment_status":"","ping_status":"","sticky":false,"template":"","format":"standard","meta":{"footnotes":""},"categories":[1587],"tags":[47,11,672,1804,1805,1803,436,1777,674,7066,1801,74,12,844,52,22257,1802,8013],"class_list":{"0":"post-591745","1":"post","2":"type-post","3":"status-publish","4":"format-standard","5":"has-post-thumbnail","7":"category-allemagne","8":"tag-actualite","9":"tag-actualites","10":"tag-allemagne","11":"tag-bundesrepublik-deutschland","12":"tag-de","13":"tag-deutschland","14":"tag-environnement","15":"tag-eu","16":"tag-europe","17":"tag-fuite","18":"tag-germany","19":"tag-monde","20":"tag-news","21":"tag-petrole","22":"tag-planete","23":"tag-raffinerie","24":"tag-republique-federale-dallemagne","25":"tag-russe"},"share_on_mastodon":{"url":"https:\/\/pubeurope.com\/@fr\/115698232491955268","error":""},"_links":{"self":[{"href":"https:\/\/www.europesays.com\/fr\/wp-json\/wp\/v2\/posts\/591745","targetHints":{"allow":["GET"]}}],"collection":[{"href":"https:\/\/www.europesays.com\/fr\/wp-json\/wp\/v2\/posts"}],"about":[{"href":"https:\/\/www.europesays.com\/fr\/wp-json\/wp\/v2\/types\/post"}],"author":[{"embeddable":true,"href":"https:\/\/www.europesays.com\/fr\/wp-json\/wp\/v2\/users\/2"}],"replies":[{"embeddable":true,"href":"https:\/\/www.europesays.com\/fr\/wp-json\/wp\/v2\/comments?post=591745"}],"version-history":[{"count":0,"href":"https:\/\/www.europesays.com\/fr\/wp-json\/wp\/v2\/posts\/591745\/revisions"}],"wp:featuredmedia":[{"embeddable":true,"href":"https:\/\/www.europesays.com\/fr\/wp-json\/wp\/v2\/media\/591746"}],"wp:attachment":[{"href":"https:\/\/www.europesays.com\/fr\/wp-json\/wp\/v2\/media?parent=591745"}],"wp:term":[{"taxonomy":"category","embeddable":true,"href":"https:\/\/www.europesays.com\/fr\/wp-json\/wp\/v2\/categories?post=591745"},{"taxonomy":"post_tag","embeddable":true,"href":"https:\/\/www.europesays.com\/fr\/wp-json\/wp\/v2\/tags?post=591745"}],"curies":[{"name":"wp","href":"https:\/\/api.w.org\/{rel}","templated":true}]}}