{"id":591755,"date":"2025-12-11T01:05:13","date_gmt":"2025-12-11T01:05:13","guid":{"rendered":"https:\/\/www.europesays.com\/fr\/591755\/"},"modified":"2025-12-11T01:05:13","modified_gmt":"2025-12-11T01:05:13","slug":"lactivite-autour-du-black-friday-aurait-legerement-progresse-en-france-selon-une-etude","status":"publish","type":"post","link":"https:\/\/www.europesays.com\/fr\/591755\/","title":{"rendered":"L&rsquo;activit\u00e9 autour du Black Friday aurait l\u00e9g\u00e8rement progress\u00e9 en France, selon une \u00e9tude"},"content":{"rendered":"<p>\n                                        <b>Par<\/b><br \/>\n                                        <br \/>AFP\n                                    <\/p>\n<p>\n                                    <b>Publi\u00e9 le<\/b><br \/>\n                                    <\/p>\n<p>                                        11 d\u00e9cembre 2025<\/p>\n<p class=\"article-content col-md-8 offset-md-1\">\n                                Moins d&rsquo;achats, mais plus chers. Les Fran\u00e7ais ont d\u00e9pens\u00e9 en moyenne 236 euros lors de la \u00ab\u00a0Black Week\u00a0\u00bb fin novembre, soit trois euros de plus que l&rsquo;an pass\u00e9, selon une \u00e9tude de l&rsquo;application de shopping Joko sp\u00e9cialis\u00e9e dans les remises et codes promotionnels transmise mercredi \u00e0 l&rsquo;AFP.<\/p>\n<p><img decoding=\"async\" class=\"news-image\" style=\"width:100%;\" src=\"https:\/\/www.europesays.com\/fr\/wp-content\/uploads\/2025\/12\/7a69.jpg\" alt=\"\" loading=\"lazy\"\/> Archives AFP<\/p>\n<p>Port\u00e9es par le commerce en ligne, les ventes ont augment\u00e9 de 0,4% en valeur et ont baiss\u00e9 de 3% en volume pendant l&rsquo;\u00e9v\u00e9nement commercial qui n&rsquo;est plus cantonn\u00e9 au seul \u00ab\u00a0Vendredi noir\u00a0\u00bb qui tombait cette ann\u00e9e le 28 novembre. Joko a pris en compte la p\u00e9riode allant du 21 novembre au 1er d\u00e9cembre.<\/p>\n<p>Selon une analyse des transactions bancaires de plus d&rsquo;un million de personnes, en ligne comme en magasin, et un sondage r\u00e9alis\u00e9 aupr\u00e8s de 60.000 utilisateurs sur son application, Joko pr\u00e9sente un bilan couvrant quatre secteurs (mode, beaut\u00e9, high-tech, maison).<\/p>\n<p class=\"col-md-8 offset-md-1 article-content--texte\">Dans la mode, la plateforme lituanienne de seconde main <a class=\"fnwAddLinks\" href=\"https:\/\/fr.fashionnetwork.com\/tags-vinted\" title=\"Vinted\" target=\"_blank\" rel=\"noopener\">Vinted<\/a> d\u00e9croche la premi\u00e8re place, occup\u00e9e l&rsquo;an dernier par <a class=\"fnwAddLinks\" href=\"https:\/\/fr.fashionnetwork.com\/tags-shein\" title=\"Shein\" target=\"_blank\" rel=\"noopener\">Shein<\/a>. Le g\u00e9ant asiatique de l&rsquo;ultra fast-fashion chute \u00e0 la 9e place. Dans la tourmente apr\u00e8s la d\u00e9couverte de la vente de poup\u00e9es sexuelles \u00e0 l&rsquo;apparence enfantine et d&rsquo;armes de cat\u00e9gorie A, Shein a suspendu en France l&rsquo;acc\u00e8s aux vendeurs tiers et aux cat\u00e9gories hors habillement, expliquant cette baisse dans le classement de Joko.<\/p>\n<p>En cat\u00e9gorie beaut\u00e9, <a class=\"fnwAddLinks\" href=\"https:\/\/fr.fashionnetwork.com\/tags-sephora\" title=\"Sephora\" target=\"_blank\" rel=\"noopener\">Sephora<\/a> passe devant une autre marque fran\u00e7aise de cosm\u00e9tiques, <a class=\"fnwAddLinks\" href=\"https:\/\/fr.fashionnetwork.com\/tags-nocibe\" title=\"Nocib\u00e9\" target=\"_blank\" rel=\"noopener\">Nocib\u00e9<\/a>, tandis que le g\u00e9ant am\u00e9ricain <a class=\"fnwAddLinks\" href=\"https:\/\/fr.fashionnetwork.com\/tags-amazon\" title=\"Amazon\" target=\"_blank\" rel=\"noopener\">Amazon<\/a> (high-tech) et le n\u00e9erlandais Action (maison) restent premiers de leurs classements respectifs. Dans la cat\u00e9gorie high-tech, la plateforme asiatique <a class=\"fnwAddLinks\" href=\"https:\/\/fr.fashionnetwork.com\/tags-temu\" title=\"Temu\" target=\"_blank\" rel=\"noopener\">Temu<\/a> continue sa perc\u00e9e, grignotant deux places et d\u00e9sormais 4e.<\/p>\n<p>Si l&rsquo;\u00e9v\u00e9nement est \u00ab\u00a0toujours incontournable\u00a0\u00bb dans le calendrier commercial des Fran\u00e7ais, Joko observe une tr\u00e8s l\u00e9g\u00e8re baisse de la participation (-1 point \u00e0 77%).<\/p>\n<p>Pour 62% des personnes interrog\u00e9es dans le sondage, le Black Friday permet d&rsquo;anticiper les achats de No\u00ebl et pour 57% de faire des \u00e9conomies sur des achats pr\u00e9vus. L&rsquo;e-commerce tire son \u00e9pingle du jeu dans cette \u00e9tude men\u00e9e par l&rsquo;application, avec 55% des achats r\u00e9alis\u00e9s en ligne.<\/p>\n<p>D\u00e9but d\u00e9cembre, une autre \u00e9tude \u00e9manant de Criteo, sp\u00e9cialiste des donn\u00e9es de l&rsquo;e-commerce, indiquait que le nombre de transactions en ligne avait augment\u00e9 de 3% lors de ce Black Friday &#8211; avec une hausse de pr\u00e8s de 6% du chiffre d&rsquo;affaires.<\/p>\n<p>Paris, 10 d\u00e9c 2025 (AFP)\n                            <\/p>\n<p>\n                                Tous droits de reproduction et de repr\u00e9sentation r\u00e9serv\u00e9s.<br \/>\u00a9 2025 Agence France-Presse<br \/>Toutes les informations reproduites dans cette rubrique (ou sur cette page selon le cas) sont prot\u00e9g\u00e9es par des droits de propri\u00e9t\u00e9 intellectuelle d\u00e9tenus par l&rsquo;AFP. Par cons\u00e9quent, aucune de ces informations ne peut \u00eatre reproduite, modifi\u00e9e, rediffus\u00e9e, traduite, exploit\u00e9e commercialement ou r\u00e9utilis\u00e9e de quelque mani\u00e8re que ce soit sans l&rsquo;accord pr\u00e9alable \u00e9crit de l&rsquo;AFP. L&rsquo;AFP ne pourra \u00eatre tenue pour responsable des d\u00e9lais, erreurs, omissions qui ne peuvent \u00eatre exclus, ni des cons\u00e9quences des actions ou transactions effectu\u00e9es sur la base de ces informations.\n                            <\/p>\n","protected":false},"excerpt":{"rendered":"Par AFP Publi\u00e9 le 11 d\u00e9cembre 2025 Moins d&rsquo;achats, mais plus chers. Les Fran\u00e7ais ont d\u00e9pens\u00e9 en moyenne&hellip;\n","protected":false},"author":2,"featured_media":591756,"comment_status":"","ping_status":"","sticky":false,"template":"","format":"standard","meta":{"footnotes":""},"categories":[4],"tags":[11,4239,2424,537,2423,1011,27,2425,985,12,70471,2298,2426,2427,25,2421,15030,1104,1105,2422,14685],"class_list":{"0":"post-591755","1":"post","2":"type-post","3":"status-publish","4":"format-standard","5":"has-post-thumbnail","7":"category-france","8":"tag-actualites","9":"tag-amazon","10":"tag-beaute","11":"tag-contact","12":"tag-cosmetiques","13":"tag-fr","14":"tag-france","15":"tag-luxe","16":"tag-mode","17":"tag-news","18":"tag-nocibe","19":"tag-parfum","20":"tag-professionnel","21":"tag-professionnels","22":"tag-republique-francaise","23":"tag-reseau","24":"tag-sephora","25":"tag-shein","26":"tag-temu","27":"tag-textile","28":"tag-vinted"},"share_on_mastodon":{"url":"https:\/\/pubeurope.com\/@fr\/115698252084211327","error":""},"_links":{"self":[{"href":"https:\/\/www.europesays.com\/fr\/wp-json\/wp\/v2\/posts\/591755","targetHints":{"allow":["GET"]}}],"collection":[{"href":"https:\/\/www.europesays.com\/fr\/wp-json\/wp\/v2\/posts"}],"about":[{"href":"https:\/\/www.europesays.com\/fr\/wp-json\/wp\/v2\/types\/post"}],"author":[{"embeddable":true,"href":"https:\/\/www.europesays.com\/fr\/wp-json\/wp\/v2\/users\/2"}],"replies":[{"embeddable":true,"href":"https:\/\/www.europesays.com\/fr\/wp-json\/wp\/v2\/comments?post=591755"}],"version-history":[{"count":0,"href":"https:\/\/www.europesays.com\/fr\/wp-json\/wp\/v2\/posts\/591755\/revisions"}],"wp:featuredmedia":[{"embeddable":true,"href":"https:\/\/www.europesays.com\/fr\/wp-json\/wp\/v2\/media\/591756"}],"wp:attachment":[{"href":"https:\/\/www.europesays.com\/fr\/wp-json\/wp\/v2\/media?parent=591755"}],"wp:term":[{"taxonomy":"category","embeddable":true,"href":"https:\/\/www.europesays.com\/fr\/wp-json\/wp\/v2\/categories?post=591755"},{"taxonomy":"post_tag","embeddable":true,"href":"https:\/\/www.europesays.com\/fr\/wp-json\/wp\/v2\/tags?post=591755"}],"curies":[{"name":"wp","href":"https:\/\/api.w.org\/{rel}","templated":true}]}}