{"id":591767,"date":"2025-12-11T01:16:16","date_gmt":"2025-12-11T01:16:16","guid":{"rendered":"https:\/\/www.europesays.com\/fr\/591767\/"},"modified":"2025-12-11T01:16:16","modified_gmt":"2025-12-11T01:16:16","slug":"rencontre-dans-latelier-dedgar-sarin-artiste-pluriel-a-suivre","status":"publish","type":"post","link":"https:\/\/www.europesays.com\/fr\/591767\/","title":{"rendered":"Rencontre : dans l&rsquo;atelier d&rsquo;Edgar Sarin, artiste pluriel \u00e0 suivre"},"content":{"rendered":"<p>\n                    Edgar Sarin partage son temps entre son atelier chez Poush, \u00e0 Aubervilliers, et cet atelier au c\u0153ur du Marais.                 <\/p>\n<p>\n                    Dans un flot continu de musique classique, il fa\u00e7onne des sculptures en bois ou en marbre, des peintures, ou encore ce petit tabouret en bois.                <\/p>\n<p class=\"has-drop-cap\"><strong>Edgar Sarin<\/strong> nous a donn\u00e9 rendez-vous un matin de janvier, dans son <a href=\"https:\/\/www.milkdecoration.com\/tag\/atelier\/\" target=\"_blank\" rel=\"noreferrer noopener\">atelier<\/a> du 3e arrondissement parisien. Il nous faut d\u2019abord franchir une vaste porte rose bonbon \u2014 d\u00e9tail amusant lorsque l\u2019on d\u00e9couvre le personnage s\u00e9rieux qui nous re\u00e7oit en costume sombre, sur fond d\u2019op\u00e9ra \u2014 avant de p\u00e9n\u00e9trer le lieu qui fut encore il y a peu l\u2019antre de Pierre Huyghe. N\u00e9 en 1989 \u00e0 Marseille, Edgar Sarin suit une voie toute trac\u00e9e dans les math\u00e9matiques et devient ing\u00e9nieur, avant que sa sensibilit\u00e9 pour l\u2019art ne le rattrape et que le d\u00e9clic \u00ab pour passer d\u2019un stade de fascination \u00e0 un stade d\u2019action \u00bb ne se fasse. Dandy \u00e9loquent, esth\u00e8te et intellectuel, Edgar Sarin semble tout droit venu d\u2019un autre temps. D\u2019aucuns diront m\u00eame qu\u2019il aurait pu appartenir \u00e0 la bande d\u2019Andr\u00e9 Breton.<\/p>\n<p>C\u2019est en 2015 que le jeune artiste se fait remarquer avec sa s\u00e9rie \u00ab Concessions \u00e0 perp\u00e9tuit\u00e9 \u00bb, des peintures enferm\u00e9es dans des coffres en bois puis enfouies sous terre. Les collectionneurs sont alors invit\u00e9s \u00e0 exhumer eux-m\u00eames les cr\u00e9ations, et ne pourront les ouvrir qu\u2019\u00e0 la mort de l\u2019artiste. Certaines sont d\u2019ailleurs toujours enterr\u00e9es \u00e0 Central Park, \u00e0 <a href=\"https:\/\/www.milkdecoration.com\/tag\/new-york\/\" target=\"_blank\" rel=\"noreferrer noopener\">New York<\/a>, ou dans la r\u00e9gion de Dusseldorf, en Allemagne. Oscillant entre peinture et sculpture \u2014 deux pratiques compl\u00e9mentaires selon lui \u2014, Edgar Sarin manie le bois, le marbre, la c\u00e9ramique, la peinture et travaille de fa\u00e7on instinctive, dans un geste cr\u00e9ateur qui s\u2019abandonne \u00e0 une libert\u00e9 qui le d\u00e9passe. \u00ab La naissance de l\u2019\u0153uvre est toujours probl\u00e9matique pour moi car je la consid\u00e8re \u00e0 partir du moment o\u00f9 elle proc\u00e8de d\u2019une \u00e9vasion par rapport \u00e0 la pr\u00e9c\u00e9dente. Je ne fais jamais de dessin pr\u00e9paratoire. Je me mets dans l\u2019\u00e9tat de la premi\u00e8re \u0153uvre \u00e0 chaque nouvelle cr\u00e9ation \u00bb, explique-t-il.<\/p>\n<p>Et si l\u2019artiste r\u00e9fute la notion de th\u00e8me dans son corpus, il est en tout cas port\u00e9 par des inspirations analogues : l\u2019identit\u00e9 paysanne, la nature, les formes premi\u00e8res, \u00ab une forme d\u2019art relevant d\u2019un geste anonyme, comme des ex-voto gallo-romains ou des architectures vernaculaires \u00bb. Plusieurs de ses \u0153uvres sont ainsi compos\u00e9es d\u2019une forme en bois r\u00e9p\u00e9titive qui pointe vers le ciel. Une r\u00e9f\u00e9rence aux linteaux qui structurent les portes ou fen\u00eatres, mais aussi \u00e0 la cit\u00e9 alg\u00e9rienne de Gharda\u00efa et au minaret singulier de sa Grande Mosqu\u00e9e. En 2024, Edgar Sarin r\u00e9alisait, sur commande de la ville du Havre, une sculpture monumentale intitul\u00e9e Pacifique et compos\u00e9e de six amphores en bronze superpos\u00e9es. On peut y voir une r\u00e9f\u00e9rence \u00e0 La Colonne sans fin de <a href=\"https:\/\/www.milkdecoration.com\/brancusi-au-centre-pompidou-lexposition-a-ne-pas-manquer-en-ce-moment-a-paris\/\" target=\"_blank\" rel=\"noreferrer noopener\">Constantin Brancusi<\/a>, mais peut-\u00eatre aussi et surtout \u00e0 l\u2019axis mundi, ce point de connexion entre la terre et le ciel, entre les hommes et un suppos\u00e9 royaume sup\u00e9rieur. Car, \u00ab c\u2019est bien l\u2019histoire des hommes qui me fascine \u00bb, mart\u00e8le Edgar Sarin. \u00ab J\u2019aimerais faire en sorte que les \u0153uvres ne parlent de rien mais puissent contenir quelque chose de plus grand \u00bb, poursuit-il. D\u00e9sireux d\u2019\u00e9vacuer le sujet dans sa peinture, l\u2019artiste a \u00e9galement r\u00e9cemment fabriqu\u00e9 de grands tampons en ch\u00eane qui arborent notamment un motif de com\u00e8te et initient un nouvel alphabet artistique. Un clin d\u2019\u0153il \u00e0 l\u2019une des fresques de Padoue peinte par Giotto ou \u00e0 la tapisserie de Bayeux, qui a\ufb03chent ce m\u00eame motif.<\/p>\n<p>\n                    Au sol, vitrail mont\u00e9 dans un caisson lumineux en acier.                <\/p>\n<p>\n                    Contre les murs, une s\u00e9rie de toiles r\u00e9alis\u00e9es \u00e0 partir de grands tampons en ch\u00eane, qui ont donn\u00e9 les s\u00e9ries \u00ab Com\u00e8tes \u00bb et \u00ab H\u00e9ro\u00efques \u00c9gyptiennes \u00bb.                <\/p>\n<p>Plut\u00f4t malgr\u00e9 lui, Edgar Sarin a fait de la temporalit\u00e9 une question centrale de sa pratique. Un \u00e9l\u00e9ment qui se mat\u00e9rialise \u00e9galement dans sa fa\u00e7on de pr\u00e9senter ses \u0153uvres. \u00ab J\u2019ai tr\u00e8s t\u00f4t remis en question le mod\u00e8le de l\u2019exposition car cela ne m\u2019a jamais int\u00e9ress\u00e9 de \u201ctravailler\u201d \u00e0 l\u2019atelier puis de \u201cmontrer\u201d le fruit de mon travail. Il faut envisager l\u2019espace d\u2019exposition comme un espace d\u2019action, un nouveau contexte qui devrait \u00eatre mis au profit d\u2019un geste nouveau \u00bb, analyse celui qui a d\u2019ailleurs cofond\u00e9 La M\u00e9diterran\u00e9e, un groupe de recherche ax\u00e9 sur l\u2019exposition. Pour un r\u00e9cent \u00e9v\u00e9nement \u00e0 Kobe, au <a href=\"https:\/\/www.milkdecoration.com\/tag\/japon\/\" target=\"_blank\" rel=\"noreferrer noopener\">Japon<\/a>, l\u2019artiste a ainsi produit les pi\u00e8ces seulement une fois sur place, \u00e0 partir d\u2019arbres de bambou pr\u00e9lev\u00e9s dans la r\u00e9gion de Kyoto. Une d\u00e9marche que le cr\u00e9atif reproduit cette saison \u00e0 l\u2019occasion de son <a href=\"https:\/\/www.milkdecoration.com\/tag\/exposition\/\" target=\"_blank\" rel=\"noreferrer noopener\">exposition<\/a> \u00ab Th\u00e9\u00e2tre (post-Pontormo) \u00bb organis\u00e9e au Domaine de Chamarande, dans l\u2019Essonne, en collaboration avec 91530 Le Marais et jusqu\u2019au 13 avril 2025. L\u2019artiste y pr\u00e9sente une peinture majestueuse de 36 m\u00e8tres de longueur, aux c\u00f4t\u00e9s de sculptures en bois taill\u00e9es dans des ch\u00eanes coup\u00e9s sur le domaine. Une nouvelle fa\u00e7on de faire l\u2019art.\u00a0<\/p>\n","protected":false},"excerpt":{"rendered":"Edgar Sarin partage son temps entre son atelier chez Poush, \u00e0 Aubervilliers, et cet atelier au c\u0153ur du&hellip;\n","protected":false},"author":2,"featured_media":591768,"comment_status":"","ping_status":"","sticky":false,"template":"","format":"standard","meta":{"footnotes":""},"categories":[1358],"tags":[3734,1348,1384,1385,4396,70473,1386,58,59,3293,1011,27,626,1585,3899],"class_list":{"0":"post-591767","1":"post","2":"type-post","3":"status-publish","4":"format-standard","5":"has-post-thumbnail","7":"category-arts-et-design","8":"tag-art","9":"tag-arts","10":"tag-arts-and-design","11":"tag-arts-et-design","12":"tag-atelier","13":"tag-craft","14":"tag-design","15":"tag-divertissement","16":"tag-entertainment","17":"tag-exposition","18":"tag-fr","19":"tag-france","20":"tag-paris","21":"tag-peinture","22":"tag-sculpture"},"share_on_mastodon":{"url":"https:\/\/pubeurope.com\/@fr\/115698295305438967","error":""},"_links":{"self":[{"href":"https:\/\/www.europesays.com\/fr\/wp-json\/wp\/v2\/posts\/591767","targetHints":{"allow":["GET"]}}],"collection":[{"href":"https:\/\/www.europesays.com\/fr\/wp-json\/wp\/v2\/posts"}],"about":[{"href":"https:\/\/www.europesays.com\/fr\/wp-json\/wp\/v2\/types\/post"}],"author":[{"embeddable":true,"href":"https:\/\/www.europesays.com\/fr\/wp-json\/wp\/v2\/users\/2"}],"replies":[{"embeddable":true,"href":"https:\/\/www.europesays.com\/fr\/wp-json\/wp\/v2\/comments?post=591767"}],"version-history":[{"count":0,"href":"https:\/\/www.europesays.com\/fr\/wp-json\/wp\/v2\/posts\/591767\/revisions"}],"wp:featuredmedia":[{"embeddable":true,"href":"https:\/\/www.europesays.com\/fr\/wp-json\/wp\/v2\/media\/591768"}],"wp:attachment":[{"href":"https:\/\/www.europesays.com\/fr\/wp-json\/wp\/v2\/media?parent=591767"}],"wp:term":[{"taxonomy":"category","embeddable":true,"href":"https:\/\/www.europesays.com\/fr\/wp-json\/wp\/v2\/categories?post=591767"},{"taxonomy":"post_tag","embeddable":true,"href":"https:\/\/www.europesays.com\/fr\/wp-json\/wp\/v2\/tags?post=591767"}],"curies":[{"name":"wp","href":"https:\/\/api.w.org\/{rel}","templated":true}]}}