{"id":591769,"date":"2025-12-11T01:18:13","date_gmt":"2025-12-11T01:18:13","guid":{"rendered":"https:\/\/www.europesays.com\/fr\/591769\/"},"modified":"2025-12-11T01:18:13","modified_gmt":"2025-12-11T01:18:13","slug":"lci-direct-du-mercredi-10-decembre-2025-tf1-info","status":"publish","type":"post","link":"https:\/\/www.europesays.com\/fr\/591769\/","title":{"rendered":"LCI Direct du mercredi 10 d\u00e9cembre 2025 &#8211; TF1 Info"},"content":{"rendered":"<ol>\n<li><a href=\"https:\/\/news.google.com\/rss\/articles\/CBMiqAFBVV95cUxQR09jU1FxeGdUSy00SGN4eHlENkEzYWpaZUl0c09mWG12S1JibGxjd3BMWFJCY1hvRUtZd3ItZXdfVmh6aU1qMmNzQ3ZVdS1paTltYkI4VXdWSWpMcnFWaTZ5RFROSVV0dy1lOUd4NElXUm5YYU1NbWw3X2R0bnNOUFVGcHF2RDBUemZIS04zOE5EY0R2dDdndzRSdHBsSlV0MDExVTM1Q0o?oc=5\" target=\"_blank\" rel=\"noopener\">LCI Direct du mercredi 10 d\u00e9cembre 2025<\/a>&nbsp;&nbsp;TF1 Info<\/li>\n<li><a href=\"https:\/\/news.google.com\/rss\/articles\/CBMitwFBVV95cUxPbTNWRUJVbXB2WVN2OGJGOGUzS21JT013cXpBTl9wTS03ZDB6RDdZaTZOdzlvYklNaV9ITDZMOGVHTFNxeFZNb1pBMGlQVlFsV0RqZGZtQlpQRFNqaFhJR0t2M2NlZmp3b1VGUTBKUXI0TWxKWTV0V2NsUnJBVktMRzA0TEc1SXBZQUg0MHdPbU50R3FxcDRuQUhhMmVTYTRLbjlQM2lleWpZbzBMMjg5Uk5xd3F6c1U?oc=5\" target=\"_blank\" rel=\"noopener\">24H Pujadas du mercredi 10 d\u00e9cembre 2025<\/a>&nbsp;&nbsp;TF1+<\/li>\n<li><a href=\"https:\/\/news.google.com\/rss\/articles\/CBMi4gFBVV95cUxQd21xbjdobGw1NzY5VzZ4S01RZDdUQ0laZFhEblozMGdlcjFpRWRBZGxZZUtuUXRrRE1YcE1BSFkwbUlLQmw4MlNKMDR0dC1PRDJuQTlVQ2ZWbUxWWUM5anRUcDhYbWgzMWxVTTFPc3BkZm0zY3hYWnN4MGZpMEwyMU9lZHNoOHJXQVE3OHl6MHUtR1VqbnVIV1hfTGcyQW43NG9uUFV4WXV0WmFCNW9ZNVZUd3Z5UTA0NDZ6SjkxZHlwcjBRZFcxZnNZd0RhV3pZaW1CQlNyMnp0TzNxRk5Gekxn?oc=5\" target=\"_blank\" rel=\"noopener\">La France est le deuxi\u00e8me pays le plus vis\u00e9 par les attaques russes depuis 2022, derri\u00e8re la Pologne<\/a>&nbsp;&nbsp;RTL.fr<\/li>\n<li><a href=\"https:\/\/news.google.com\/rss\/articles\/CBMixAFBVV95cUxPTUQydGxLU2V6YnRvY0hPYkUtS0M4WUt4WE9FaHVCamw2OFAtOHR2eDQ2NF9fTXdSaUR1QjlpUHV0Sktlek9VS2pBcWV6Wmpiei10WUh4ODJqdXFCSm1QNWUycFpySWY3UThpVS1XQjlOeWo2Z2VVMDNCdlVOWk1ROHlXRzlBYkZXRDc4dWtIbkFQR2s4UzlvNEI4aWNnZUx3RGJ3OFZEWG9aRkZobDdLUXh2ZUNRWFFIbW52UDUxSjNTUVNO?oc=5\" target=\"_blank\" rel=\"noopener\">Dans sa guerre hybride contre l\u2019Europe, la Russie opte pour des \u00ab agents jetables \u00bb<\/a>&nbsp;&nbsp;La Croix<\/li>\n<li><a href=\"https:\/\/news.google.com\/rss\/articles\/CBMipAFBVV95cUxQZzZERTZGSDU3WkZSMHZxZ2Yza00yZXdiaG1CVEJkZzlKUVQ0Um1neXM2ajZhdVVzWkdHaXZNRnFrOFoyQ1YyaWowY1hSTkJJYi1uUEU1YTU2LXRsRGhQR200VWhFZGp4Z3hYckU0MEJBVFQ1Z1JXMTJYbG9UV0c3V2ttdGlHYi1WWWhPc3JMSm9QRmFOUmwtRHZuVkFwRTdsTlBiYg?oc=5\" target=\"_blank\" rel=\"noopener\">UE : la v\u00e9tust\u00e9 des SI d\u2019infrastructures critiques les rend vuln\u00e9rables \u00e0 des sabotages russes<\/a>&nbsp;&nbsp;incyber news<\/li>\n<\/ol>\n","protected":false},"excerpt":{"rendered":"LCI Direct du mercredi 10 d\u00e9cembre 2025&nbsp;&nbsp;TF1 Info 24H Pujadas du mercredi 10 d\u00e9cembre 2025&nbsp;&nbsp;TF1+ La France est&hellip;\n","protected":false},"author":2,"featured_media":591770,"comment_status":"","ping_status":"","sticky":false,"template":"","format":"standard","meta":{"footnotes":""},"categories":[1356],"tags":[5925,58,59,1011,27,37193,2543,252,1364,133,70474,14843],"class_list":{"0":"post-591769","1":"post","2":"type-post","3":"status-publish","4":"format-standard","5":"has-post-thumbnail","7":"category-television","8":"tag-conflits-et-guerre","9":"tag-divertissement","10":"tag-entertainment","11":"tag-fr","12":"tag-france","13":"tag-lci-direct","14":"tag-relations-internationales","15":"tag-television","16":"tag-tv","17":"tag-video","18":"tag-video-replay-lci","19":"tag-vie-politique-francaise"},"share_on_mastodon":{"url":"https:\/\/pubeurope.com\/@fr\/115698303226029329","error":""},"_links":{"self":[{"href":"https:\/\/www.europesays.com\/fr\/wp-json\/wp\/v2\/posts\/591769","targetHints":{"allow":["GET"]}}],"collection":[{"href":"https:\/\/www.europesays.com\/fr\/wp-json\/wp\/v2\/posts"}],"about":[{"href":"https:\/\/www.europesays.com\/fr\/wp-json\/wp\/v2\/types\/post"}],"author":[{"embeddable":true,"href":"https:\/\/www.europesays.com\/fr\/wp-json\/wp\/v2\/users\/2"}],"replies":[{"embeddable":true,"href":"https:\/\/www.europesays.com\/fr\/wp-json\/wp\/v2\/comments?post=591769"}],"version-history":[{"count":0,"href":"https:\/\/www.europesays.com\/fr\/wp-json\/wp\/v2\/posts\/591769\/revisions"}],"wp:featuredmedia":[{"embeddable":true,"href":"https:\/\/www.europesays.com\/fr\/wp-json\/wp\/v2\/media\/591770"}],"wp:attachment":[{"href":"https:\/\/www.europesays.com\/fr\/wp-json\/wp\/v2\/media?parent=591769"}],"wp:term":[{"taxonomy":"category","embeddable":true,"href":"https:\/\/www.europesays.com\/fr\/wp-json\/wp\/v2\/categories?post=591769"},{"taxonomy":"post_tag","embeddable":true,"href":"https:\/\/www.europesays.com\/fr\/wp-json\/wp\/v2\/tags?post=591769"}],"curies":[{"name":"wp","href":"https:\/\/api.w.org\/{rel}","templated":true}]}}