{"id":591771,"date":"2025-12-11T01:19:12","date_gmt":"2025-12-11T01:19:12","guid":{"rendered":"https:\/\/www.europesays.com\/fr\/591771\/"},"modified":"2025-12-11T01:19:12","modified_gmt":"2025-12-11T01:19:12","slug":"actus-champagne-fm-un-automobiliste-perd-la-vie-dans-une-collision","status":"publish","type":"post","link":"https:\/\/www.europesays.com\/fr\/591771\/","title":{"rendered":"Actus &#8211; Champagne FM &#8211; Un automobiliste perd la vie dans une collision"},"content":{"rendered":"\n<p>Un automobiliste a perdu la vie ce mercredi 10 d\u00e9cembre en fin de matin\u00e9e.<\/p>\n<p>Au volant de sa voiture, il est entr\u00e9 en collision frontale avec un poids-lourd avenue de la Paix \u00e0 Mouzon (Ardennes).<\/p>\n<p>L\u2019homme \u00e2g\u00e9 d\u2019une cinquantaine d\u2019ann\u00e9es n\u2019a malheureusement pas surv\u00e9cu. <\/p>\n<p>Le chauffeur du camion n\u2019a pas \u00e9t\u00e9 bless\u00e9 mais il \u00e9tait \u00e9videment fortement choqu\u00e9.<\/p>\n<p>La circulation a \u00e9t\u00e9 totalement interrompue pendant toute la dur\u00e9e de l\u2019intervention des secours.<\/p>\n<p>Une d\u00e9viation a \u00e9t\u00e9 mise en place. <\/p>\n<p>Une enqu\u00eate a \u00e9t\u00e9 ouverte par la gendarmerie pour d\u00e9terminer les causes et circonstances de ce drame.<\/p>\n<p>\u00a0<\/p>\n<p>!function(f,b,e,v,n,t,s)<br \/>\n{if(f.fbq)return;n=f.fbq=function(){n.callMethod?<br \/>\nn.callMethod.apply(n,arguments):n.queue.push(arguments)};<br \/>\nif(!f._fbq)f._fbq=n;n.push=n;n.loaded=!0;n.version=&rsquo;2.0&prime;;<br \/>\nn.queue=[];t=b.createElement(e);t.async=!0;<br \/>\nt.src=v;s=b.getElementsByTagName(e)[0];<br \/>\ns.parentNode.insertBefore(t,s)}(window, document,&rsquo;script&rsquo;,<br \/>\n&lsquo;https:\/\/connect.facebook.net\/en_US\/fbevents.js&rsquo;);<br \/>\nfbq(&lsquo;init&rsquo;, &lsquo;804989127308002&rsquo;);<br \/>\nfbq(&lsquo;track&rsquo;, &lsquo;PageView&rsquo;);<\/p>\n","protected":false},"excerpt":{"rendered":"Un automobiliste a perdu la vie ce mercredi 10 d\u00e9cembre en fin de matin\u00e9e. Au volant de sa&hellip;\n","protected":false},"author":2,"featured_media":591772,"comment_status":"","ping_status":"","sticky":false,"template":"","format":"standard","meta":{"footnotes":""},"categories":[1355],"tags":[11,3723,65455,5591,52029,65464,65463,65459,58,59,65456,1011,27,876,38839,30237,37289,37290,1114,4537,23664,12650,1361,873,12,1825,4243,65457,65461,65462,65458,56304,1964,65460],"class_list":{"0":"post-591771","1":"post","2":"type-post","3":"status-publish","4":"format-standard","5":"has-post-thumbnail","7":"category-musique","8":"tag-actualites","9":"tag-actus","10":"tag-ardennes","11":"tag-aube","12":"tag-chalons","13":"tag-champagne-ardennes","14":"tag-champagne-fm","15":"tag-charleville-mezieres","16":"tag-divertissement","17":"tag-entertainment","18":"tag-epernay","19":"tag-fr","20":"tag-france","21":"tag-france-3","22":"tag-france-bleu","23":"tag-haute-marne","24":"tag-info-locale","25":"tag-info-regionale","26":"tag-infos","27":"tag-lunion","28":"tag-la-voix-du-nord","29":"tag-marne","30":"tag-music","31":"tag-musique","32":"tag-news","33":"tag-radio","34":"tag-reims","35":"tag-rethel","36":"tag-romilly","37":"tag-sainte-menehould","38":"tag-sedan","39":"tag-sezanne","40":"tag-troyes","41":"tag-vouziers"},"share_on_mastodon":{"url":"https:\/\/pubeurope.com\/@fr\/115698307298799529","error":""},"_links":{"self":[{"href":"https:\/\/www.europesays.com\/fr\/wp-json\/wp\/v2\/posts\/591771","targetHints":{"allow":["GET"]}}],"collection":[{"href":"https:\/\/www.europesays.com\/fr\/wp-json\/wp\/v2\/posts"}],"about":[{"href":"https:\/\/www.europesays.com\/fr\/wp-json\/wp\/v2\/types\/post"}],"author":[{"embeddable":true,"href":"https:\/\/www.europesays.com\/fr\/wp-json\/wp\/v2\/users\/2"}],"replies":[{"embeddable":true,"href":"https:\/\/www.europesays.com\/fr\/wp-json\/wp\/v2\/comments?post=591771"}],"version-history":[{"count":0,"href":"https:\/\/www.europesays.com\/fr\/wp-json\/wp\/v2\/posts\/591771\/revisions"}],"wp:featuredmedia":[{"embeddable":true,"href":"https:\/\/www.europesays.com\/fr\/wp-json\/wp\/v2\/media\/591772"}],"wp:attachment":[{"href":"https:\/\/www.europesays.com\/fr\/wp-json\/wp\/v2\/media?parent=591771"}],"wp:term":[{"taxonomy":"category","embeddable":true,"href":"https:\/\/www.europesays.com\/fr\/wp-json\/wp\/v2\/categories?post=591771"},{"taxonomy":"post_tag","embeddable":true,"href":"https:\/\/www.europesays.com\/fr\/wp-json\/wp\/v2\/tags?post=591771"}],"curies":[{"name":"wp","href":"https:\/\/api.w.org\/{rel}","templated":true}]}}