{"id":591775,"date":"2025-12-11T01:22:16","date_gmt":"2025-12-11T01:22:16","guid":{"rendered":"https:\/\/www.europesays.com\/fr\/591775\/"},"modified":"2025-12-11T01:22:16","modified_gmt":"2025-12-11T01:22:16","slug":"197-enfants-nes-du-sperme-dun-donneur-porteur-dun-risque-de-cancer","status":"publish","type":"post","link":"https:\/\/www.europesays.com\/fr\/591775\/","title":{"rendered":"197 enfants n\u00e9s du sperme d\u2019un donneur porteur d\u2019un risque de cancer"},"content":{"rendered":"\n<p>Avant d\u2019expliquer cette affaire \u00e0 ses lecteurs, <a class=\"ithalc\" data-ithal=\"lien_externe\" data-ithalc=\"[nav_article]\" target=\"_blank\" href=\"https:\/\/www.dw.com\/en\/sperm-bank-sold-mans-cancer-linked-genes-across-europe\/a-75072227\" rel=\"noopener\">le site anglophone de la <strong>Deutsche Welle<\/strong><\/a> raconte le d\u00e9sarroi d\u2019une femme, victime malgr\u00e9 elle de cette sombre m\u00e9saventure. \u201cLorsque son t\u00e9l\u00e9phone a commenc\u00e9 \u00e0 sonner un matin de juin, elle ne savait pas que la nouvelle qu\u2019elle allait recevoir allait la plonger, elle et sa fille adolescente, dans un tunnel de rendez-vous m\u00e9dicaux, d\u2019examens et de peur. \u2018Ce fut un choc, je n\u2019y comprenais plus rien\u2019.\u201d<\/p>\n<p>\u00c0 l\u2019autre bout du fil, se trouve un responsable d\u2019une clinique belge, o\u00f9, en 2011, la femme s\u2019\u00e9tait rendue pour suivre un traitement de fertilit\u00e9 qui lui avait permis de concevoir sa fille. Ce dernier lui fait alors une annonce choquante, relate le m\u00e9dia allemand\u00a0: \u201cAu t\u00e9l\u00e9phone, son interlocuteur l\u2019informe que le sperme utilis\u00e9 dans la conception de sa fille provient d\u2019un donneur porteur d\u2019une mutation rare du g\u00e8ne TP53. Si dans sa forme normale ce g\u00e8ne contribue \u00e0 emp\u00eacher la prolif\u00e9ration des cancers, la mutation du TP53 est associ\u00e9e, elle, \u00e0 un risque accru, tout au long de la vie, de nombreux cancers, y compris \u00e0 un \u00e2ge pr\u00e9coce.\u201d Sa fille va effectivement h\u00e9riter de cette mutation. Et son cas est loin d\u2019\u00eatre isol\u00e9.<\/p>\n<p>Un consortium compos\u00e9 de plusieurs m\u00e9dias europ\u00e9ens a enqu\u00eat\u00e9 sur cette affaire et r\u00e9v\u00e9l\u00e9 que des femmes venant d\u2019au moins 14\u00a0pays europ\u00e9ens ont re\u00e7u du sperme d\u2019un donneur anonyme danois portant l\u2019alias \u201cKjeld\u201d. Au moins 197\u00a0enfants sont n\u00e9s gr\u00e2ce \u00e0 ses gam\u00e8tes. Ils pourraient \u00eatre bien davantage, alerte la Deutsche Welle. L\u2019entreprise European Sperm Bank (ESB), une importante banque du sperme install\u00e9e au Danemark qui a collect\u00e9 et vendu ces \u00e9chantillons, \u201cn\u2019a pas encore r\u00e9v\u00e9l\u00e9 le nombre total d\u2019enfants con\u00e7us\u201d.<\/p>\n<p>Selon les informations recueillies par plusieurs m\u00e9dias impliqu\u00e9s dans l\u2019enqu\u00eate, plusieurs enfants seraient d\u00e9j\u00e0 morts.<\/p>\n<p>               Porteur sain       <\/p>\n<p>EBS aurait \u00e9t\u00e9 averti une premi\u00e8re fois en 2020\u00a0qu\u2019un enfant issu d\u2019un don et atteint d\u2019un cancer pr\u00e9sentait une grave anomalie g\u00e9n\u00e9tique. L\u2019entreprise aurait alors test\u00e9 le sperme en question, mais le d\u00e9pistage n\u2019aurait rien r\u00e9v\u00e9l\u00e9. C\u2019est une autre alerte survenue trois ans plus tard qui conduit \u00e0 un examen plus pouss\u00e9\u00a0: celui-ci r\u00e9v\u00e8le que Kjeld est un porteur sain de la mutation du g\u00e8ne TP53. \u201cLe donneur lui-m\u00eame n\u2019est pas affect\u00e9 par celle-ci, qui n\u2019est pr\u00e9sente que dans un cinqui\u00e8me de son sperme\u201d, <a class=\"ithalc\" data-ithal=\"lien_externe\" data-ithalc=\"[nav_article]\" target=\"_blank\" href=\"https:\/\/www.bbc.com\/news\/articles\/ckgmy90z991o\" rel=\"noopener\">pr\u00e9cise la <strong>BBC<\/strong><\/a><strong>.<\/strong> Son sperme n\u2019est plus utilis\u00e9 \u00e0 partir de la fin d\u2019octobre 2023.<\/p>\n<p>Aujourd\u2019hui, les enfants qui seraient eux-m\u00eames porteurs de cette mutation auraient \u201cjusqu\u2019\u00e0 90\u00a0% de chances de d\u00e9velopper un cancer au cours de leur vie\u201d, tranche le site d\u2019information britannique.<\/p>\n<p>Pour maximiser les chances de survie, il est important de proc\u00e9der \u00e0 un d\u00e9pistage. <a class=\"ithalc\" data-ithal=\"lien_externe\" data-ithalc=\"[nav_article]\" target=\"_blank\" href=\"https:\/\/www.rtbf.be\/article\/scandale-sanitaire-europeen-pres-de-200-enfants-ont-ete-concus-avec-le-sperme-du-donneur-qui-a-transmis-une-maladie-genetique-mortelle-11643714\" rel=\"noopener\">Selon une estimation de la <strong>RTBF<\/strong><\/a><strong>,<\/strong> qui d\u00e9nonce un \u201cscandale sanitaire europ\u00e9en\u201d, au moins 120\u00a0enfants sur les 197\u00a0identifi\u00e9s pourraient ne pas en avoir encore effectu\u00e9. \u201c\u00c0 cause de retards dans les tests, dans la compilation des donn\u00e9es ou de l\u2019absence d\u2019information des familles\u00a0?\u201d se demande le m\u00e9dia belge, qui conclut en d\u00e9non\u00e7ant \u201cun manque cruel de suivi des dons de sperme en Europe. Aucun organisme, aucune administration\u00a0supranationale n\u2019assure le suivi des [dons de] spermes, des donneurs jusqu\u2019aux familles receveuses, ni ne se charge de l\u2019information en cas de probl\u00e8me g\u00e9n\u00e9tique majeur, qui ne se d\u00e9clare parfois que dix ou vingt\u00a0ans apr\u00e8s les naissances des enfants.\u201d<\/p>\n","protected":false},"excerpt":{"rendered":"Avant d\u2019expliquer cette affaire \u00e0 ses lecteurs, le site anglophone de la Deutsche Welle raconte le d\u00e9sarroi d\u2019une&hellip;\n","protected":false},"author":2,"featured_media":591776,"comment_status":"","ping_status":"","sticky":false,"template":"","format":"standard","meta":{"footnotes":""},"categories":[10],"tags":[1011,27,72,22697,71,8755,41,17345,1857],"class_list":{"0":"post-591775","1":"post","2":"type-post","3":"status-publish","4":"format-standard","5":"has-post-thumbnail","7":"category-sante","8":"tag-fr","9":"tag-france","10":"tag-health","11":"tag-pma","12":"tag-sante","13":"tag-santu00e9","14":"tag-sciences","15":"tag-sciences-et-environnement","16":"tag-sociu00e9tu00e9"},"share_on_mastodon":{"url":"https:\/\/pubeurope.com\/@fr\/115698318880142813","error":""},"_links":{"self":[{"href":"https:\/\/www.europesays.com\/fr\/wp-json\/wp\/v2\/posts\/591775","targetHints":{"allow":["GET"]}}],"collection":[{"href":"https:\/\/www.europesays.com\/fr\/wp-json\/wp\/v2\/posts"}],"about":[{"href":"https:\/\/www.europesays.com\/fr\/wp-json\/wp\/v2\/types\/post"}],"author":[{"embeddable":true,"href":"https:\/\/www.europesays.com\/fr\/wp-json\/wp\/v2\/users\/2"}],"replies":[{"embeddable":true,"href":"https:\/\/www.europesays.com\/fr\/wp-json\/wp\/v2\/comments?post=591775"}],"version-history":[{"count":0,"href":"https:\/\/www.europesays.com\/fr\/wp-json\/wp\/v2\/posts\/591775\/revisions"}],"wp:featuredmedia":[{"embeddable":true,"href":"https:\/\/www.europesays.com\/fr\/wp-json\/wp\/v2\/media\/591776"}],"wp:attachment":[{"href":"https:\/\/www.europesays.com\/fr\/wp-json\/wp\/v2\/media?parent=591775"}],"wp:term":[{"taxonomy":"category","embeddable":true,"href":"https:\/\/www.europesays.com\/fr\/wp-json\/wp\/v2\/categories?post=591775"},{"taxonomy":"post_tag","embeddable":true,"href":"https:\/\/www.europesays.com\/fr\/wp-json\/wp\/v2\/tags?post=591775"}],"curies":[{"name":"wp","href":"https:\/\/api.w.org\/{rel}","templated":true}]}}