{"id":591779,"date":"2025-12-11T01:24:16","date_gmt":"2025-12-11T01:24:16","guid":{"rendered":"https:\/\/www.europesays.com\/fr\/591779\/"},"modified":"2025-12-11T01:24:16","modified_gmt":"2025-12-11T01:24:16","slug":"alexandra-lamy-sa-fille-chloe-jouannet-arretee-par-la-police-apres-un-delit-de-fuite","status":"publish","type":"post","link":"https:\/\/www.europesays.com\/fr\/591779\/","title":{"rendered":"Alexandra Lamy : sa fille Chloe Jouannet arr\u00eat\u00e9e par la police apr\u00e8s un \u00ab\u00a0d\u00e9lit de fuite\u00a0\u00bb"},"content":{"rendered":"<p>Chlo\u00e9 Jouannet a d\u00e9j\u00e0 pass\u00e9 une nuit en garde \u00e0 vue. Dans un entretien accord\u00e9 le 10 \u202fd\u00e9cembre 2025 au podcast d\u2019Alice Moiti\u00e9, la jeune com\u00e9dienne \u00e2g\u00e9e de 28 ans, <a href=\"https:\/\/www.public.fr\/alexandra-lamy-sa-fille-chloe-jouannet-evoque-son-long-chemin-pour-arreter-de-boire\" target=\"_blank\" rel=\"noopener\">fille d&rsquo;Alexandra Lamy<\/a>, a souhait\u00e9 revenir sur un \u00e9pisode survenu \u00ab\u00a0il y a dix ans\u00a0\u00bb, <strong>alors qu\u2019elle venait tout juste d\u2019obtenir son permis<\/strong>. \u00c0 l\u2019\u00e9poque, accompagn\u00e9e de sa s\u0153ur mineure et \u00e2g\u00e9e de 8 ans, elle chipait la voiture de <a href=\"https:\/\/vsd.fr\/4581-diaporama-la-fille-dalexandra-lamy-chloe-jouannet-saffiche-avec-son-petit-copain\/\" target=\"_blank\" rel=\"noopener\">son p\u00e8re, l\u2019acteur Thomas Jouannet<\/a>. Mais le trajet a failli virer au drame\u00a0 apr\u00e8s avoir percut\u00e9 un autre v\u00e9hicule.\u00a0<\/p>\n<p>Toutefois, malgr\u00e9 \u00ab\u00a0l\u2019accident\u00a0\u00bb, Chlo\u00e9 Jouannet a fait le choix, comme elle l\u2019indique elle-m\u00eame, de partir en <strong>\u00ab\u00a0d\u00e9lit de fuite\u00a0\u00bb.<\/strong> Quelques mois plus tard, elle se retrouvait en <strong>garde \u00e0 vue<\/strong>, d\u00e9nonc\u00e9e par son p\u00e8re lui-m\u00eame.\u00a0<\/p>\n<p>Toujours dans le podcast, la fille d\u2019<a href=\"https:\/\/www.public.fr\/tag\/alexandra-lamy\" target=\"_blank\" rel=\"noopener\">Alexandra Lamy<\/a> r\u00e9v\u00e8le que son p\u00e8re l\u2019a faite patienter plusieurs heures au commissariat avant de venir la chercher. Malgr\u00e9 une engueulade avec lui pour cette d\u00e9nonciation, elle assure avoir beaucoup ri apr\u00e8s coup, et avoir pris conscience de son erreur qui aurait pu lui couter cher.\u00a0<\/p>\n<p>Chlo\u00e9 Jouannet et son d\u00e9lit de fuite \u00e0 ses 18 ans<\/p>\n<p>\u00ab\u00a0J\u2019\u00e9tais avec ma s\u0153ur, qui avait 8 ans et moi 18 ans. Je venais d&rsquo;avoir le permis, donc on prend la voiture de mon p\u00e8re\u2026 Sinon c&rsquo;est pas dr\u00f4le ! Mado me dit : &lsquo;On ferait pas un karaok\u00e9 ?&rsquo; Donc on fait un karaok\u00e9 pendant que je conduis&#8230; Mais au moment de me garer, je ruine une bagnole !\u00a0\u00bb, explique Chlo\u00e9 Jouannet. Apr\u00e8s \u00eatre descendue de la voiture et avoir fait un tour de voiture pour prendre conscience des d\u00e9g\u00e2ts, la jeune com\u00e9dienne a estim\u00e9 que le v\u00e9hicule \u00ab\u00a0allait bien\u00a0\u00bb. Ce qui l\u2019a pouss\u00e9e \u00e0 red\u00e9marrer et \u2026 partir. <strong>\u00ab\u00a0Je fais un d\u00e9lit de fuite\u00a0\u00bb<\/strong>, r\u00e9sume-t-elle aujourd\u2019hui.<\/p>\n<p>Le d\u00e9lit n\u2019est pas rest\u00e9 impuni. En effet, selon son r\u00e9cit, elle a \u00e9t\u00e9 plac\u00e9e en garde \u00e0 vue plusieurs mois plus tard. Son p\u00e8re, Thomas Jouannet, aurait lui-m\u00eame d\u00e9nonc\u00e9 la situation. \u00ab\u00a0Je pense que &lsquo;pas vue pas prise&rsquo;. Mais quelqu&rsquo;un m&rsquo;avait vue ! Donc je mens, en mode petit conne. Le [policier] me laisse parler et signer la d\u00e9position o\u00f9 je mens ouvertement&#8230; Et finalement, il me dit <strong>&lsquo;vous savez que la personne qui vous a d\u00e9nonc\u00e9e, c&rsquo;est votre p\u00e8re ?&rsquo;<\/strong> C&rsquo;est une blague !\u00a0\u00bb, se souvient-elle.\u00a0<\/p>\n<p>La fille d\u2019Alexandra Lamy a finalement fait plusieurs heures en garde \u00e0 vue avant que son p\u00e8re ne se d\u00e9cide \u00e0 la faire sortir. \u00ab\u00a0Mon p\u00e8re est quand m\u00eame venu me chercher au bout de quelques heures. On s&rsquo;est engueul\u00e9s mais on riait\u00a0\u00bb,\u00a0se souvient-elle en assurant qu\u2019elle avait rembours\u00e9 le propri\u00e9taire de la voiture \u00e9rafl\u00e9e pour obtenir le retrait de la plainte.\u00a0\u00bb\u00c7a m&rsquo;a fait prendre conscience que j&rsquo;\u00e9tais une petite conne !\u00a0\u00bb, estime-t-elle.<\/p>\n<p>La carri\u00e8re d\u00e9j\u00e0 bien remplie de la fille d&rsquo;Alexandra Lamy<\/p>\n<p>Chlo\u00e9 Jouannet, fille des acteurs Alexandra Lamy et Thomas Jouannet, ce qui l\u2019a naturellement plong\u00e9e dans l\u2019univers du cin\u00e9ma et de la t\u00e9l\u00e9vision d\u00e8s son enfance. Celle-ci se fait rep\u00e9rer tr\u00e8s jeune gr\u00e2ce \u00e0 son immersion pr\u00e9coce dans le monde du cin\u00e9ma. Depuis ses d\u00e9buts, elle a su se constituer une filmographie solide, alternant entre cin\u00e9ma et s\u00e9ries t\u00e9l\u00e9vis\u00e9es.<\/p>\n<p>Son premier r\u00f4le remonte \u00e0 2009, lorsqu\u2019elle appara\u00eet dans le film <strong>Lucky Luke<\/strong> de James Huth avec <a href=\"https:\/\/www.public.fr\/tag\/jean-dujardin\" target=\"_blank\" rel=\"noopener\">Jean Dujardin<\/a>, \u00e0 seulement 12 ans. C\u2019est le d\u00e9but d\u2019une carri\u00e8re qui va progressivement prendre de l\u2019ampleur. En 2014, elle se fait remarquer dans <strong>Avis de mistral<\/strong>, o\u00f9 elle incarne L\u00e9a, une adolescente confront\u00e9e aux bouleversements de sa famille, aux c\u00f4t\u00e9s de <a href=\"https:\/\/www.public.fr\/tag\/jean-reno\" target=\"_blank\" rel=\"noopener\">Jean Reno<\/a>. Ce r\u00f4le marque une \u00e9tape importante et lui offre une visibilit\u00e9 aupr\u00e8s du public fran\u00e7ais.<\/p>\n<p>Elle poursuit avec la com\u00e9die <strong>Le Gendre de ma vie<\/strong> (2018), dans laquelle elle tient un r\u00f4le notable aux c\u00f4t\u00e9s de Kad Merad, avant de participer au film <strong>Banlieusards<\/strong> (2019) o\u00f9 elle incarne Lisa. Ces films lui permettent d\u2019explorer diff\u00e9rents genres et d\u2019affirmer sa pr\u00e9sence \u00e0 l\u2019\u00e9cran. Plus r\u00e9cemment, en 2022, Chlo\u00e9 Jouannet tient un r\u00f4le important dans <strong>Mon h\u00e9ro\u00efne<\/strong>, en incarnant Alex dans cette com\u00e9die.<\/p>\n<p>\n          Hits &amp; People en continu\n        <\/p>\n<p>\n          Public Radio\n        <\/p>\n<p>      Mentionn\u00e9s dans cet article<\/p>\n<p>      Sur le m\u00eame sujet<\/p>\n","protected":false},"excerpt":{"rendered":"Chlo\u00e9 Jouannet a d\u00e9j\u00e0 pass\u00e9 une nuit en garde \u00e0 vue. Dans un entretien accord\u00e9 le 10 \u202fd\u00e9cembre&hellip;\n","protected":false},"author":2,"featured_media":591780,"comment_status":"","ping_status":"","sticky":false,"template":"","format":"standard","meta":{"footnotes":""},"categories":[8],"tags":[4468,70476,58,59,1011,27,218,61322],"class_list":{"0":"post-591779","1":"post","2":"type-post","3":"status-publish","4":"format-standard","5":"has-post-thumbnail","7":"category-divertissement","8":"tag-alexandra-lamy","9":"tag-chloe-jouannet","10":"tag-divertissement","11":"tag-entertainment","12":"tag-fr","13":"tag-france","14":"tag-jean-dujardin","15":"tag-thomas-jouannet"},"share_on_mastodon":{"url":"https:\/\/pubeurope.com\/@fr\/115698327456650939","error":""},"_links":{"self":[{"href":"https:\/\/www.europesays.com\/fr\/wp-json\/wp\/v2\/posts\/591779","targetHints":{"allow":["GET"]}}],"collection":[{"href":"https:\/\/www.europesays.com\/fr\/wp-json\/wp\/v2\/posts"}],"about":[{"href":"https:\/\/www.europesays.com\/fr\/wp-json\/wp\/v2\/types\/post"}],"author":[{"embeddable":true,"href":"https:\/\/www.europesays.com\/fr\/wp-json\/wp\/v2\/users\/2"}],"replies":[{"embeddable":true,"href":"https:\/\/www.europesays.com\/fr\/wp-json\/wp\/v2\/comments?post=591779"}],"version-history":[{"count":0,"href":"https:\/\/www.europesays.com\/fr\/wp-json\/wp\/v2\/posts\/591779\/revisions"}],"wp:featuredmedia":[{"embeddable":true,"href":"https:\/\/www.europesays.com\/fr\/wp-json\/wp\/v2\/media\/591780"}],"wp:attachment":[{"href":"https:\/\/www.europesays.com\/fr\/wp-json\/wp\/v2\/media?parent=591779"}],"wp:term":[{"taxonomy":"category","embeddable":true,"href":"https:\/\/www.europesays.com\/fr\/wp-json\/wp\/v2\/categories?post=591779"},{"taxonomy":"post_tag","embeddable":true,"href":"https:\/\/www.europesays.com\/fr\/wp-json\/wp\/v2\/tags?post=591779"}],"curies":[{"name":"wp","href":"https:\/\/api.w.org\/{rel}","templated":true}]}}