{"id":591785,"date":"2025-12-11T01:27:14","date_gmt":"2025-12-11T01:27:14","guid":{"rendered":"https:\/\/www.europesays.com\/fr\/591785\/"},"modified":"2025-12-11T01:27:14","modified_gmt":"2025-12-11T01:27:14","slug":"ce-que-disent-les-sondages-en-cas-delection-presidentielle-en-ukraine","status":"publish","type":"post","link":"https:\/\/www.europesays.com\/fr\/591785\/","title":{"rendered":"ce que disent les sondages en cas d\u2019\u00e9lection pr\u00e9sidentielle en Ukraine"},"content":{"rendered":"<p>\n    Le pr\u00e9sident ukrainien a ouvert la porte \u00e0 une \u00e9lection pr\u00e9sidentielle avant la paix. Rien n\u2019indique cependant que Volodymyr Zelensky briguera un second mandat.<\/p>\n<p class=\"fig-paragraph\">Jusqu\u2019ici, une\u00a0<a href=\"http:\/\/www.lefigaro.fr\/international\/zelensky-se-dit-pret-a-organiser-une-presidentielle-en-ukraine-si-les-conditions-de-securite-sont-reunies-20251210\" data-fig-type=\"NewsFlash\" data-gtm-custom-categorie=\"navigation\" data-gtm-custom-action=\"crossclick\" data-gtm-custom-label=\"Contextuel\" data-gtm-event=\"customEventSPE\" data-fig-domain=\"LEFIGARO\" target=\"_blank\" rel=\"noopener\">\u00e9lection pr\u00e9sidentielle en Ukraine<\/a>\u00a0\u00e9tait impensable avant la paix. Pour cause, la\u00a0<a href=\"http:\/\/www.lefigaro.fr\/international\/guerre-en-ukraine-qu-est-ce-que-la-mobilisation-partielle-decretee-par-poutine-20220921\" data-fig-type=\"Article\" data-gtm-custom-categorie=\"navigation\" data-gtm-custom-action=\"crossclick\" data-gtm-custom-label=\"Contextuel\" data-gtm-event=\"customEventSPE\" data-fig-domain=\"LEFIGARO\" target=\"_blank\" rel=\"noopener\">loi martiale<\/a>\u00a0en vigueur depuis bient\u00f4t quatre ans interdit l\u2019organisation de scrutins dans de telles circonstances. Pour la premi\u00e8re fois, sous la pression de\u00a0<a href=\"http:\/\/www.lefigaro.fr\/international\/elections-en-ukraine-volodymyr-zelensky-cede-a-la-pression-de-donald-trump-20251210\" data-fig-type=\"Article\" data-gtm-custom-categorie=\"navigation\" data-gtm-custom-action=\"crossclick\" data-gtm-custom-label=\"Contextuel\" data-gtm-event=\"customEventSPE\" data-fig-domain=\"LEFIGARO\" target=\"_blank\" rel=\"noopener\">Donald Trump<\/a>,\u00a0<a href=\"http:\/\/www.lefigaro.fr\/international\/de-passage-a-rome-volodymyr-zelensky-vient-chercher-l-aide-d-une-indefectible-alliee-de-donald-trump-20251209\" data-fig-type=\"Article\" data-gtm-custom-categorie=\"navigation\" data-gtm-custom-action=\"crossclick\" data-gtm-custom-label=\"Contextuel\" data-gtm-event=\"customEventSPE\" data-fig-domain=\"LEFIGARO\" target=\"_blank\" rel=\"noopener\">Volodymyr Zelensky<\/a>\u00a0a cependant \u00e9voqu\u00e9 la possibilit\u00e9 d\u2019appeler les \u00e9lecteurs aux urnes malgr\u00e9 les combats.<\/p>\n<p class=\"fig-paragraph\">Kiev prendrait pr\u00e9texte de la guerre pour \u00e9viter l\u2019\u00e9lection, a accus\u00e9 Donald Trump dans un entretien accord\u00e9 \u00e0 Politico. \u00abJe demande ouvertement aux \u00c9tats-Unis de m\u2019aider, \u00e9ventuellement avec les coll\u00e8gues europ\u00e9ens, \u00e0 garantir la s\u00e9curit\u00e9 pour la tenue d\u2019\u00e9lections\u00bb, a r\u00e9pondu son homologue ukrainien ce mardi devant la presse. Une perspective encore incertaine, mais qui m\u00e9rite de faire le point\u00a0: que disent les sondages ukrainiens en cas d\u2019\u00e9lection pr\u00e9sidentielle\u00a0?<\/p>\n<p class=\"fig-paragraph\">Comme en France, le pr\u00e9sident ukrainien est \u00e9lu suffrage universel. Un second tour est organis\u00e9 entre les deux premiers si aucun candidat n\u2019a obtenu\u2026<\/p>\n<p class=\"fig-premium-paywall__infos\">\n        Cet article est r\u00e9serv\u00e9 aux abonn\u00e9s.        Il vous reste 80% \u00e0 d\u00e9couvrir.\n    <\/p>\n<p>                <img  data- alt=\"Le Figaro\" class=\"fig-img--complete fig-img\"\/><\/p>\n<p class=\"fig-premium-paywall__title\">Vente Flash<\/p>\n<p class=\"fig-premium-paywall__subtitle\">-50% sur l&rsquo;abonnement num\u00e9rique<\/p>\n<p class=\"fig-premium-paywall__connect\">\n                D\u00e9j\u00e0 abonn\u00e9\u00a0?                <a class=\"fig-premium-paywall__connect-link\" href=\"https:\/\/connect.lefigaro.fr\/login?client=horizon_web&amp;type=main&amp;redirect_uri=https%3A%2F%2Fwww.lefigaro.fr%2Finternational%2Fvolodymyr-zelensky-en-mauvaise-posture-valeri-zaloujny-favori-ce-que-disent-les-sondages-en-cas-d-election-presidentielle-en-ukraine-20251210\" data-js-gtm=\"{&quot;customCategorie&quot;: &quot;conversion&quot;, &quot;customAction&quot;: &quot;before_Landing_Connexion_paywall_auto&quot;, &quot;customLabel&quot;: &quot;bGVmaWdhcm8uZnJfXzFmMGQ1YTZjLWY0YjktNjlkMi04NTlhLTA5NTNjY2VjM2U2Y19fTmV3c0ZsYXNo_Volodymyr Zelensky en mauvaise posture, Valeri Zaloujny favori\u00a0: ce que disent les sondages en cas d\u2019\u00e9lection pr\u00e9sidentielle en Ukraine_145&quot;, &quot;customIDSPE&quot;: &quot;bGVmaWdhcm8uZnJfXzFmMGQ1YTZjLWY0YjktNjlkMi04NTlhLTA5NTNjY2VjM2U2Y19fTmV3c0ZsYXNo&quot;, &quot;event&quot;: &quot;customEventSPE&quot;}\" target=\"_blank\" rel=\"noopener\"><br \/>\n                    Connectez-vous<br \/>\n                <\/a>\n            <\/p>\n","protected":false},"excerpt":{"rendered":"Le pr\u00e9sident ukrainien a ouvert la porte \u00e0 une \u00e9lection pr\u00e9sidentielle avant la paix. Rien n\u2019indique cependant que&hellip;\n","protected":false},"author":2,"featured_media":591786,"comment_status":"","ping_status":"","sticky":false,"template":"","format":"standard","meta":{"footnotes":""},"categories":[5],"tags":[11,11984,1011,27,131,14,12,11243,220,134,28],"class_list":{"0":"post-591785","1":"post","2":"type-post","3":"status-publish","4":"format-standard","5":"has-post-thumbnail","7":"category-international","8":"tag-actualites","9":"tag-election-presidentielle","10":"tag-fr","11":"tag-france","12":"tag-guerre-en-ukraine","13":"tag-international","14":"tag-news","15":"tag-sondages","16":"tag-ukraine","17":"tag-volodymyr-zelensky","18":"tag-world"},"share_on_mastodon":{"url":"https:\/\/pubeurope.com\/@fr\/115698338778792465","error":""},"_links":{"self":[{"href":"https:\/\/www.europesays.com\/fr\/wp-json\/wp\/v2\/posts\/591785","targetHints":{"allow":["GET"]}}],"collection":[{"href":"https:\/\/www.europesays.com\/fr\/wp-json\/wp\/v2\/posts"}],"about":[{"href":"https:\/\/www.europesays.com\/fr\/wp-json\/wp\/v2\/types\/post"}],"author":[{"embeddable":true,"href":"https:\/\/www.europesays.com\/fr\/wp-json\/wp\/v2\/users\/2"}],"replies":[{"embeddable":true,"href":"https:\/\/www.europesays.com\/fr\/wp-json\/wp\/v2\/comments?post=591785"}],"version-history":[{"count":0,"href":"https:\/\/www.europesays.com\/fr\/wp-json\/wp\/v2\/posts\/591785\/revisions"}],"wp:featuredmedia":[{"embeddable":true,"href":"https:\/\/www.europesays.com\/fr\/wp-json\/wp\/v2\/media\/591786"}],"wp:attachment":[{"href":"https:\/\/www.europesays.com\/fr\/wp-json\/wp\/v2\/media?parent=591785"}],"wp:term":[{"taxonomy":"category","embeddable":true,"href":"https:\/\/www.europesays.com\/fr\/wp-json\/wp\/v2\/categories?post=591785"},{"taxonomy":"post_tag","embeddable":true,"href":"https:\/\/www.europesays.com\/fr\/wp-json\/wp\/v2\/tags?post=591785"}],"curies":[{"name":"wp","href":"https:\/\/api.w.org\/{rel}","templated":true}]}}