{"id":591791,"date":"2025-12-11T01:30:28","date_gmt":"2025-12-11T01:30:28","guid":{"rendered":"https:\/\/www.europesays.com\/fr\/591791\/"},"modified":"2025-12-11T01:30:28","modified_gmt":"2025-12-11T01:30:28","slug":"saint-just-malmont-marche-de-noel-et-fete-dhiver-federent-les-habitants","status":"publish","type":"post","link":"https:\/\/www.europesays.com\/fr\/591791\/","title":{"rendered":"Saint-Just-Malmont : march\u00e9 de No\u00ebl et f\u00eate d\u2019hiver f\u00e9d\u00e8rent les habitants"},"content":{"rendered":"<p>\t\t\t\t\t\t\t\t\t\t\t\t\t\t\t\t\t\t\t\t\t\t\t\t\t\t\t\t\t\t\t\t\t\t\t\t\t\t\t\t\t\t\t\t\t\t\t\t\t\t\t\t\t\t\t\t\t\t\t\t\t\t\t<a href=\"https:\/\/www.lacommere43.fr\/component\/banners\/click\/1754.html\" target=\"_blank\" title=\"Annonces l\u00e9gales Une\" rel=\"noopener\"><br \/>\n\t\t\t\t\t\t\t<img decoding=\"async\" loading=\"lazy\" src=\"https:\/\/www.europesays.com\/fr\/wp-content\/uploads\/2025\/07\/CARRE.gif\" alt=\"Annonces l\u00e9gales Une\"\/><br \/>\n\t\t\t\t\t\t<\/a><\/p>\n<p><strong>\u00c0 Saint-Just-Malmont, d\u00e9cembre a \u00e9t\u00e9 marqu\u00e9 par deux rendez-vous festifs tr\u00e8s attendus.<\/strong><\/p>\n<p>Dimanche 7 d\u00e9cembre, le march\u00e9 de No\u00ebl a rassembl\u00e9 de nombreux visiteurs venus d\u00e9couvrir les stands d\u2019artisans, producteurs locaux et cr\u00e9ateurs. Entre id\u00e9es cadeaux, produits gourmands et objets faits main, l\u2019\u00e9v\u00e9nement a s\u00e9duit un public fid\u00e8le.\u00a0<\/p>\n<p>Le samedi, c\u2019est la f\u00eate de l\u2019hiver qui avait lanc\u00e9 les festivit\u00e9s. Au programme : s\u00e9ance de cin\u00e9ma, illumination de la for\u00eat de sapins, venue du P\u00e8re No\u00ebl, man\u00e8ge, sculpture de ballons et animations musicales. Les commer\u00e7ants proposaient des hu\u00eetres, tandis que le comit\u00e9 des f\u00eates assurait la partie snack et buvette.<\/p>\n<p>La journ\u00e9e s\u2019est termin\u00e9e \u00e0 l\u2019\u00e9glise avec une prestation appr\u00e9ci\u00e9e de la chorale Chantencor, offrant un moment musical chaleureux, au profit de l&rsquo;association \u00ab\u00a0De la magie pour L\u00e9ny\u00a0\u00bb. Le m\u00eame concert sera donn\u00e9 le dimanche 14 d\u00e9cembre, \u00e0 15 heures, \u00e0 l\u2019\u00e9glise de\u00a0Saint-Didier-en-Velay.<\/p>\n","protected":false},"excerpt":{"rendered":"\u00c0 Saint-Just-Malmont, d\u00e9cembre a \u00e9t\u00e9 marqu\u00e9 par deux rendez-vous festifs tr\u00e8s attendus. Dimanche 7 d\u00e9cembre, le march\u00e9 de&hellip;\n","protected":false},"author":2,"featured_media":591792,"comment_status":"","ping_status":"","sticky":false,"template":"","format":"standard","meta":{"footnotes":""},"categories":[9653],"tags":[1111,2281,11,2430,1777,674,2282,1011,27,2280,2284,2285,2283,12,25,4001],"class_list":{"0":"post-591791","1":"post","2":"type-post","3":"status-publish","4":"format-standard","5":"has-post-thumbnail","7":"category-saint-etienne","8":"tag-actu","9":"tag-actualite-43","10":"tag-actualites","11":"tag-auvergne-rhone-alpes","12":"tag-eu","13":"tag-europe","14":"tag-faits-divers-auvergne","15":"tag-fr","16":"tag-france","17":"tag-information-haute-loire","18":"tag-infos-43","19":"tag-journal-haute-loire","20":"tag-la-commere-43","21":"tag-news","22":"tag-republique-francaise","23":"tag-saint-etienne"},"share_on_mastodon":{"url":"https:\/\/pubeurope.com\/@fr\/115698351162958332","error":""},"_links":{"self":[{"href":"https:\/\/www.europesays.com\/fr\/wp-json\/wp\/v2\/posts\/591791","targetHints":{"allow":["GET"]}}],"collection":[{"href":"https:\/\/www.europesays.com\/fr\/wp-json\/wp\/v2\/posts"}],"about":[{"href":"https:\/\/www.europesays.com\/fr\/wp-json\/wp\/v2\/types\/post"}],"author":[{"embeddable":true,"href":"https:\/\/www.europesays.com\/fr\/wp-json\/wp\/v2\/users\/2"}],"replies":[{"embeddable":true,"href":"https:\/\/www.europesays.com\/fr\/wp-json\/wp\/v2\/comments?post=591791"}],"version-history":[{"count":0,"href":"https:\/\/www.europesays.com\/fr\/wp-json\/wp\/v2\/posts\/591791\/revisions"}],"wp:featuredmedia":[{"embeddable":true,"href":"https:\/\/www.europesays.com\/fr\/wp-json\/wp\/v2\/media\/591792"}],"wp:attachment":[{"href":"https:\/\/www.europesays.com\/fr\/wp-json\/wp\/v2\/media?parent=591791"}],"wp:term":[{"taxonomy":"category","embeddable":true,"href":"https:\/\/www.europesays.com\/fr\/wp-json\/wp\/v2\/categories?post=591791"},{"taxonomy":"post_tag","embeddable":true,"href":"https:\/\/www.europesays.com\/fr\/wp-json\/wp\/v2\/tags?post=591791"}],"curies":[{"name":"wp","href":"https:\/\/api.w.org\/{rel}","templated":true}]}}