{"id":591796,"date":"2025-12-11T01:33:29","date_gmt":"2025-12-11T01:33:29","guid":{"rendered":"https:\/\/www.europesays.com\/fr\/591796\/"},"modified":"2025-12-11T01:33:29","modified_gmt":"2025-12-11T01:33:29","slug":"tir-de-nombreux-tireurs-lorrains-en-lice-aux-evaluations-nationales","status":"publish","type":"post","link":"https:\/\/www.europesays.com\/fr\/591796\/","title":{"rendered":"Tir. De nombreux tireurs lorrains en lice aux \u00e9valuations nationales"},"content":{"rendered":"<p>  \u00c9valuations nationales\u00a0: les Lorrains en force<\/p>\n<p>Permettant \u00e0 la FFtir de proc\u00e9der \u00e0 une grande revue de troupes, notamment du c\u00f4t\u00e9 de la rel\u00e8ve (cadets et juniors), les \u00e9valuations nationales sont un passage oblig\u00e9 avant de futures s\u00e9lections internationales. La premi\u00e8re session de ces tests a lieu cette semaine au Centre National de Tir Sportif de Ch\u00e2teauroux. Et de nombreux Lorrains y prennent part.<\/p>\n<p>Aux c\u00f4t\u00e9s d\u2019habitu\u00e9s des lieux ( <a href=\"https:\/\/www.estrepublicain.fr\/sport\/2025\/07\/30\/lucas-kryzs-ma-meilleure-performance-depuis-que-je-suis-en-senior\" target=\"_blank\" rel=\"noopener\">Lucas Kryzs<\/a> , \u00c9milien Chassat, Nicolas Thiel, Lucie Kissenberger\u2026), la DTN a en effet invit\u00e9 une dizaine d\u2019espoirs de la r\u00e9gion. Une liste dans laquelle on retrouve les Nanc\u00e9iens Ana\u00eblle Thomas, Ange Arnoux et <a href=\"https:\/\/www.estrepublicain.fr\/sport\/2025\/07\/22\/thibaut-hagen-vise-toujours-plus-haut\" target=\"_blank\" rel=\"noopener\">Thibaut Hagen<\/a> , mais aussi la N\u00e9odomienne Eva Jankowski.<\/p>\n<p>  R\u00e9gionaux 10\/18 m\u00e8tres\u00a0: Nancy fait un carton<\/p>\n<p>L\u2019Eurostand de Volmerange a accueilli durant deux week-ends les championnats r\u00e9gionaux \u00e0 10 et 18 m\u00e8tres. Une \u00e9dition 2025 qui a enregistr\u00e9 un record de participation avec 811 engagements recens\u00e9s dans les treize \u00e9preuves au menu. La Soci\u00e9t\u00e9 de Tir de Nancy y a fait un carton avec onze m\u00e9dailles en individuel (dont trois titres pour Thomas Delacourt, Vincent Peteau et la cadette Anna\u00eblle Thomas), mais aussi sept titres par \u00e9quipes\u00a0!<\/p>\n<p>  La Meuse r\u00e8gne sur l\u2019arbal\u00e8te<\/p>\n<p>\u00c0 l\u2019image de la Barisienne Lena Giannini (d\u00e9sormais licenci\u00e9e \u00e0 Clichy), multim\u00e9daill\u00e9e dans la discipline, l\u2019arbal\u00e8te reste une sp\u00e9cialit\u00e9 meusienne. Les tireurs de la L\u00e9gion Saint-Georges, de La Barisienne et du SA Verdun ont ainsi remport\u00e9 six des huit titres mis en jeu \u00e0 Volmerange.<\/p>\n","protected":false},"excerpt":{"rendered":"\u00c9valuations nationales\u00a0: les Lorrains en force Permettant \u00e0 la FFtir de proc\u00e9der \u00e0 une grande revue de troupes,&hellip;\n","protected":false},"author":2,"featured_media":591797,"comment_status":"","ping_status":"","sticky":false,"template":"","format":"standard","meta":{"footnotes":""},"categories":[9635],"tags":[1111,11,1704,1777,674,1011,27,775,1702,1703,12,25,517,1700,9805],"class_list":{"0":"post-591796","1":"post","2":"type-post","3":"status-publish","4":"format-standard","5":"has-post-thumbnail","7":"category-nancy","8":"tag-actu","9":"tag-actualites","10":"tag-edition-nancy-et-agglomeration","11":"tag-eu","12":"tag-europe","13":"tag-fr","14":"tag-france","15":"tag-grand-est","16":"tag-nancy","17":"tag-nancy-ville-54b","18":"tag-news","19":"tag-republique-francaise","20":"tag-sport","21":"tag-sport-lorrain","22":"tag-tir"},"share_on_mastodon":{"url":"https:\/\/pubeurope.com\/@fr\/115698362155989723","error":""},"_links":{"self":[{"href":"https:\/\/www.europesays.com\/fr\/wp-json\/wp\/v2\/posts\/591796","targetHints":{"allow":["GET"]}}],"collection":[{"href":"https:\/\/www.europesays.com\/fr\/wp-json\/wp\/v2\/posts"}],"about":[{"href":"https:\/\/www.europesays.com\/fr\/wp-json\/wp\/v2\/types\/post"}],"author":[{"embeddable":true,"href":"https:\/\/www.europesays.com\/fr\/wp-json\/wp\/v2\/users\/2"}],"replies":[{"embeddable":true,"href":"https:\/\/www.europesays.com\/fr\/wp-json\/wp\/v2\/comments?post=591796"}],"version-history":[{"count":0,"href":"https:\/\/www.europesays.com\/fr\/wp-json\/wp\/v2\/posts\/591796\/revisions"}],"wp:featuredmedia":[{"embeddable":true,"href":"https:\/\/www.europesays.com\/fr\/wp-json\/wp\/v2\/media\/591797"}],"wp:attachment":[{"href":"https:\/\/www.europesays.com\/fr\/wp-json\/wp\/v2\/media?parent=591796"}],"wp:term":[{"taxonomy":"category","embeddable":true,"href":"https:\/\/www.europesays.com\/fr\/wp-json\/wp\/v2\/categories?post=591796"},{"taxonomy":"post_tag","embeddable":true,"href":"https:\/\/www.europesays.com\/fr\/wp-json\/wp\/v2\/tags?post=591796"}],"curies":[{"name":"wp","href":"https:\/\/api.w.org\/{rel}","templated":true}]}}