{"id":591805,"date":"2025-12-11T01:42:36","date_gmt":"2025-12-11T01:42:36","guid":{"rendered":"https:\/\/www.europesays.com\/fr\/591805\/"},"modified":"2025-12-11T01:42:36","modified_gmt":"2025-12-11T01:42:36","slug":"echirolles-trois-blesses-dont-deux-policiers-lors-dune-interpellation-musclee","status":"publish","type":"post","link":"https:\/\/www.europesays.com\/fr\/591805\/","title":{"rendered":"\u00c9chirolles : trois bless\u00e9s, dont deux policiers lors d&rsquo;une interpellation muscl\u00e9e"},"content":{"rendered":"<p>09\/12\/2025 &#8211; 18:02<\/p>\n<p>\t\t\t\t\t\t\t\t&#13;<br \/>\n&#13;<br \/>\n&#13;<br \/>\n&#13;<br \/>\n&#13;<\/p>\n<p>Une op\u00e9ration de contr\u00f4le a d\u00e9g\u00e9n\u00e9r\u00e9 mardi vers 14h30 dans un immeuble situ\u00e9 au num\u00e9ro 2 de la rue d&rsquo;Auvergne, dans le quartier des Essarts, \u00e0 \u00c9chirolles. Une Brigade Sp\u00e9cialis\u00e9e de Terrain qui effectuait une visite des parties communes a intercept\u00e9 un individu qui sortait d&rsquo;un appartement duquel se d\u00e9gageait une forte odeur de stup\u00e9fiants.<\/p>\n<p>Au moment de l&rsquo;interpellation, deux fonctionnaires de police ont chut\u00e9 dans les escaliers avec le suspect. Ce dernier, \u00e2g\u00e9 de 32 ans, a perdu connaissance. Il a \u00e9t\u00e9 transport\u00e9 en urgence absolue par le Samu au service d\u00e9chocage du CHU de Grenoble o\u00f9 son pronostic vital a \u00e9t\u00e9, un temps, engag\u00e9.\u00a0<\/p>\n<p>Les deux policiers ont \u00e9galement \u00e9t\u00e9 bless\u00e9s. Le premier a \u00e9t\u00e9 l\u00e9g\u00e8rement touch\u00e9 \u00e0 la t\u00eate et le second au poignet avec une suspicion de fracture. Une perquisition de l&rsquo;appartement est en cours.<\/p>\n","protected":false},"excerpt":{"rendered":"09\/12\/2025 &#8211; 18:02 &#13; &#13; &#13; &#13; &#13; Une op\u00e9ration de contr\u00f4le a d\u00e9g\u00e9n\u00e9r\u00e9 mardi vers 14h30 dans&hellip;\n","protected":false},"author":2,"featured_media":591806,"comment_status":"","ping_status":"","sticky":false,"template":"","format":"standard","meta":{"footnotes":""},"categories":[9566],"tags":[1111,11,2430,1777,674,1011,27,2731,12,25],"class_list":{"0":"post-591805","1":"post","2":"type-post","3":"status-publish","4":"format-standard","5":"has-post-thumbnail","7":"category-grenoble","8":"tag-actu","9":"tag-actualites","10":"tag-auvergne-rhone-alpes","11":"tag-eu","12":"tag-europe","13":"tag-fr","14":"tag-france","15":"tag-grenoble","16":"tag-news","17":"tag-republique-francaise"},"share_on_mastodon":{"url":"https:\/\/pubeurope.com\/@fr\/115698397673728230","error":""},"_links":{"self":[{"href":"https:\/\/www.europesays.com\/fr\/wp-json\/wp\/v2\/posts\/591805","targetHints":{"allow":["GET"]}}],"collection":[{"href":"https:\/\/www.europesays.com\/fr\/wp-json\/wp\/v2\/posts"}],"about":[{"href":"https:\/\/www.europesays.com\/fr\/wp-json\/wp\/v2\/types\/post"}],"author":[{"embeddable":true,"href":"https:\/\/www.europesays.com\/fr\/wp-json\/wp\/v2\/users\/2"}],"replies":[{"embeddable":true,"href":"https:\/\/www.europesays.com\/fr\/wp-json\/wp\/v2\/comments?post=591805"}],"version-history":[{"count":0,"href":"https:\/\/www.europesays.com\/fr\/wp-json\/wp\/v2\/posts\/591805\/revisions"}],"wp:featuredmedia":[{"embeddable":true,"href":"https:\/\/www.europesays.com\/fr\/wp-json\/wp\/v2\/media\/591806"}],"wp:attachment":[{"href":"https:\/\/www.europesays.com\/fr\/wp-json\/wp\/v2\/media?parent=591805"}],"wp:term":[{"taxonomy":"category","embeddable":true,"href":"https:\/\/www.europesays.com\/fr\/wp-json\/wp\/v2\/categories?post=591805"},{"taxonomy":"post_tag","embeddable":true,"href":"https:\/\/www.europesays.com\/fr\/wp-json\/wp\/v2\/tags?post=591805"}],"curies":[{"name":"wp","href":"https:\/\/api.w.org\/{rel}","templated":true}]}}