{"id":591807,"date":"2025-12-11T01:43:13","date_gmt":"2025-12-11T01:43:13","guid":{"rendered":"https:\/\/www.europesays.com\/fr\/591807\/"},"modified":"2025-12-11T01:43:13","modified_gmt":"2025-12-11T01:43:13","slug":"deux-policiers-et-un-suspect-blesses-lors-dune-operation-pres-de-grenoble-ou-des-armes-et-de-la-drogue-ont-ete-retrouvees","status":"publish","type":"post","link":"https:\/\/www.europesays.com\/fr\/591807\/","title":{"rendered":"Deux policiers et un suspect bless\u00e9s lors d\u2019une op\u00e9ration pr\u00e8s de Grenoble o\u00f9 des armes et de la drogue ont \u00e9t\u00e9 retrouv\u00e9es"},"content":{"rendered":"<p>Initialement, l\u2019\u00e9quipage de police \u00e9tait \u00e0 la recherche d\u2019un deux-roues signal\u00e9 vol\u00e9. Les fonctionnaires se dirigent alors vers un immeuble d\u2019\u00c9chirolles. C\u2019est \u00e0 ce moment-l\u00e0 que deux policiers tombent nez \u00e0 nez avec un individu qui sort d\u2019un appartement en train de consommer des stup\u00e9fiants. L\u2019homme refuse d\u2019\u00eatre contr\u00f4l\u00e9, force le passage et chute avec les deux policiers dans les escaliers, selon les informations du <a href=\"https:\/\/www.leparisien.fr\/faits-divers\/un-suspect-et-deux-policiers-blesses-lors-dune-operation-a-echirolles-du-cash-des-armes-et-de-la-drogue-retrouves-dans-un-appartement-10-12-2025-D3KP55UK7JCI5HKV2KMRHK3O34.php\" target=\"_blank\" rel=\"nofollow noopener\">\u00ab\u00a0Parisien\u00a0\u00bb<\/a>.<\/p>\n<p>Drogues, armes et argent<\/p>\n<p>Dans la chute, le suspect a perdu connaissance et a \u00e9t\u00e9 transport\u00e9 \u00e0 l\u2019h\u00f4pital en urgence avec un pronostic vital engag\u00e9. Il est depuis \u00ab\u00a0sorti du coma\u00a0\u00bb, selon les informations du \u00ab\u00a0Parisien\u00a0\u00bb. L\u2019un des deux fonctionnaires a re\u00e7u un choc \u00e0 la t\u00eate alors que le second souffre d\u2019une blessure au poignet.<\/p>\n","protected":false},"excerpt":{"rendered":"Initialement, l\u2019\u00e9quipage de police \u00e9tait \u00e0 la recherche d\u2019un deux-roues signal\u00e9 vol\u00e9. Les fonctionnaires se dirigent alors vers&hellip;\n","protected":false},"author":2,"featured_media":591808,"comment_status":"","ping_status":"","sticky":false,"template":"","format":"standard","meta":{"footnotes":""},"categories":[9566],"tags":[1111,11,2430,1777,674,1011,27,2731,12,25],"class_list":{"0":"post-591807","1":"post","2":"type-post","3":"status-publish","4":"format-standard","5":"has-post-thumbnail","7":"category-grenoble","8":"tag-actu","9":"tag-actualites","10":"tag-auvergne-rhone-alpes","11":"tag-eu","12":"tag-europe","13":"tag-fr","14":"tag-france","15":"tag-grenoble","16":"tag-news","17":"tag-republique-francaise"},"share_on_mastodon":{"url":"https:\/\/pubeurope.com\/@fr\/115698401530923583","error":""},"_links":{"self":[{"href":"https:\/\/www.europesays.com\/fr\/wp-json\/wp\/v2\/posts\/591807","targetHints":{"allow":["GET"]}}],"collection":[{"href":"https:\/\/www.europesays.com\/fr\/wp-json\/wp\/v2\/posts"}],"about":[{"href":"https:\/\/www.europesays.com\/fr\/wp-json\/wp\/v2\/types\/post"}],"author":[{"embeddable":true,"href":"https:\/\/www.europesays.com\/fr\/wp-json\/wp\/v2\/users\/2"}],"replies":[{"embeddable":true,"href":"https:\/\/www.europesays.com\/fr\/wp-json\/wp\/v2\/comments?post=591807"}],"version-history":[{"count":0,"href":"https:\/\/www.europesays.com\/fr\/wp-json\/wp\/v2\/posts\/591807\/revisions"}],"wp:featuredmedia":[{"embeddable":true,"href":"https:\/\/www.europesays.com\/fr\/wp-json\/wp\/v2\/media\/591808"}],"wp:attachment":[{"href":"https:\/\/www.europesays.com\/fr\/wp-json\/wp\/v2\/media?parent=591807"}],"wp:term":[{"taxonomy":"category","embeddable":true,"href":"https:\/\/www.europesays.com\/fr\/wp-json\/wp\/v2\/categories?post=591807"},{"taxonomy":"post_tag","embeddable":true,"href":"https:\/\/www.europesays.com\/fr\/wp-json\/wp\/v2\/tags?post=591807"}],"curies":[{"name":"wp","href":"https:\/\/api.w.org\/{rel}","templated":true}]}}