{"id":591811,"date":"2025-12-11T01:45:30","date_gmt":"2025-12-11T01:45:30","guid":{"rendered":"https:\/\/www.europesays.com\/fr\/591811\/"},"modified":"2025-12-11T01:45:30","modified_gmt":"2025-12-11T01:45:30","slug":"piegee-dans-sa-voiture-une-septuagenaire-en-urgence-absolue-apres-un-accident-de-la-route-a-la-sortie-de-rennes","status":"publish","type":"post","link":"https:\/\/www.europesays.com\/fr\/591811\/","title":{"rendered":"Pi\u00e9g\u00e9e dans sa voiture, une septuag\u00e9naire en urgence absolue apr\u00e8s un accident de la route \u00e0 la sortie de Rennes"},"content":{"rendered":"<p>Il \u00e9tait 15 h 20 ce mercredi 10 d\u00e9cembre quand un accident de la route s\u2019est produit sur la RN157, dans le sens Rennes-Paris, au niveau de l\u2019\u00e9changeur de la Rigourdi\u00e8re pr\u00e8s de Cesson-S\u00e9vign\u00e9. Deux v\u00e9hicules l\u00e9gers et un poids lourd ont \u00e9t\u00e9 impliqu\u00e9s dans l\u2019accident.<\/p>\n<p>La septuag\u00e9naire bloqu\u00e9e dans sa voiture<\/p>\n<p>Dans une des voitures se trouvait une femme de 78 ans. Celle-ci s\u2019est retrouv\u00e9e pi\u00e9g\u00e9e dans son v\u00e9hicule et a d\u00fb \u00eatre extraite par les secours. Selon nos informations, la septuag\u00e9naire a \u00e9t\u00e9 transport\u00e9e \u00e0 l\u2019h\u00f4pital en urgence absolue. 16 sapeurs-pompiers ont \u00e9t\u00e9 mobilis\u00e9s durant l\u2019intervention.<\/p>\n","protected":false},"excerpt":{"rendered":"Il \u00e9tait 15 h 20 ce mercredi 10 d\u00e9cembre quand un accident de la route s\u2019est produit sur&hellip;\n","protected":false},"author":2,"featured_media":591812,"comment_status":"","ping_status":"","sticky":false,"template":"","format":"standard","meta":{"footnotes":""},"categories":[2821],"tags":[1111,11,829,765,1777,674,3383,1011,27,848,12,584,25],"class_list":{"0":"post-591811","1":"post","2":"type-post","3":"status-publish","4":"format-standard","5":"has-post-thumbnail","7":"category-rennes","8":"tag-actu","9":"tag-actualites","10":"tag-bretagne","11":"tag-en-continu","12":"tag-eu","13":"tag-europe","14":"tag-faits-divers-a-rennes","15":"tag-fr","16":"tag-france","17":"tag-ille-et-vilaine","18":"tag-news","19":"tag-rennes","20":"tag-republique-francaise"},"share_on_mastodon":{"url":"https:\/\/pubeurope.com\/@fr\/115698409636643367","error":""},"_links":{"self":[{"href":"https:\/\/www.europesays.com\/fr\/wp-json\/wp\/v2\/posts\/591811","targetHints":{"allow":["GET"]}}],"collection":[{"href":"https:\/\/www.europesays.com\/fr\/wp-json\/wp\/v2\/posts"}],"about":[{"href":"https:\/\/www.europesays.com\/fr\/wp-json\/wp\/v2\/types\/post"}],"author":[{"embeddable":true,"href":"https:\/\/www.europesays.com\/fr\/wp-json\/wp\/v2\/users\/2"}],"replies":[{"embeddable":true,"href":"https:\/\/www.europesays.com\/fr\/wp-json\/wp\/v2\/comments?post=591811"}],"version-history":[{"count":0,"href":"https:\/\/www.europesays.com\/fr\/wp-json\/wp\/v2\/posts\/591811\/revisions"}],"wp:featuredmedia":[{"embeddable":true,"href":"https:\/\/www.europesays.com\/fr\/wp-json\/wp\/v2\/media\/591812"}],"wp:attachment":[{"href":"https:\/\/www.europesays.com\/fr\/wp-json\/wp\/v2\/media?parent=591811"}],"wp:term":[{"taxonomy":"category","embeddable":true,"href":"https:\/\/www.europesays.com\/fr\/wp-json\/wp\/v2\/categories?post=591811"},{"taxonomy":"post_tag","embeddable":true,"href":"https:\/\/www.europesays.com\/fr\/wp-json\/wp\/v2\/tags?post=591811"}],"curies":[{"name":"wp","href":"https:\/\/api.w.org\/{rel}","templated":true}]}}