{"id":591820,"date":"2025-12-11T01:50:28","date_gmt":"2025-12-11T01:50:28","guid":{"rendered":"https:\/\/www.europesays.com\/fr\/591820\/"},"modified":"2025-12-11T01:50:28","modified_gmt":"2025-12-11T01:50:28","slug":"des-magiciennes-aux-sorcieres-une-exposition-exceptionnelle-sur-lune-des-plus-vastes","status":"publish","type":"post","link":"https:\/\/www.europesays.com\/fr\/591820\/","title":{"rendered":"Des magiciennes aux sorci\u00e8res\u00a0: une exposition exceptionnelle sur l\u2019une \u00ab\u00a0des plus vastes"},"content":{"rendered":"<p><a href=\"https:\/\/nantes.maville.com\/actu\/actudet_-affluence-record-pour-l-expo-hokusai-147-000-visiteurs-a-nantes-_8-6970635_actu.Htm\" target=\"_self\" rel=\"noopener\">Apr\u00e8s l\u2019affluence record pour Hokusai<\/a>, le mus\u00e9e d\u2019histoire de Nantes s\u2019empare d\u2019une \u00a0des plus vastes pers\u00e9cutions de l\u2019histoire\u00a0. Du 7\u00a0f\u00e9vrier au 28\u00a0juin 2026, la nouvelle exposition s\u2019int\u00e9ressera aux \u00a0femmes accus\u00e9es de sorcellerie, du cr\u00e9puscule du Moyen \u00c2ge \u00e0 l\u2019\u00c9poque moderne\u00a0. Un parcours \u00a0immersif et vigoureux\u00a0 sera propos\u00e9 des \u00a0magiciennes de l\u2019Antiquit\u00e9\u00a0 aux proc\u00e8s de l\u2019Inquisition.<\/p>\n<p>Loin des clich\u00e9s et des st\u00e9r\u00e9otypes, l\u2019exposition \u00a0ambitionne de porter un regard critique et salutaire sur une \u00e9poque tourment\u00e9e\u00a0. Un sujet \u00a0dont les enjeux \u2013 genre, corps, sexualit\u00e9, domination, manipulation, oubli \u2013 demeurent au c\u0153ur des pr\u00e9occupations contemporaines\u00a0.<\/p>\n<p>\t<img decoding=\"async\" src=\"https:\/\/www.europesays.com\/fr\/wp-content\/uploads\/2025\/12\/P35632144D7103326G_px_640_.jpg\" alt=\"photo \u00ab\u00a0circ\u00e9 la magicienne\u00a0\u00bb de john william.  \u00a9  bridgeman images \/ peter nahum at the leicester galleries, londres\" width=\"640\" title=\" \u00ab\u00a0Circ\u00e9 la magicienne\u00a0\u00bb de John William.   Bridgeman Images \/ Peter Nahum at The Leicester Galleries, Londres \"\/><\/p>\n<p class=\"elmt-legende\"> \u00ab\u00a0Circ\u00e9 la magicienne\u00a0\u00bb de John William.   Bridgeman Images \/ Peter Nahum at The Leicester Galleries, Londres <\/p>\n<p>180\u00a0\u0153uvres et objets<\/p>\n<p>Pr\u00e8s de 180\u00a0\u0153uvres, gravures, peintures, manuscrits et objets permettront de reconstituer ce \u00a0fil vertigineux\u00a0 \u00e0 l\u2019aide de dispositifs multim\u00e9dias (films, t\u00e9moignages, cartes\u2026). Le parcours commencera par les magiciennes de l\u2019Antiquit\u00e9. Il se poursuit par l\u2019\u00e9poque m\u00e9di\u00e9vale avec les proc\u00e8s, puis sur les chasses aux sorci\u00e8res aux XVIe et XVIIe\u00a0si\u00e8cles. L\u2019exposition se termine par \u00a0la r\u00e9appropriation contemporaine de l\u2019image de la sorci\u00e8re, d\u00e9sormais per\u00e7ue comme une figure de puissance, affranchie de toute connotation d\u00e9moniaque\u00a0.<\/p>\n<p>R\u00e9servation recommand\u00e9e<\/p>\n<p>Il est, depuis mercredi 10\u00a0d\u00e9cembre 2025, possible de r\u00e9server ses places. Cela se passe <a href=\"https:\/\/www.chateaunantes.fr\/expositions\/sorcieres\/\" target=\"_parent\" rel=\"noopener\">en ligne<\/a>, par t\u00e9l\u00e9phone et sur place en billetterie. Les billets sont de 5 \u00e0 9\u00a0\u20ac, et comprennent aussi l\u2019entr\u00e9e du ch\u00e2teau des ducs de Bretagne.<\/p>\n<p>Il n\u2019est pas obligatoire de r\u00e9server un cr\u00e9neau horaire pour d\u00e9couvrir cette nouvelle exposition temporaire. N\u00e9anmoins, le mus\u00e9e de Nantes le conseille fortement, \u00a0y compris pour les b\u00e9n\u00e9ficiaires de la gratuit\u00e9\u00a0. Cela pour en garantir l\u2019entr\u00e9e. <a href=\"https:\/\/nantes.maville.com\/actu\/actudet_-l-exposition-hokusai-suscite-des-frustrations-a-nantes-ouvrez-des-creneaux-meme-la-nuit-_8-6936431_actu.Htm\" target=\"_self\" rel=\"noopener\">L\u2019\u00e9norme succ\u00e8s de l\u2019exposition de l\u2019artiste japonais Katsushika Hokusai l\u2019a prouv\u00e9 l\u2019\u00e9t\u00e9 dernier<\/a>.<\/p>\n<p>\u00a0<\/p>\n","protected":false},"excerpt":{"rendered":"Apr\u00e8s l\u2019affluence record pour Hokusai, le mus\u00e9e d\u2019histoire de Nantes s\u2019empare d\u2019une \u00a0des plus vastes pers\u00e9cutions de l\u2019histoire\u00a0.&hellip;\n","protected":false},"author":2,"featured_media":591821,"comment_status":"","ping_status":"","sticky":false,"template":"","format":"standard","meta":{"footnotes":""},"categories":[2818],"tags":[1111,11,1777,674,14925,3293,1011,27,937,70477,766,12,2636,70479,25,14816,70478],"class_list":{"0":"post-591820","1":"post","2":"type-post","3":"status-publish","4":"format-standard","5":"has-post-thumbnail","7":"category-nantes","8":"tag-actu","9":"tag-actualites","10":"tag-eu","11":"tag-europe","12":"tag-exceptionnelle","13":"tag-exposition","14":"tag-fr","15":"tag-france","16":"tag-histoire","17":"tag-magiciennes","18":"tag-nantes","19":"tag-news","20":"tag-pays-de-la-loire","21":"tag-persecutions","22":"tag-republique-francaise","23":"tag-sorcieres","24":"tag-vastes"},"share_on_mastodon":{"url":"https:\/\/pubeurope.com\/@fr\/115698429234323097","error":""},"_links":{"self":[{"href":"https:\/\/www.europesays.com\/fr\/wp-json\/wp\/v2\/posts\/591820","targetHints":{"allow":["GET"]}}],"collection":[{"href":"https:\/\/www.europesays.com\/fr\/wp-json\/wp\/v2\/posts"}],"about":[{"href":"https:\/\/www.europesays.com\/fr\/wp-json\/wp\/v2\/types\/post"}],"author":[{"embeddable":true,"href":"https:\/\/www.europesays.com\/fr\/wp-json\/wp\/v2\/users\/2"}],"replies":[{"embeddable":true,"href":"https:\/\/www.europesays.com\/fr\/wp-json\/wp\/v2\/comments?post=591820"}],"version-history":[{"count":0,"href":"https:\/\/www.europesays.com\/fr\/wp-json\/wp\/v2\/posts\/591820\/revisions"}],"wp:featuredmedia":[{"embeddable":true,"href":"https:\/\/www.europesays.com\/fr\/wp-json\/wp\/v2\/media\/591821"}],"wp:attachment":[{"href":"https:\/\/www.europesays.com\/fr\/wp-json\/wp\/v2\/media?parent=591820"}],"wp:term":[{"taxonomy":"category","embeddable":true,"href":"https:\/\/www.europesays.com\/fr\/wp-json\/wp\/v2\/categories?post=591820"},{"taxonomy":"post_tag","embeddable":true,"href":"https:\/\/www.europesays.com\/fr\/wp-json\/wp\/v2\/tags?post=591820"}],"curies":[{"name":"wp","href":"https:\/\/api.w.org\/{rel}","templated":true}]}}