{"id":591826,"date":"2025-12-11T01:54:20","date_gmt":"2025-12-11T01:54:20","guid":{"rendered":"https:\/\/www.europesays.com\/fr\/591826\/"},"modified":"2025-12-11T01:54:20","modified_gmt":"2025-12-11T01:54:20","slug":"incendiee-la-porte-de-lhotel-de-ville-de-bordeaux-remplacee-apres-un-chantier-exceptionnel","status":"publish","type":"post","link":"https:\/\/www.europesays.com\/fr\/591826\/","title":{"rendered":"Incendi\u00e9e, la porte de l&rsquo;h\u00f4tel de ville de Bordeaux remplac\u00e9e apr\u00e8s \u00ab\u00a0un chantier exceptionnel\u00a0\u00bb"},"content":{"rendered":"<p>                    Par<br \/>\n        <strong><br \/>\n            <a href=\"https:\/\/actu.fr\/auteur\/juliette-cardinale\" title=\"Consulter tous les articles de Juliette Cardinale\" target=\"_blank\" rel=\"noopener\">Juliette Cardinale<\/a><br \/>\n                    <\/strong><\/p>\n<p>        Publi\u00e9 le<\/p>\n<p>            10 d\u00e9c. 2025 \u00e0 20h07        <\/p>\n<p>Elle avait \u00e9t\u00e9 <strong>incendi\u00e9e<\/strong> par un groupe d\u2019individus le 23\u00a0mars 2023 en marge d\u2019une <a href=\"https:\/\/actu.fr\/nouvelle-aquitaine\/bordeaux_33063\/greve-du-23-mars-a-bordeaux-suivez-la-mobilisation-contre-la-reforme-des-retraites_58299115.html\" target=\"_blank\" rel=\"noopener\">manifestation contre la r\u00e9forme des retraites.<\/a> La porte monumentale de l\u2019h\u00f4tel de ville <a href=\"https:\/\/actu.fr\/bordeaux\/\" target=\"_blank\" rel=\"noopener\">de Bordeaux<\/a> est en train d\u2019\u00eatre remplac\u00e9e et sera <strong>inaugur\u00e9e ce vendredi 12\u00a0d\u00e9cembre 2025.<\/strong> C\u2019est \u00ab\u2009la fin d\u2019un chantier exceptionnel qui aura dur\u00e9 30\u00a0mois\u2009\u00bb, a lanc\u00e9 Pierre Hurmic deux jours avant l\u2019inauguration o\u00f9 tous les Bordelais sont convi\u00e9s.<\/p>\n<p class=\" wall-content\">Ce sont les citoyens qui avaient tranch\u00e9 <a href=\"https:\/\/actu.fr\/nouvelle-aquitaine\/bordeaux_33063\/classique-ou-contemporain-la-mairie-de-bordeaux-laisse-le-choix-pour-la-nouvelle-porte_60139268.html\" target=\"_blank\" rel=\"noopener\">lors d\u2019une concertation publique<\/a>\u2009: la porte du Palais Rohan est <strong>remplac\u00e9e \u00e0 l\u2019identique.<\/strong> Apr\u00e8s un long travail de recherches, elle retrouvera l\u2019aspect qu\u2019elle avait \u00e0 <strong>l\u2019inauguration de 1784<\/strong> alors que le b\u00e2timent \u00e9tait encore un palais \u00e9piscopal. Des \u00e9l\u00e9ments qui avaient disparu au fil du temps vont m\u00eame pouvoir \u00eatre admir\u00e9s.<\/p>\n<p>Un \u00ab\u2009travail d\u2019orf\u00e8vre\u2009\u00bb<\/p>\n<p class=\" wall-content\">Le maire de Bordeaux et Delphine Jamet, son adjointe au maire charg\u00e9e de l\u2019administration g\u00e9n\u00e9rale, ont remerci\u00e9 les artisans pour leur \u00ab\u2009minutieux <strong>travail d\u2019orf\u00e8vre\u2009\u00bb.<\/strong><\/p>\n<p class=\" wall-content\">Car ce chantier de 30\u00a0mois n\u2019\u00e9tait <strong>pas une mince affaire.<\/strong> Il a fallu r\u00e9nover les pierres, colonnes, statues et blason de l\u2019encadrement. En parall\u00e8le, la porte a \u00e9t\u00e9 reconstruite \u00e0 l\u2019identique dans du bois labellis\u00e9 \u00ab\u2009Bois de France, niveau or\u2009\u00bb. Chaque battant de la nouvelle porte p\u00e8se 500 kilos et arbore \u00ab\u2009les sculptures, frises et figures\u2009\u00bb de l\u2019originelle.<\/p>\n<p>La chronologie et budget du chantier<\/p>\n<p class=\" wall-content\">La r\u00e9novation a d\u00e9marr\u00e9 d\u00e8s juillet\u00a02023, supervis\u00e9e par <strong>une architecte du patrimoine.<\/strong> L\u2019\u00e9t\u00e9 suivant, les Compagnons de Saint-Jacques ont proc\u00e9d\u00e9 \u00e0 la restauration des pierres. Ils ont notamment permis de red\u00e9couvrir le blason de Bordeaux sculpt\u00e9 en 1965.<\/p>\n<p class=\" wall-content\">En parall\u00e8le, il a fallu des milliers d\u2019heures pour recr\u00e9er la porte \u00e0 l\u2019identique. Les M\u00e9tiers du bois, entreprise sp\u00e9cialis\u00e9e situ\u00e9e dans la Vienne, a refabriqu\u00e9 les deux battants de la porte, l\u2019encadrement bois et l\u2019imposte de <strong>mani\u00e8re traditionnelle.<\/strong> Les Ateliers de la Chapelle, en Maine-et-Loire, ont fait appel \u00e0 \u00ab\u2009deux artistes tr\u00e8s qualifi\u00e9s\u2009\u00bb pour reproduire les ornements et figures. <strong>\u00ab\u2009Tout a \u00e9t\u00e9 fait \u00e0 la main\u2009\u00bb,<\/strong> a pr\u00e9cis\u00e9 Pierre Hurmic ce mercredi.<\/p>\n<p>    <img   decoding=\"async\" loading=\"lazy\" src=\"https:\/\/www.europesays.com\/fr\/wp-content\/uploads\/2025\/12\/travaux-decembre-hotel-de-ville-bordeaux-porte-960x640.jpg\" alt=\"Les travaux d'installation de la nouvelle porte de l'h\u00f4tel de ville de Bordeaux sont en cours ce mercredi 10 d\u00e9cembre 2025.\" width=\"960\" height=\"640\"\/><br \/>\n    L\u2019installation de la nouvelle porte de l\u2019h\u00f4tel de ville de Bordeaux ce mercredi 10\u00a0d\u00e9cembre 2025. (\u00a9actu Bordeaux \/ Juliette Cardinale)<\/p>\n<p>Votre r\u00e9gion, votre actu !<\/p>\n<p>Recevez chaque jour les infos qui comptent pour vous.<\/p>\n<p>\t<a href=\"https:\/\/actu.fr\/newsletter\" class=\"ac-btn ac-btn--corner ac-btn--medium ac-btn--blue800\" target=\"_blank\" rel=\"noopener\">S&rsquo;incrire<\/a><\/p>\n<p class=\" wall-content\">La derni\u00e8re \u00e9tape du chantier consiste en la pose de la porte. Les deux cadres lat\u00e9raux n\u2019\u00e9tant pas parfaitement align\u00e9s, le minutieux travail d\u2019ajustement n\u00e9cessite <strong>deux jours<\/strong>.\u00a0L\u2019inauguration aura donc lieu <strong>\u00e0 18\u00a0heures ce vendredi,<\/strong> en pr\u00e9sence du conseil municipal des enfants pour symboliser \u00ab\u2009la transmission de cet ouvrage d\u2019art aux g\u00e9n\u00e9rations futures\u2009\u00bb a soulign\u00e9 le maire de Bordeaux.<\/p>\n<p class=\" wall-content\">Au total, le chantier a <strong>co\u00fbt\u00e9 803\u2009822\u00a0euros TTC \u00e0 la ville<\/strong> de Bordeaux. Environ 116 000 correspondent \u00e0 l\u2019enl\u00e8vement de la porte br\u00fbl\u00e9e, 311 000 euros pour la reprise de la ma\u00e7onnerie en pierre et 377 000 euros pour la reconstruction de la porte \u00e0 l\u2019identique, la restauration de la quincaillerie la mise en place de la porte, de son contr\u00f4le d\u2019acc\u00e8s et interphonie.\u00a0<\/p>\n<p class=\" wall-content\">L\u2019assurance a pris en charge <strong>628\u2009557\u00a0euros<\/strong> et \u00ab\u2009deux devis sont encore \u00e0 l\u2019\u00e9tude\u2009\u00bb. Par ailleurs, les <a href=\"https:\/\/actu.fr\/nouvelle-aquitaine\/bordeaux_33063\/on-a-crame-la-mairie-quatre-hommes-devant-la-justice-a-bordeaux-pour-expliquer-l-inexplicable_60805585.html\" target=\"_blank\" rel=\"noopener\">six personnes condamn\u00e9es en mars\u00a02024<\/a> devront payer des dommages et int\u00e9r\u00eats \u00e0 la ville. Ceux-ci doivent encore \u00eatre appr\u00e9ci\u00e9s et seront fix\u00e9s lors de l\u2019audience pr\u00e9vue le 19\u00a0mars prochain.<\/p>\n<p class=\" wall-content\">Personnalisez votre actualit\u00e9 en ajoutant vos villes et m\u00e9dias en favori avec <a href=\"https:\/\/moncompte.actu.fr\" title=\"D\u00e9couvez Mon Actu\" rel=\"nofollow noopener\" data-trk=\"{&quot;cta&quot;:{&quot;action&quot;:&quot;https:\\\/\\\/moncompte.actu.fr&quot;,&quot;category&quot;:&quot;mon compte&quot;,&quot;from&quot;:&quot;article footer&quot;,&quot;name&quot;:&quot;Mon actu&quot;,&quot;type&quot;:&quot;cta&quot;}}\" target=\"_blank\">Mon Actu<\/a>.<\/p>\n","protected":false},"excerpt":{"rendered":"Par Juliette Cardinale Publi\u00e9 le 10 d\u00e9c. 2025 \u00e0 20h07 Elle avait \u00e9t\u00e9 incendi\u00e9e par un groupe d\u2019individus&hellip;\n","protected":false},"author":2,"featured_media":591827,"comment_status":"","ping_status":"","sticky":false,"template":"","format":"standard","meta":{"footnotes":""},"categories":[2817],"tags":[1111,11,1997,1777,674,1011,27,1310,12,2219,67635,25,104,2086],"class_list":{"0":"post-591826","1":"post","2":"type-post","3":"status-publish","4":"format-standard","5":"has-post-thumbnail","7":"category-bordeaux","8":"tag-actu","9":"tag-actualites","10":"tag-bordeaux","11":"tag-eu","12":"tag-europe","13":"tag-fr","14":"tag-france","15":"tag-incendie","16":"tag-news","17":"tag-nouvelle-aquitaine","18":"tag-pey-berland","19":"tag-republique-francaise","20":"tag-societe","21":"tag-travaux"},"share_on_mastodon":{"url":"https:\/\/pubeurope.com\/@fr\/115698445579519925","error":""},"_links":{"self":[{"href":"https:\/\/www.europesays.com\/fr\/wp-json\/wp\/v2\/posts\/591826","targetHints":{"allow":["GET"]}}],"collection":[{"href":"https:\/\/www.europesays.com\/fr\/wp-json\/wp\/v2\/posts"}],"about":[{"href":"https:\/\/www.europesays.com\/fr\/wp-json\/wp\/v2\/types\/post"}],"author":[{"embeddable":true,"href":"https:\/\/www.europesays.com\/fr\/wp-json\/wp\/v2\/users\/2"}],"replies":[{"embeddable":true,"href":"https:\/\/www.europesays.com\/fr\/wp-json\/wp\/v2\/comments?post=591826"}],"version-history":[{"count":0,"href":"https:\/\/www.europesays.com\/fr\/wp-json\/wp\/v2\/posts\/591826\/revisions"}],"wp:featuredmedia":[{"embeddable":true,"href":"https:\/\/www.europesays.com\/fr\/wp-json\/wp\/v2\/media\/591827"}],"wp:attachment":[{"href":"https:\/\/www.europesays.com\/fr\/wp-json\/wp\/v2\/media?parent=591826"}],"wp:term":[{"taxonomy":"category","embeddable":true,"href":"https:\/\/www.europesays.com\/fr\/wp-json\/wp\/v2\/categories?post=591826"},{"taxonomy":"post_tag","embeddable":true,"href":"https:\/\/www.europesays.com\/fr\/wp-json\/wp\/v2\/tags?post=591826"}],"curies":[{"name":"wp","href":"https:\/\/api.w.org\/{rel}","templated":true}]}}