{"id":591830,"date":"2025-12-11T01:56:12","date_gmt":"2025-12-11T01:56:12","guid":{"rendered":"https:\/\/www.europesays.com\/fr\/591830\/"},"modified":"2025-12-11T01:56:12","modified_gmt":"2025-12-11T01:56:12","slug":"les-boxeurs-du-club-de-saint-cyprien-brillent-a-toulouse","status":"publish","type":"post","link":"https:\/\/www.europesays.com\/fr\/591830\/","title":{"rendered":"Les boxeurs du club de Saint- Cyprien brillent \u00e0 Toulouse"},"content":{"rendered":"<p>Samedi 6 d\u00e9cembre, Toulouse accueillait les finales \u00e9lites du championnat d\u2019Occitanie, phase indispensable \u00e0 la qualification pour le championnat de France de boxe. Le boxeur \u00e9lite Kenny Anthenor, engag\u00e9 en -85 kg, s\u2019est illustr\u00e9 une fois de plus sur le ring. Il s\u2019impose par KO \u00e0 la premi\u00e8re reprise.<\/p>\n<p>Gr\u00e2ce \u00e0 son s\u00e9rieux et \u00e0 son investissement constant, Kenny ram\u00e8ne le titre de la plus belle des mani\u00e8res et d\u00e9croche son billet pour le championnat de France. Par ailleurs, Inaya Da Cruz, jeune boxeuse de 13 ans, disputait la finale Occitanie, s\u2019inclinant face \u00e0 une boxeuse plus exp\u00e9riment\u00e9e. Plus t\u00f4t dans la saison, le jeune espoir du club Meyjonade Esteban r\u00e9alisait son premier combat international en Andorre \u00e0 seulement 16 ans. Un d\u00e9but de saison prometteur pour le clu\u00a0\u00bbb, faisant la fiert\u00e9 de ses entra\u00eeneurs Delormel J\u00e9r\u00f4me et Lavoisier St\u00e9phanie.<\/p>\n","protected":false},"excerpt":{"rendered":"Samedi 6 d\u00e9cembre, Toulouse accueillait les finales \u00e9lites du championnat d\u2019Occitanie, phase indispensable \u00e0 la qualification pour le&hellip;\n","protected":false},"author":2,"featured_media":591831,"comment_status":"","ping_status":"","sticky":false,"template":"","format":"standard","meta":{"footnotes":""},"categories":[2816],"tags":[1111,11,49325,1777,674,1011,27,12,2680,11548,25,70481,517,2312],"class_list":{"0":"post-591830","1":"post","2":"type-post","3":"status-publish","4":"format-standard","5":"has-post-thumbnail","7":"category-toulouse","8":"tag-actu","9":"tag-actualites","10":"tag-arts-martiaux","11":"tag-eu","12":"tag-europe","13":"tag-fr","14":"tag-france","15":"tag-news","16":"tag-occitanie","17":"tag-pyrenees-orientales","18":"tag-republique-francaise","19":"tag-saintcyprien","20":"tag-sport","21":"tag-toulouse"},"share_on_mastodon":{"url":"https:\/\/pubeurope.com\/@fr\/115698452614454534","error":""},"_links":{"self":[{"href":"https:\/\/www.europesays.com\/fr\/wp-json\/wp\/v2\/posts\/591830","targetHints":{"allow":["GET"]}}],"collection":[{"href":"https:\/\/www.europesays.com\/fr\/wp-json\/wp\/v2\/posts"}],"about":[{"href":"https:\/\/www.europesays.com\/fr\/wp-json\/wp\/v2\/types\/post"}],"author":[{"embeddable":true,"href":"https:\/\/www.europesays.com\/fr\/wp-json\/wp\/v2\/users\/2"}],"replies":[{"embeddable":true,"href":"https:\/\/www.europesays.com\/fr\/wp-json\/wp\/v2\/comments?post=591830"}],"version-history":[{"count":0,"href":"https:\/\/www.europesays.com\/fr\/wp-json\/wp\/v2\/posts\/591830\/revisions"}],"wp:featuredmedia":[{"embeddable":true,"href":"https:\/\/www.europesays.com\/fr\/wp-json\/wp\/v2\/media\/591831"}],"wp:attachment":[{"href":"https:\/\/www.europesays.com\/fr\/wp-json\/wp\/v2\/media?parent=591830"}],"wp:term":[{"taxonomy":"category","embeddable":true,"href":"https:\/\/www.europesays.com\/fr\/wp-json\/wp\/v2\/categories?post=591830"},{"taxonomy":"post_tag","embeddable":true,"href":"https:\/\/www.europesays.com\/fr\/wp-json\/wp\/v2\/tags?post=591830"}],"curies":[{"name":"wp","href":"https:\/\/api.w.org\/{rel}","templated":true}]}}