{"id":591838,"date":"2025-12-11T02:02:32","date_gmt":"2025-12-11T02:02:32","guid":{"rendered":"https:\/\/www.europesays.com\/fr\/591838\/"},"modified":"2025-12-11T02:02:32","modified_gmt":"2025-12-11T02:02:32","slug":"teol-les-ecologistes-veulent-toujours-imposer-par-la-force-leur-tramway-express-de-louest-lyonnais","status":"publish","type":"post","link":"https:\/\/www.europesays.com\/fr\/591838\/","title":{"rendered":"TEOL. Les \u00e9cologistes veulent toujours imposer par la force leur tramway express de l\u2019Ouest Lyonnais &#8211;"},"content":{"rendered":"<p>\t\t\t\t<img fetchpriority=\"high\" decoding=\"async\" width=\"756\" height=\"502\" src=\"https:\/\/www.europesays.com\/fr\/wp-content\/uploads\/2025\/12\/01-TEOL-tram-ouest-lyonnais.jpg\" alt=\"\" title=\"01 TEOL tram ouest lyonnais\"   class=\"wp-image-167870\"\/><\/p>\n<p>Derri\u00e8re la carte postale buccolique, du stress, des expropriations et des d\u00e9molitions &#8211; Photos Sytral et Lyon People<\/p>\n<p><strong>Texte\u00a0: Morgan Couturier \u2013<\/strong> Bien que contest\u00e9, le projet \u00e9cologiste de Tramway express de l\u2019Ouest Lyonnais (TEOL) a re\u00e7u le feu vert du commissaire enqu\u00eateur mais les victimes d\u2019expropriations \u2013 qui vivent depuis deux ans cette \u00e9p\u00e9e de Damocl\u00e8s au-dessus de leur maisons \u2013 ne d\u00e9sarment pas.<\/p>\n<p>Un petit pas pour le TEOL, un grand pas vers la m\u00e9lancolie. C\u2019est en tout cas ce que doivent penser tous les opposants au projet de Tramway express de l\u2019Ouest Lyonnais port\u00e9 par <strong>Bruno Bernard<\/strong>, pr\u00e9sident \u00e9cologiste du Sytral et de la M\u00e9tropole de Lyon. Dans un r\u00e9cent communiqu\u00e9, l\u2019autorit\u00e9 organisatrice des mobilit\u00e9s des territoires lyonnais se f\u00e9licite d\u2019avoir franchi \u00ab\u00a0une \u00e9tape significative\u00a0\u00bb dans la r\u00e9alisation du TEOL.<\/p>\n<p><strong>Le commissaire enqu\u00eateur formule plusieurs r\u00e9serves<\/strong><\/p>\n<p>Le Sytral se r\u00e9jouit en effet d\u2019avoir re\u00e7u un avis favorable du commissaire enqu\u00eateur dans le cadre de l\u2019enqu\u00eate publique pr\u00e9alable \u00e0 la D\u00e9claration d\u2019Utilit\u00e9 Publique. \u00ab\u00a0Un jalon important qui confirme l\u2019int\u00e9r\u00eat g\u00e9n\u00e9ral du projet, son utilit\u00e9 publique et corrobore l\u2019avis de l\u2019Autorit\u00e9 environnementale d\u2019avril dernier tant sur les effets b\u00e9n\u00e9fiques pour les territoires desservis que sur la performance et le dimensionnement de l\u2019infrastructure au regard des fr\u00e9quentations attendues\u00a0\u00bb, expose le Sytral. Charge d\u00e9sormais \u00e0 l\u2019\u00c9tat et \u00e0 la Pr\u00e9f\u00e8te du Rh\u00f4ne de valider ou non cette ultime \u00e9tape.<\/p>\n<p><img loading=\"lazy\" decoding=\"async\" class=\"alignnone size-full wp-image-167871\" src=\"data:image\/svg+xml,%3Csvg%20xmlns=\" http:=\"\" alt=\"\" width=\"808\" height=\"520\" data-lazy- data-lazy- data-lazy-src=\"https:\/\/www.europesays.com\/fr\/wp-content\/uploads\/2025\/12\/TEOL-Tramway-tassin-non-merci.jpg\"\/><\/p>\n<p>En attendant, le TEOL ne cesse de diviser, ce dernier impliquant de <strong><a style=\"color: #0000ff;\" href=\"https:\/\/www.lyonpeople.com\/actualites-lyon\/actualites-politiques\/teol-le-spectre-des-expropriations-et-des-demolitions-plane-sur-tassin-2024-05-15.html\" target=\"_blank\" rel=\"noopener\">nombreuses expropriations et d\u00e9molitions<\/a>.<\/strong> En particulier sur la commune de Tassin, dont le maire reste farouchement oppos\u00e9 \u00e0 ces travaux. \u00ab\u00a0Je le rappelle avec force : la ville de Tassin la Demi-Lune s\u2019oppose officiellement et fermement \u00e0 ce trac\u00e9 depuis le d\u00e9but. Cette position n\u2019a jamais vari\u00e9 et elle est port\u00e9e par de tr\u00e8s nombreux habitants, extr\u00eamement inquiets des impacts directs du projet sur leur cadre de vie et sur leurs propri\u00e9t\u00e9s\u00a0\u00bb, a ainsi r\u00e9agi <strong>Pascal Charmot<\/strong>.<\/p>\n<p><strong>En cas d\u2019alternance, le projet sera totalement remani\u00e9, promet V\u00e9ronique Sarselli<\/strong><\/p>\n<p>Les propri\u00e9taires concern\u00e9s ont plac\u00e9 leurs derniers espoirs entre les mains de <strong>V\u00e9ronique Sarselli<\/strong>, la candidate LR aux prochaines \u00e9lections m\u00e9tropolitaines ayant d\u00e9j\u00e0 affich\u00e9 sa pr\u00e9f\u00e9rence pour le projet de M\u00e9tro E. Apr\u00e8s sa victoire contre le t\u00e9l\u00e9ph\u00e9rique \u00e9colo \u00e0 Sainte Foy, elle compte bien faire respecter le point de vue de son coll\u00e8gue tassilunois. Face \u00e0 ce constat, le Sytral se dit pr\u00eat \u00e0 \u00e9couter les inqui\u00e9tudes exprim\u00e9es. Une posture \u00e9lectoraliste s\u00fbrement motiv\u00e9e par l\u2019avis du commissaire enqu\u00eateur, ce dernier ayant formul\u00e9 \u00ab plusieurs r\u00e9serves et recommandations \u00bb.<\/p>\n<p><img loading=\"lazy\" decoding=\"async\" aria-describedby=\"caption-attachment-167872\" class=\"wp-image-167872 size-full\" src=\"data:image\/svg+xml,%3Csvg%20xmlns=\" http:=\"\" alt=\"\" width=\"900\" height=\"618\" data-lazy- data-lazy- data-lazy-src=\"https:\/\/www.europesays.com\/fr\/wp-content\/uploads\/2025\/12\/TEOL-221-AVENUE-CHARLES-DE-GAULLE_Tassin.jpg\"\/><\/p>\n<p id=\"caption-attachment-167872\" class=\"wp-caption-text\">Depuis plus de 100 ans dans la m\u00eame famille, la propri\u00e9t\u00e9 Grange est toujours menac\u00e9e par les d\u00e9molisseurs<\/p>\n<p>\u00ab\u00a0Sytral Mobilit\u00e9s s\u2019engage \u00e0 optimiser le projet dans les mois qui viennent afin de limiter au strict minimum les besoins d\u2019acquisitions fonci\u00e8res et d\u2019en r\u00e9duire les impacts sur les espaces naturels et b\u00e2tis. Sytral Mobilit\u00e9s s\u2019engage \u00e9galement, notamment en phase travaux, \u00e0 limiter les nuisances et \u00e0 accompagner les activit\u00e9s \u00e9conomiques, lib\u00e9rales et commerciales\u00a0\u00bb, \u00e9crit l\u2019autorit\u00e9 tenue par les \u00e9cologistes. Il n\u2019est pas certain n\u00e9anmoins qu\u2019une telle promesse soit suffisante pour rassurer les administr\u00e9s, au regard d\u2019un projet poursuivi malgr\u00e9 de tr\u00e8s nombreux avis d\u00e9favorables.<\/p>\n<p><strong>\u00ab Une avanc\u00e9e \u00e0 marche forc\u00e9e, et ce depuis l\u2019origine du projet \u00bb Pascal Charmot<\/strong><\/p>\n<p>\u00ab\u00a0Le discours tr\u00e8s offensif du Sytral ne doit pas masquer la\u00a0r\u00e9alit\u00e9 : nous assistons \u00e0 une avanc\u00e9e \u00e0 marche forc\u00e9e, et ce depuis l\u2019origine du projet,\u00a0sans r\u00e9ponse concr\u00e8te \u00e0 nos objections fondamentales. Le passage en surface n\u2019apporte aucune solution cr\u00e9dible de mobilit\u00e9 pour notre commune \u00e0 long terme, alors qu\u2019il entra\u00eenerait en revanche des d\u00e9gradations paysag\u00e8res, urbaines et fonci\u00e8res\u00a0majeures. Aujourd\u2019hui, la vraie question est simple : comment le Sytral et la M\u00e9tropole comptent-ils obtenir l\u2019accord des maires et des habitants ? Jusqu\u2019\u00e0 pr\u00e9sent, nous\u00a0n\u2019avons pas \u00e9t\u00e9 entendus\u00a0\u00bb, poursuit le maire de Tassin.<\/p>\n<p>De quoi remettre \u00e0 nouveau en question les pratiques politiques de la M\u00e9tropole de Lyon, connue pour son dogmatisme depuis 2020. \u00ab\u00a0Nous ne c\u00e9derons pas \u00e0 un projet qui nous est impos\u00e9 et si le commissaire enqu\u00eateur rappelle la n\u00e9cessit\u00e9 de notre assentiment, c\u2019est encore une fois la preuve que les villes et les maires doivent \u00eatre entendus\u00a0\u00bb, conclut l\u2019\u00e9dile, bien d\u00e9cid\u00e9 comme beaucoup \u00e0 ne pas rendre les armes face au passage en force des \u00e9cologistes.<\/p>\n","protected":false},"excerpt":{"rendered":"Derri\u00e8re la carte postale buccolique, du stress, des expropriations et des d\u00e9molitions &#8211; Photos Sytral et Lyon People&hellip;\n","protected":false},"author":2,"featured_media":591839,"comment_status":"","ping_status":"","sticky":false,"template":"","format":"standard","meta":{"footnotes":""},"categories":[1889],"tags":[4257,1111,11,2430,1777,674,1011,27,2428,12,25,70482],"class_list":{"0":"post-591838","1":"post","2":"type-post","3":"status-publish","4":"format-standard","5":"has-post-thumbnail","7":"category-lyon","8":"tag-0top","9":"tag-actu","10":"tag-actualites","11":"tag-auvergne-rhone-alpes","12":"tag-eu","13":"tag-europe","14":"tag-fr","15":"tag-france","16":"tag-lyon","17":"tag-news","18":"tag-republique-francaise","19":"tag-tramway-express-de-louest-lyonnais"},"share_on_mastodon":{"url":"https:\/\/pubeurope.com\/@fr\/115698477081061821","error":""},"_links":{"self":[{"href":"https:\/\/www.europesays.com\/fr\/wp-json\/wp\/v2\/posts\/591838","targetHints":{"allow":["GET"]}}],"collection":[{"href":"https:\/\/www.europesays.com\/fr\/wp-json\/wp\/v2\/posts"}],"about":[{"href":"https:\/\/www.europesays.com\/fr\/wp-json\/wp\/v2\/types\/post"}],"author":[{"embeddable":true,"href":"https:\/\/www.europesays.com\/fr\/wp-json\/wp\/v2\/users\/2"}],"replies":[{"embeddable":true,"href":"https:\/\/www.europesays.com\/fr\/wp-json\/wp\/v2\/comments?post=591838"}],"version-history":[{"count":0,"href":"https:\/\/www.europesays.com\/fr\/wp-json\/wp\/v2\/posts\/591838\/revisions"}],"wp:featuredmedia":[{"embeddable":true,"href":"https:\/\/www.europesays.com\/fr\/wp-json\/wp\/v2\/media\/591839"}],"wp:attachment":[{"href":"https:\/\/www.europesays.com\/fr\/wp-json\/wp\/v2\/media?parent=591838"}],"wp:term":[{"taxonomy":"category","embeddable":true,"href":"https:\/\/www.europesays.com\/fr\/wp-json\/wp\/v2\/categories?post=591838"},{"taxonomy":"post_tag","embeddable":true,"href":"https:\/\/www.europesays.com\/fr\/wp-json\/wp\/v2\/tags?post=591838"}],"curies":[{"name":"wp","href":"https:\/\/api.w.org\/{rel}","templated":true}]}}