{"id":591843,"date":"2025-12-11T02:07:14","date_gmt":"2025-12-11T02:07:14","guid":{"rendered":"https:\/\/www.europesays.com\/fr\/591843\/"},"modified":"2025-12-11T02:07:14","modified_gmt":"2025-12-11T02:07:14","slug":"athletic-bilbao-psg-0-0-paris-muet-mais-toujours-bien-place-en-ligue-des-champions","status":"publish","type":"post","link":"https:\/\/www.europesays.com\/fr\/591843\/","title":{"rendered":"Athletic Bilbao-PSG (0-0)\u00a0: Paris muet mais toujours bien plac\u00e9 en Ligue des champions"},"content":{"rendered":"<p class=\"paragraph text_align_left lp-f-body-02\">Il manquait un nul \u00e0 leur collection. Pour Bilbao, pris entre la d\u00e9faite face au Real Madrid et la victoire contre l\u2019Atl\u00e9tico, la semaine derni\u00e8re, qui recevait une troisi\u00e8me \u00e9quipe de <a href=\"https:\/\/www.leparisien.fr\/sports\/football\/ligue-des-champions\/\" target=\"_blank\" rel=\"noreferrer noopener\">Ligue des champions<\/a> en une semaine, \u00e0 San Mam\u00e9s qui plus est. Pour le <a href=\"https:\/\/www.leparisien.fr\/sports\/football\/psg\/\" target=\"_blank\" rel=\"noreferrer noopener\">PSG<\/a>, qui avait tout gagn\u00e9 jusque-l\u00e0 en Europe ou perdu une rencontre.<\/p>\n<p class=\"paragraph text_align_left lp-f-body-02\">Un point n\u2019est pas une mauvaise affaire mais il ne s\u2019agit pas d\u2019une bonne non plus dans le sens o\u00f9 Paris avance en ralentissant. Il aurait pu se mettre \u00e0 l\u2019abri dans le top 8, qu\u2019il ne quitte plus depuis le d\u00e9but de la saison, et il a eu les occasions pour cela. D\u2019o\u00f9 les motifs d\u2019agacement ou simplement les regrets. Le principal reste qu\u2019il y garde son rond de serviette, passant cette fois troisi\u00e8me de la comp\u00e9tition.<\/p>\n<p class=\"paragraph text_align_left lp-f-body-02\">Dans le vacarme joyeux de San Mam\u00e9s, c\u2019est comme s\u2019ils en avaient eu assez, au retour des vestiaires. En seconde p\u00e9riode, le PSG a transform\u00e9 le match en un furieux d\u00e9ferlement de vagues et de houles qui ont mis Unai Simon sous pression, apr\u00e8s un premier sauvetage avant la pause devant Senny Mayulu. Lequel ratera un nouveau face-\u00e0-face \u00e0 la 53e, confirmant les limites de la transformation d\u2019un milieu en faux num\u00e9ro 9 m\u00eame si le Titi marque parfois de beaux buts en Ligue des champions ou dans le Championnat de France.<\/p>\n<p>Barcola doit passer un cap devant le but<\/p>\n<p class=\"paragraph text_align_left lp-f-body-02\">Il sera remplac\u00e9 apr\u00e8s l\u2019heure de jeu par D\u00e9sir\u00e9 Dou\u00e9, enfin de retour aux affaires. Pas un hasard si ensuite Paris a sorti une action de classe mondiale \u00e0 une touche de balle g\u00e2ch\u00e9e par Bradley Barcola fracassant la barre (65e).<\/p>\n<p class=\"paragraph text_align_left lp-f-body-02\">L\u2019ancien Lyonnais, avec l\u2019apparition des espaces, livre des courses ph\u00e9nom\u00e9nales dans la profondeur o\u00f9 son corps fend l\u2019air mais il demeure un junior devant le but, comme s\u2019il s\u2019en \u00e9tait toujours d\u00e9sint\u00e9ress\u00e9 ou qu\u2019il rechigne \u00e0 progresser. Il refuserait de passer un cap qu\u2019il ne s\u2019y prendrait pas autrement m\u00eame si on pense, on esp\u00e8re plut\u00f4t, qu\u2019il y arrivera un jour. Il deviendrait alors une terreur.<\/p>\n<p class=\"paragraph text_align_left lp-f-body-02\">Cette confusion devant le but n\u2019a pas permis aux champions d\u2019Europe de d\u00e9montrer leur sup\u00e9riorit\u00e9 sur l\u2019Athletic Bilbao dans la dur\u00e9e. L\u2019acc\u00e9l\u00e9ration apr\u00e8s la pause s\u2019est sold\u00e9e en temps fort de vingt minutes, sans lendemain qui chante. Ou alors au cr\u00e9puscule, avec une double occasion pour Fabian, trouvant son coll\u00e8gue de la s\u00e9lection, un Simon imp\u00e9rial.<\/p>\n<p>G\u00ean\u00e9s \u00e0 la relance<\/p>\n<p class=\"paragraph text_align_left lp-f-body-02\">Luis Enrique a bien tent\u00e9 de finir la partie avec un vrai attaquant, Gon\u00e7alo Ramos, mais le Portugais est entr\u00e9 au moment o\u00f9 les Parisiens ne tenaient plus le ballon, ou alors loin de la zone offensive. Paris avait dilapid\u00e9 toutes ses sucreries face \u00e0 Rennes (5-0) samedi, ou peut-\u00eatre contre Tottenham (5-3), et il a manqu\u00e9 de gourmands devant le but.<\/p>\n<p class=\"paragraph text_align_left lp-f-body-02\">Devenir impr\u00e9visible sonne comme l\u2019un des mantras de Luis Enrique parce qu\u2019il sait, qu\u2019\u00e0 force, tous les adversaires vont finir par trouver des solutions face au PSG, ou moins contenir ses points cardinaux. Apr\u00e8s Rennes, Bilbao a parfaitement g\u00ean\u00e9 la relance de Vitinha et exerc\u00e9 un pressing haut qui l\u2019a pouss\u00e9 \u00e0 d\u00e9jouer, en particulier dans la ressorti du ballon, oblig\u00e9 de s\u2019appuyer constamment sur Matvei Safonov, tr\u00e8s sollicit\u00e9 aux pieds apr\u00e8s quelques parades salvatrices.<\/p>\n<p class=\"paragraph text_align_left lp-f-body-02\">Dans le jeu long, solution dans ces moments-l\u00e0, les Parisiens ont connu un d\u00e9chet inhabituel, rendant inop\u00e9rant le d\u00e9ploiement de leur jeu. On aura vu une bonne situation pour Fabian Ruiz et le fameux rat\u00e9 de Senny Mayulu ou le grand arr\u00eat de Simon, c\u2019est selon. La meilleure attaque de la Ligue des champions est rest\u00e9e muette.<\/p>\n","protected":false},"excerpt":{"rendered":"Il manquait un nul \u00e0 leur collection. Pour Bilbao, pris entre la d\u00e9faite face au Real Madrid et&hellip;\n","protected":false},"author":2,"featured_media":591844,"comment_status":"","ping_status":"","sticky":false,"template":"","format":"standard","meta":{"footnotes":""},"categories":[1888],"tags":[1111,1928,11,1927,1777,674,63,1011,27,447,12,1926,626,1925,25,60],"class_list":{"0":"post-591843","1":"post","2":"type-post","3":"status-publish","4":"format-standard","5":"has-post-thumbnail","7":"category-paris","8":"tag-actu","9":"tag-actu-paris","10":"tag-actualites","11":"tag-actualites-paris","12":"tag-eu","13":"tag-europe","14":"tag-football","15":"tag-fr","16":"tag-france","17":"tag-ligue-des-champions","18":"tag-news","19":"tag-news-paris","20":"tag-paris","21":"tag-paris-news","22":"tag-republique-francaise","23":"tag-sports"},"share_on_mastodon":{"url":"https:\/\/pubeurope.com\/@fr\/115698495958639855","error":""},"_links":{"self":[{"href":"https:\/\/www.europesays.com\/fr\/wp-json\/wp\/v2\/posts\/591843","targetHints":{"allow":["GET"]}}],"collection":[{"href":"https:\/\/www.europesays.com\/fr\/wp-json\/wp\/v2\/posts"}],"about":[{"href":"https:\/\/www.europesays.com\/fr\/wp-json\/wp\/v2\/types\/post"}],"author":[{"embeddable":true,"href":"https:\/\/www.europesays.com\/fr\/wp-json\/wp\/v2\/users\/2"}],"replies":[{"embeddable":true,"href":"https:\/\/www.europesays.com\/fr\/wp-json\/wp\/v2\/comments?post=591843"}],"version-history":[{"count":0,"href":"https:\/\/www.europesays.com\/fr\/wp-json\/wp\/v2\/posts\/591843\/revisions"}],"wp:featuredmedia":[{"embeddable":true,"href":"https:\/\/www.europesays.com\/fr\/wp-json\/wp\/v2\/media\/591844"}],"wp:attachment":[{"href":"https:\/\/www.europesays.com\/fr\/wp-json\/wp\/v2\/media?parent=591843"}],"wp:term":[{"taxonomy":"category","embeddable":true,"href":"https:\/\/www.europesays.com\/fr\/wp-json\/wp\/v2\/categories?post=591843"},{"taxonomy":"post_tag","embeddable":true,"href":"https:\/\/www.europesays.com\/fr\/wp-json\/wp\/v2\/tags?post=591843"}],"curies":[{"name":"wp","href":"https:\/\/api.w.org\/{rel}","templated":true}]}}