{"id":591849,"date":"2025-12-11T02:10:30","date_gmt":"2025-12-11T02:10:30","guid":{"rendered":"https:\/\/www.europesays.com\/fr\/591849\/"},"modified":"2025-12-11T02:10:30","modified_gmt":"2025-12-11T02:10:30","slug":"dans-trois-ans-je-ne-suis-plus-ici-a-paris-le-quartier-rosa-parks-mine-par-le-crack-reportage-france-2","status":"publish","type":"post","link":"https:\/\/www.europesays.com\/fr\/591849\/","title":{"rendered":"\u00abDans trois ans, je ne suis plus ici\u00bb: \u00c0 Paris, le quartier Rosa Parks min\u00e9 par le crack &#8211; Reportage France"},"content":{"rendered":"<p>\n                                                Au nord de Paris, c\u2019est un fl\u00e9au que les autorit\u00e9s ne parviennent pas \u00e0 endiguer : la prolif\u00e9ration du crack. Le nombre d\u2019usagers de ce d\u00e9riv\u00e9 de la coca\u00efne augmente dans le quartier Rosa Parks depuis la fin des Jeux olympiques. La drogue est achet\u00e9e et consomm\u00e9e en plein jour sous les yeux de riverains et de commer\u00e7ants exc\u00e9d\u00e9s par les nuisances que cela engendre. Beaucoup craignent que le ph\u00e9nom\u00e8ne ne fissure le tissu social et \u00e9conomique du quartier.                    <\/p>\n<p>Une couverture sur le dos et un petit r\u00e9chaud d\u2019appoint. En ce d\u00e9but de mois de d\u00e9cembre, une vingtaine de toxicomanes bravent le froid comme ils le peuvent sous un pont coinc\u00e9 entre la porte d\u2019Aubervilliers et celle de la Villette, au nord de <strong><a target=\"_self\" href=\"https:\/\/www.rfi.fr\/fr\/tag\/paris\/\" class=\"gtm-add-suggested-tag\" rel=\"noopener\">Paris<\/a><\/strong>. \u00c0 quelques m\u00e8tres se trouve l\u2019\u00e9cole polyvalente Ces\u00e1ria \u00c9vora o\u00f9 Ambroise, habitant du quartier depuis sept ans, vient de d\u00e9poser sa fille\u00a0: \u00ab Les dealers tournent autour de l\u2019\u00e9tablissement, on observe aussi de la prostitution. Ces gens sont en errance, dans un \u00e9tat sanitaire tr\u00e8s d\u00e9grad\u00e9, laiss\u00e9s \u00e0 l\u2019abandon, la situation est hors de contr\u00f4le \u00bb, d\u00e9plore ce p\u00e8re de famille.<\/p>\n<p><img decoding=\"async\" fetchpriority=\"low\" src=\"https:\/\/www.europesays.com\/fr\/wp-content\/uploads\/2025\/12\/Photo-Ambroise.jpeg\"   alt=\"Ambroise,un p\u00e8re de famille, qui craint un d\u00e9litement du tissu social et \u00e9conomique du quartier.\" style=\"max-height:638px\" loading=\"lazy\" class=\"a-img \"\/><\/p>\n<p>                Ambroise,un p\u00e8re de famille, qui craint un d\u00e9litement du tissu social et \u00e9conomique du quartier.                \u00a9 Baptiste Coulon\/RFI            <\/p>\n<p>Les nuisances et les agressions rythment le quotidien des habitants du quartier. Rabia, qui habite Rosa Parks depuis dix ans, en a fait les frais il y a quelques jours.\u00a0\u00ab\u00a0Je sors de la gare pour rentrer chez moi et sur le chemin, je prends un coup derri\u00e8re la t\u00eate, comme une balle m\u00e9tallique. En me retournant, j\u2019ai vu deux jeunes neutraliser la consommatrice de crack qui m\u2019a frapp\u00e9e avec sa main\u00a0\u00bb, raconte cette riveraine qui limite d\u00e9sormais ses sorties. Elle a d\u00e9pos\u00e9 plainte quelques heures plus tard, mais confie en vouloir davantage \u00ab\u00a0\u00e0 l\u2019inaction des pouvoirs publics\u00a0\u00bb qu\u2019\u00e0 son agresseuse. \u00ab\u00a0Il faudrait les prendre en charge, ces personnes-l\u00e0, elles ont besoin de suivi\u00a0\u00bb, plaide cette pharmacienne de profession.<\/p>\n<p>Depuis 2023, un collectif de riverains nomm\u00e9 \u00ab\u00a0Rosa Craque\u00a0\u00bb tente d\u2019alerter les pouvoirs publics sur le sujet. Mais pour l\u2019heure, ces habitants s\u2019estiment surtout abandonn\u00e9s par la mairie d\u2019arrondissement et la pr\u00e9fecture de r\u00e9gion. Certains d\u00e9noncent la gestion uniquement r\u00e9pressive du ph\u00e9nom\u00e8ne : les \u00e9vacuations \u00e0 r\u00e9p\u00e9tition des consommateurs de crack ne font que d\u00e9placer le probl\u00e8me et ne contribuent pas \u00e0 endiguer le ph\u00e9nom\u00e8ne.<\/p>\n<p class=\"a-read-more\">\u00c0 lire aussi<a target=\"_self\" href=\"https:\/\/www.rfi.fr\/fr\/podcasts\/reportage-france\/20251209-france-les-salles-de-shoot-sont-menac\u00e9es-de-fermeture\" class=\"a-read-more__link\" rel=\"noopener\">France: les lieux d&rsquo;accueil et de soin pour les toxicomanes menac\u00e9s de fermeture<\/a><\/p>\n<p> \u00ab\u00a0Tous les commerces sont en train de fermer\u00a0\u00bb <\/p>\n<p>Le quartier Rosa Parks fait peau neuve dans les ann\u00e9es 2010 en prenant le nom de cette figure embl\u00e9matique de la lutte contre la s\u00e9gr\u00e9gation raciale aux \u00c9tats-Unis. Il incarnait alors le renouveau urbain en p\u00e9riph\u00e9rie de Paris et une promesse : celle d\u2019attirer de jeunes cadres, des si\u00e8ges de grandes entreprises ou d\u2019administrations publiques, des enseignes en tout genre, et ainsi favoriser la mixit\u00e9 sociale. Quinze ans apr\u00e8s, le pari semble perdu. Sur le boulevard Macdonald, principale art\u00e8re du quartier, des panneaux \u00ab\u00a0\u00e0 louer\u00a0\u00bb sont placard\u00e9s sur les devantures de locaux d\u00e9sormais vacants faute de repreneurs. \u00ab\u00a0Tous les commerces sont en train de fermer, se d\u00e9sole Ambroise. Ils ont tous d\u00e9m\u00e9nag\u00e9. Avant, il y avait un libraire, un dentiste, un marchand de lunettes, il ne reste plus que des supermarch\u00e9s.\u00a0\u00bb<\/p>\n<p>Mais le projet de d\u00e9part le plus comment\u00e9 ces derniers jours est celui de la banque BNP Paribas. Le groupe va quitter le quartier Rosa Parks et transf\u00e9rer une partie de ses activit\u00e9s \u00e0 Levallois-Perret et Nanterre. Contact\u00e9e par RFI, l\u2019entreprise confirme un d\u00e9part \u00ab\u00a0en cours de r\u00e9flexion\u00a0\u00bb, motiv\u00e9 par des questions de r\u00e9organisation interne : la banque souhaiterait retrouver des locaux dont elle est la propri\u00e9taire. Mais l\u2019ins\u00e9curit\u00e9 li\u00e9e \u00e0 la consommation de crack \u00ab\u00a0est entr\u00e9e en compte dans l\u2019\u00e9quation\u00a0\u00bb, confie-t-on en interne. Il y a quelques semaines, l&rsquo;entreprise a recrut\u00e9 une vingtaine de vigiles pour s\u00e9curiser les all\u00e9es et venues de ses 2 000 salari\u00e9s entre leurs bureaux et la gare la plus proche.<\/p>\n<p>Pour Reshan, qui tient un restaurant sur le boulevard Macdonald, les 2\u00a0000 salari\u00e9s de BNP Paribas sont autant de clients potentiels. Il s\u2019inqui\u00e8te : \u00ab\u00a0S\u2019ils ne sont pas l\u00e0, je n\u2019ai pas de clients. Depuis le mois de juin, on a perdu 40% de notre chiffre d\u2019affaires, calcule le g\u00e9rant. Je ne pense pas que \u00e7a tiendra.\u00a0\u00bb\u00a0Le restaurateur vendra son \u00e9tablissement dans quelques mois \u00ab\u00a0pour des raisons personnelles \u00bb. Aussi, sans doute parce qu\u2019il a senti le vent tourner.<\/p>\n<p> \u00ab\u00a0Les habitants qui peuvent partir vont partir\u00a0\u00bb <\/p>\n<p>Des entreprises qui claquent la porte les unes apr\u00e8s les autres, la crainte d\u2019un quartier fant\u00f4me, c\u2019est ce que redoutent les habitants de Rosa Parks. En bout de cha\u00eene, c\u2019est l\u2019\u00e9quilibre \u00e9conomique et le mod\u00e8le social de ce quartier qui risquent d\u2019\u00eatre fragilis\u00e9s. \u00ab\u00a0Le vivre-ensemble de ce quartier tr\u00e8s mixte va se d\u00e9t\u00e9riorer, pr\u00e9dit Ambroise, le p\u00e8re de famille. Ceux qui peuvent partir vont partir. Il y a d\u00e9j\u00e0 40 % d&rsquo;inscriptions en moins dans les \u00e9coles du coin.\u00a0\u00bb<\/p>\n<p>Partir ou rester, c\u2019est d\u00e9sormais l\u2019interrogation des riverains. Pour Alain, qui habite \u00e0 Rosa Parks depuis une dizaine d&rsquo;ann\u00e9es, ce n\u2019est plus qu\u2019une question de temps. \u00ab\u00a0Cela fait partie de nos projets, dans trois ans, je ne suis plus ici. Je pense avant tout \u00e0 mes enfants et je n\u2019aimerais pas que ma cadette ait un grand souvenir de son passage ici\u00a0\u00bb, admet sans d\u00e9tours ce membre du collectif Rosa Craque.<\/p>\n<p><img decoding=\"async\" fetchpriority=\"low\" src=\"https:\/\/www.europesays.com\/fr\/wp-content\/uploads\/2025\/12\/Photo-Alain.jpeg\"   alt=\"Alain, habitant du quartier depuis dix ans, qui envisage de d\u00e9m\u00e9nager d'ici trois ans.\" style=\"max-height:638px\" loading=\"lazy\" class=\"a-img \"\/><\/p>\n<p>                Alain, habitant du quartier depuis dix ans, qui envisage de d\u00e9m\u00e9nager d&rsquo;ici trois ans.                \u00a9 Baptiste Coulon\/RFI            <\/p>\n<p>La mairie d\u2019arrondissement n\u2019a pas donn\u00e9 suite \u00e0 nos sollicitations. Quant \u00e0 la pr\u00e9fecture, elle dressait en d\u00e9but d\u2019ann\u00e9e un bilan positif de la seconde phase de son plan de lutte contre le crack en r\u00e9gion parisienne. Tr\u00e8s loin du constat dress\u00e9 par les habitants du quartier Rosa Parks.<\/p>\n<p class=\"a-read-more\">\u00c0 lire aussi<a target=\"_self\" href=\"https:\/\/www.rfi.fr\/fr\/france\/20251121-protoxyde-d-azote-quelles-pistes-pour-lutter-contre-la-troisi\u00e8me-drogue-pr\u00e9f\u00e9r\u00e9e-des-jeunes-en-france\" class=\"a-read-more__link\" rel=\"noopener\">Protoxyde d&rsquo;azote: quelles pistes pour lutter contre la troisi\u00e8me drogue pr\u00e9f\u00e9r\u00e9e des jeunes en France?<\/a><\/p>\n","protected":false},"excerpt":{"rendered":"Au nord de Paris, c\u2019est un fl\u00e9au que les autorit\u00e9s ne parviennent pas \u00e0 endiguer : la prolif\u00e9ration&hellip;\n","protected":false},"author":2,"featured_media":591623,"comment_status":"","ping_status":"","sticky":false,"template":"","format":"standard","meta":{"footnotes":""},"categories":[1888],"tags":[11,1052,1777,674,1011,27,12,626,5920,25],"class_list":{"0":"post-591849","1":"post","2":"type-post","3":"status-publish","4":"format-standard","5":"has-post-thumbnail","7":"category-paris","8":"tag-actualites","9":"tag-drogue","10":"tag-eu","11":"tag-europe","12":"tag-fr","13":"tag-france","14":"tag-news","15":"tag-paris","16":"tag-reportage-france","17":"tag-republique-francaise"},"share_on_mastodon":{"url":"https:\/\/pubeurope.com\/@fr\/115698509013721574","error":""},"_links":{"self":[{"href":"https:\/\/www.europesays.com\/fr\/wp-json\/wp\/v2\/posts\/591849","targetHints":{"allow":["GET"]}}],"collection":[{"href":"https:\/\/www.europesays.com\/fr\/wp-json\/wp\/v2\/posts"}],"about":[{"href":"https:\/\/www.europesays.com\/fr\/wp-json\/wp\/v2\/types\/post"}],"author":[{"embeddable":true,"href":"https:\/\/www.europesays.com\/fr\/wp-json\/wp\/v2\/users\/2"}],"replies":[{"embeddable":true,"href":"https:\/\/www.europesays.com\/fr\/wp-json\/wp\/v2\/comments?post=591849"}],"version-history":[{"count":0,"href":"https:\/\/www.europesays.com\/fr\/wp-json\/wp\/v2\/posts\/591849\/revisions"}],"wp:featuredmedia":[{"embeddable":true,"href":"https:\/\/www.europesays.com\/fr\/wp-json\/wp\/v2\/media\/591623"}],"wp:attachment":[{"href":"https:\/\/www.europesays.com\/fr\/wp-json\/wp\/v2\/media?parent=591849"}],"wp:term":[{"taxonomy":"category","embeddable":true,"href":"https:\/\/www.europesays.com\/fr\/wp-json\/wp\/v2\/categories?post=591849"},{"taxonomy":"post_tag","embeddable":true,"href":"https:\/\/www.europesays.com\/fr\/wp-json\/wp\/v2\/tags?post=591849"}],"curies":[{"name":"wp","href":"https:\/\/api.w.org\/{rel}","templated":true}]}}