{"id":591856,"date":"2025-12-11T02:14:13","date_gmt":"2025-12-11T02:14:13","guid":{"rendered":"https:\/\/www.europesays.com\/fr\/591856\/"},"modified":"2025-12-11T02:14:13","modified_gmt":"2025-12-11T02:14:13","slug":"shell-poursuivi-au-royaume-uni-par-103-survivants-dun-typhon-aux-philippines","status":"publish","type":"post","link":"https:\/\/www.europesays.com\/fr\/591856\/","title":{"rendered":"Shell poursuivi au Royaume-Uni par 103 survivants d&rsquo;un typhon aux Philippines"},"content":{"rendered":"<p>\n    Des survivants du typhon Rai ont d\u00e9pos\u00e9 plainte \u00e0 Londres contre le g\u00e9ant britannique des hydrocarbures. Ils accusent Shell de n\u2019avoir pas pris ses responsabilit\u00e9s face aux impacts du changement climatique.<\/p>\n<p class=\"fig-paragraph\">Des survivants du\u00a0<a href=\"http:\/\/www.lefigaro.fr\/international\/philippines-le-bilan-du-typhon-rai-monte-a-208-morts-20211220\" target=\"_blank\" data-fig-type=\"NewsFlash\" rel=\"noopener\" data-gtm-custom-categorie=\"navigation\" data-gtm-custom-action=\"crossclick\" data-gtm-custom-label=\"Contextuel\" data-gtm-event=\"customEventSPE\" data-fig-domain=\"LEFIGARO\">typhon Rai<\/a>, qui a fait plus de 400 morts en 2021 aux Philippines, ont d\u00e9pos\u00e9 plainte \u00e0 Londres contre le g\u00e9ant britannique des hydrocarbures\u00a0<a href=\"https:\/\/www.lefigaro.fr\/tag\/shell\" target=\"_blank\" rel=\"sponsored noopener\" data-gtm-custom-categorie=\"navigation\" data-gtm-custom-action=\"crossclick\" data-gtm-custom-label=\"Contextuel\" data-gtm-event=\"customEventSPE\">Shell<\/a>, accus\u00e9 de n&rsquo;avoir pas pris ses responsabilit\u00e9s face aux impacts du changement climatique, ont annonc\u00e9 jeudi les ONG qui les soutiennent.<\/p>\n<p class=\"fig-paragraph\">Cette plainte constitue selon ces ONG, dont Greenpeace, \u00abune contribution essentielle au mouvement mondial grandissant visant \u00e0 remettre en cause l&rsquo;impunit\u00e9 des compagnies p\u00e9troli\u00e8res\u00bb. Elle s&rsquo;inscrit dans la continuit\u00e9 de la reconnaissance en mai par la justice allemande d&rsquo;une responsabilit\u00e9 mondiale des entreprises productrices d&rsquo;\u00e9lectricit\u00e9 dans les dommages li\u00e9s aux \u00e9missions de gaz \u00e0 effet de serre, quel que soit l&rsquo;endroit o\u00f9 ils se produisent. Les affaires de ce genre se multiplient dans le monde entier.<\/p>\n<p>                                            <a class=\"fig-a11y-skip\" href=\"#fig-a11y-skip-main-inarticle\" data-module=\"a11y-skip\" data-context=\"was @visible\"><br \/>\n    Passer la publicit\u00e9<br \/>\n<\/a>            <\/p>\n<p class=\"fig-paragraph\">Il s&rsquo;agit d&rsquo;\u00abune \u00e9tape d\u00e9cisive pour tenir le g\u00e9ant p\u00e9trolier Shell responsable des morts, blessures et destructions caus\u00e9es par cette temp\u00eate\u00bb, est-il soulign\u00e9 dans le communiqu\u00e9 des ONG, \u00e9galement sign\u00e9 par Philippine Movement for Climate Justice et Legal Rights and Natural Resources Center. Le d\u00e9p\u00f4t de la plainte devant la Haute Cour de Londres \u00e9tait consultable mercredi sur le site recensant les proc\u00e9dures au Royaume-Uni.<\/p>\n<p>                                            \u00abUne all\u00e9gation infond\u00e9e\u00bb<\/p>\n<p class=\"fig-paragraph\">Un porte-parole de Shell a d\u00e9nonc\u00e9 \u00abune all\u00e9gation infond\u00e9e, qui n&rsquo;aidera pas \u00e0 lutter contre le changement climatique, ni \u00e0 r\u00e9duire les \u00e9missions\u00bb. \u00abChez Shell, nous r\u00e9duisons les \u00e9missions de nos op\u00e9rations et aidons nos clients \u00e0 r\u00e9duire les leurs\u00bb, a-t-il ajout\u00e9 dans sa d\u00e9claration \u00e0 l&rsquo;AFP.<\/p>\n<p class=\"fig-paragraph\">Les Philippines, class\u00e9es parmi les pays les plus expos\u00e9s au changement climatique, sont balay\u00e9es par pr\u00e8s de 20 temp\u00eates tropicales ou typhons chaque ann\u00e9e. Le typhon Rai avait ravag\u00e9 des r\u00e9gions tr\u00e8s pauvres du pays en d\u00e9cembre 2021, faisant plus de 400 morts et des centaines de milliers de sans-abri.<\/p>\n<p class=\"fig-paragraph\">La plainte, qui s&rsquo;appuie sur le droit philippin, a \u00e9t\u00e9 d\u00e9pos\u00e9e au nom de 103 survivants qui demandent \u00abr\u00e9paration pour les vies perdues, les blessures subies et les maisons d\u00e9truites\u00bb, selon le communiqu\u00e9. \u00abLes habitants des \u00eeles comme nous ne contribuent que tr\u00e8s peu \u00e0 la pollution. Mais qui en paye le prix\u00a0? Les pauvres comme nous\u00bb, raconte \u00e0 l&rsquo;AFP Trixy Elle, l&rsquo;une des plaignantes dont la maison familiale et quatre bateaux ont \u00e9t\u00e9 emport\u00e9s par la temp\u00eate. Cette femme de 34 ans, qui explique que sa famille continue de rembourser les pr\u00eats contract\u00e9s apr\u00e8s la catastrophe, r\u00e9clame un million de pesos philippins de dommages et int\u00e9r\u00eats, soit environ 14.500 euros.<\/p>\n<p>                                            \u00abPreuves scientifiques\u00bb<\/p>\n<p class=\"fig-paragraph\">Les plaignants disent s&rsquo;appuyer sur \u00abdes preuves scientifiques, notamment de nouvelles recherches qui permettent d\u00e9sormais d&rsquo;attribuer directement des \u00e9v\u00e9nements m\u00e9t\u00e9orologiques extr\u00eames individuels au changement climatique et les \u00e9missions \u00e0 des compagnies p\u00e9troli\u00e8res sp\u00e9cifiques\u00bb. Leur action est \u00e9galement soutenue par l&rsquo;avis in\u00e9dit &#8211; bien que non contraignant &#8211; rendu fin juillet par la Cour de justice internationale, selon lequel les \u00c9tats qui violent leurs obligations climatiques pourraient se voir r\u00e9clamer des r\u00e9parations par les pays les plus affect\u00e9s. De nombreux experts concordent \u00e0 dire que cette analyse va influencer les tribunaux de la plan\u00e8te, les n\u00e9gociations sur le climat et les d\u00e9lib\u00e9rations politiques \u00e0 travers le globe.<\/p>\n<p>                                            <a class=\"fig-a11y-skip\" href=\"#fig-a11y-skip-main-inarticle_mtf\" data-module=\"a11y-skip\" data-context=\"was @visible\"><br \/>\n    Passer la publicit\u00e9<br \/>\n<\/a>            <\/p>\n<p class=\"fig-paragraph\">\u00abLes survivants soutiennent que Shell, responsable de plus de 41 milliards de tonnes d&rsquo;\u00e9quivalent CO2, soit plus de 2% des \u00e9missions mondiales de combustibles fossiles, ne peut pas invoquer l&rsquo;ignorance\u00bb, est-il soulign\u00e9 dans le communiqu\u00e9 des ONG.<\/p>\n<p class=\"fig-paragraph\">L&rsquo;entreprise a fait machine arri\u00e8re ces derni\u00e8res ann\u00e9es sur certains de ses objectifs climatiques pour se recentrer sur les hydrocarbures, dans l&rsquo;espoir de doper ses b\u00e9n\u00e9fices. Le groupe est r\u00e9guli\u00e8rement attaqu\u00e9 pour le co\u00fbt environnemental de ses activit\u00e9s p\u00e9troli\u00e8res, en particulier au Nigeria.<\/p>\n","protected":false},"excerpt":{"rendered":"Des survivants du typhon Rai ont d\u00e9pos\u00e9 plainte \u00e0 Londres contre le g\u00e9ant britannique des hydrocarbures. Ils accusent&hellip;\n","protected":false},"author":2,"featured_media":591857,"comment_status":"","ping_status":"","sticky":false,"template":"","format":"standard","meta":{"footnotes":""},"categories":[1588],"tags":[11,1777,674,303,12,473,1853,67032,1851,1850,1852],"class_list":{"0":"post-591856","1":"post","2":"type-post","3":"status-publish","4":"format-standard","5":"has-post-thumbnail","7":"category-royaume-uni","8":"tag-actualites","9":"tag-eu","10":"tag-europe","11":"tag-justice","12":"tag-news","13":"tag-royaume-uni","14":"tag-royaume-uni-de-grande-bretagne-et-dirlande-du-nord","15":"tag-shell","16":"tag-uk","17":"tag-united-kingdom","18":"tag-united-kingdom-of-great-britain-and-northern-ireland"},"share_on_mastodon":{"url":"https:\/\/pubeurope.com\/@fr\/115698523776314292","error":""},"_links":{"self":[{"href":"https:\/\/www.europesays.com\/fr\/wp-json\/wp\/v2\/posts\/591856","targetHints":{"allow":["GET"]}}],"collection":[{"href":"https:\/\/www.europesays.com\/fr\/wp-json\/wp\/v2\/posts"}],"about":[{"href":"https:\/\/www.europesays.com\/fr\/wp-json\/wp\/v2\/types\/post"}],"author":[{"embeddable":true,"href":"https:\/\/www.europesays.com\/fr\/wp-json\/wp\/v2\/users\/2"}],"replies":[{"embeddable":true,"href":"https:\/\/www.europesays.com\/fr\/wp-json\/wp\/v2\/comments?post=591856"}],"version-history":[{"count":0,"href":"https:\/\/www.europesays.com\/fr\/wp-json\/wp\/v2\/posts\/591856\/revisions"}],"wp:featuredmedia":[{"embeddable":true,"href":"https:\/\/www.europesays.com\/fr\/wp-json\/wp\/v2\/media\/591857"}],"wp:attachment":[{"href":"https:\/\/www.europesays.com\/fr\/wp-json\/wp\/v2\/media?parent=591856"}],"wp:term":[{"taxonomy":"category","embeddable":true,"href":"https:\/\/www.europesays.com\/fr\/wp-json\/wp\/v2\/categories?post=591856"},{"taxonomy":"post_tag","embeddable":true,"href":"https:\/\/www.europesays.com\/fr\/wp-json\/wp\/v2\/tags?post=591856"}],"curies":[{"name":"wp","href":"https:\/\/api.w.org\/{rel}","templated":true}]}}