{"id":591862,"date":"2025-12-11T02:17:13","date_gmt":"2025-12-11T02:17:13","guid":{"rendered":"https:\/\/www.europesays.com\/fr\/591862\/"},"modified":"2025-12-11T02:17:13","modified_gmt":"2025-12-11T02:17:13","slug":"lue-instaure-un-numero-dappel-unique-pour-les-droits-des-victimes-de-crimes","status":"publish","type":"post","link":"https:\/\/www.europesays.com\/fr\/591862\/","title":{"rendered":"L\u2019UE instaure un num\u00e9ro d\u2019appel unique pour les droits des victimes de crimes"},"content":{"rendered":"<p>\n    Cette \u00abhotline\u00bb, qui d\u00e9livrera des informations et apportera un soutien aux victimes, aura le m\u00eame num\u00e9ro\u00a0: 116 006, m\u00eame si les num\u00e9ros nationaux pourront continuer d\u2019exister.<\/p>\n<p class=\"fig-paragraph\">L&rsquo;<a href=\"https:\/\/www.lefigaro.fr\/tag\/union-europeenne\" target=\"_blank\" rel=\"sponsored noopener\" data-gtm-custom-categorie=\"navigation\" data-gtm-custom-action=\"crossclick\" data-gtm-custom-label=\"Contextuel\" data-gtm-event=\"customEventSPE\">Union europ\u00e9enne<\/a>\u00a0va renforcer les droits des victimes de crimes, gr\u00e2ce notamment \u00e0 la mise en place d&rsquo;un num\u00e9ro de t\u00e9l\u00e9phone unique, ont annonc\u00e9 mercredi le Conseil des ministres de l&rsquo;UE et le Parlement europ\u00e9en.<\/p>\n<p class=\"fig-paragraph\">Les pays de l&rsquo;UE \u00abseront tenus de mettre en place des lignes d&rsquo;assistance (hotlines) pour les victimes, o\u00f9 celles-ci pourront obtenir des informations sur leurs droits et recevoir un soutien \u00e9motionnel, ainsi que des conseils sur les services d&rsquo;aide\u00bb, a indiqu\u00e9 le Conseil de l&rsquo;UE, qui regroupe les 27 \u00c9tats membres, en annon\u00e7ant cet accord obtenu avec le Parlement europ\u00e9en. Et dans toute l&rsquo;UE, cette \u00abhotline\u00bb aura le m\u00eame num\u00e9ro\u00a0: 116 006, m\u00eame si les num\u00e9ros nationaux pourront continuer d&rsquo;exister, selon ce texte.<\/p>\n<p>                                            <a class=\"fig-a11y-skip\" href=\"#fig-a11y-skip-main-inarticle\" data-module=\"a11y-skip\" data-context=\"was @visible\"><br \/>\n    Passer la publicit\u00e9<br \/>\n<\/a>            <\/p>\n<p class=\"fig-paragraph\">L&rsquo;accord doit encore \u00eatre formellement ratifi\u00e9 par les \u00c9tats membres et le Parlement europ\u00e9en. Il vient renforcer un pr\u00e9c\u00e9dent accord qui date de 2012, adopt\u00e9 pour mieux prot\u00e9ger les droits des victimes partout dans l&rsquo;Union europ\u00e9enne, gr\u00e2ce, entre autres, \u00e0 un acc\u00e8s gratuit \u00e0 un soutien psychologique ou \u00e0 un interpr\u00e8te.<\/p>\n","protected":false},"excerpt":{"rendered":"Cette \u00abhotline\u00bb, qui d\u00e9livrera des informations et apportera un soutien aux victimes, aura le m\u00eame num\u00e9ro\u00a0: 116 006,&hellip;\n","protected":false},"author":2,"featured_media":591863,"comment_status":"","ping_status":"","sticky":false,"template":"","format":"standard","meta":{"footnotes":""},"categories":[1586],"tags":[11,11020,1777,674,1779,1011,27,12,25,1778,364],"class_list":{"0":"post-591862","1":"post","2":"type-post","3":"status-publish","4":"format-standard","5":"has-post-thumbnail","7":"category-europe","8":"tag-actualites","9":"tag-crimes","10":"tag-eu","11":"tag-europe","12":"tag-european-union","13":"tag-fr","14":"tag-france","15":"tag-news","16":"tag-republique-francaise","17":"tag-ue","18":"tag-union-europeenne"},"share_on_mastodon":{"url":"https:\/\/pubeurope.com\/@fr\/115698535283395397","error":""},"_links":{"self":[{"href":"https:\/\/www.europesays.com\/fr\/wp-json\/wp\/v2\/posts\/591862","targetHints":{"allow":["GET"]}}],"collection":[{"href":"https:\/\/www.europesays.com\/fr\/wp-json\/wp\/v2\/posts"}],"about":[{"href":"https:\/\/www.europesays.com\/fr\/wp-json\/wp\/v2\/types\/post"}],"author":[{"embeddable":true,"href":"https:\/\/www.europesays.com\/fr\/wp-json\/wp\/v2\/users\/2"}],"replies":[{"embeddable":true,"href":"https:\/\/www.europesays.com\/fr\/wp-json\/wp\/v2\/comments?post=591862"}],"version-history":[{"count":0,"href":"https:\/\/www.europesays.com\/fr\/wp-json\/wp\/v2\/posts\/591862\/revisions"}],"wp:featuredmedia":[{"embeddable":true,"href":"https:\/\/www.europesays.com\/fr\/wp-json\/wp\/v2\/media\/591863"}],"wp:attachment":[{"href":"https:\/\/www.europesays.com\/fr\/wp-json\/wp\/v2\/media?parent=591862"}],"wp:term":[{"taxonomy":"category","embeddable":true,"href":"https:\/\/www.europesays.com\/fr\/wp-json\/wp\/v2\/categories?post=591862"},{"taxonomy":"post_tag","embeddable":true,"href":"https:\/\/www.europesays.com\/fr\/wp-json\/wp\/v2\/tags?post=591862"}],"curies":[{"name":"wp","href":"https:\/\/api.w.org\/{rel}","templated":true}]}}