{"id":591870,"date":"2025-12-11T02:23:19","date_gmt":"2025-12-11T02:23:19","guid":{"rendered":"https:\/\/www.europesays.com\/fr\/591870\/"},"modified":"2025-12-11T02:23:19","modified_gmt":"2025-12-11T02:23:19","slug":"ahki-rend-un-hommage-emouvant-aux-supporters-dans-un-dernier-message","status":"publish","type":"post","link":"https:\/\/www.europesays.com\/fr\/591870\/","title":{"rendered":"Ahki rend un hommage \u00e9mouvant aux supporters dans un dernier message"},"content":{"rendered":"<p>Son d\u00e9part a provoqu\u00e9 une vague d\u2019\u00e9motions au Stade Toulousain. La semaine pass\u00e9e, Pita Ahki a disput\u00e9 le <a href=\"https:\/\/www.quinzemondial.com\/top-14\/stade-toulousain-le-meilleur-centre-neo-zelandais-que-les-all-blacks-nauront-pas-eu-lhommage-touchant-de-mola-a-ahki-820880\" target=\"_blank\" rel=\"noopener\">dernier match de sa carri\u00e8re en France<\/a> face au Racing 92 avant de retourner en Nouvelle-Z\u00e9lande et jouer pour les Auckland Blues, son club formateur. Pour l\u2019occasion, le Stade Toulousain avait mis les petits plats dans les grands en lui r\u00e9servant un accueil exceptionnel \u00e0 Ernest-Wallon.<\/p>\n<p>\u00ab\u00a0Je n\u2019oublierai jamais la sensation de jouer pour vous \u00e0 Ernest-Wallon\u00a0\u00bb<\/p>\n<p>Il faut dire que le centre aura marqu\u00e9 de <a href=\"https:\/\/www.quinzemondial.com\/top-14\/stade-toulousain-pita-ahki-est-il-le-meilleur-joueur-etranger-de-lhistoire-du-club-820902\" target=\"_blank\" rel=\"noopener\">son empreinte le club rouge et noir,<\/a> d\u00e9barquant dans l\u2019anonymat le plus complet en 2018 avant de remporter sept titres, tout en disputant chacune des finales (cinq Brennus et deux Champions Cup). Sur son compte Instagram, Pita Ahki a pris la parole pour r\u00e9sumer ses sentiments et rendre un magnifique hommage \u00e0 ses co\u00e9quipiers, au Stade Toulousain et aux supporters.<\/p>\n<blockquote>\n<p>\u00ab\u00a0Apr\u00e8s 7-8 ann\u00e9es incroyables, il est temps pour moi de dire adieu. Ce club a \u00e9t\u00e9 ma maison et je suis vraiment reconnaissant pour chaque moment pass\u00e9 \u00e0 porter le rouge et le noir. \u00c0 mes co\u00e9quipiers, aux entra\u00eeneurs et \u00e0 tout le monde au club\u00a0: merci pour avoir cru en moi, m&rsquo;avoir pouss\u00e9 et m&rsquo;avoir aid\u00e9 \u00e0 grandir sur le terrain et en dehors. Aux incroyables fans de Toulouse, votre passion, votre soutien et votre \u00e9nergie ont tout signifi\u00e9 pour moi. Vous nous avez accueilli ma famille et moi d\u00e8s le premier jour et vous avez rendu chaque match sp\u00e9cial. Je n&rsquo;oublierai jamais la sensation de jouer pour vous \u00e0 Ernest Wallon. (\u2026)<br \/>Merci Toulouse, for everything. forever \u201crouge et noir\u201d\u00a0\u00bb<\/p>\n<\/blockquote>\n<p>Un message \u00e9mouvant qui a touch\u00e9 <a href=\"https:\/\/www.quinzemondial.com\/top-14\/stade-toulousain-le-superbe-cadeau-des-joueurs-pour-ahki-un-clin-doeil-a-un-match-mythique-820936\" target=\"_blank\" rel=\"noopener\">ses co\u00e9quipiers.<\/a> De Cyril Baille \u00e0 Alexandre Roumat en passant par <a href=\"https:\/\/www.quinzemondial.com\/champions-cup\/stade-toulousain-mola-lavoue-gourgues-est-aussi-a-lorigine-du-depart-dahki-821022\" target=\"_blank\" rel=\"noopener\">Kalvin Gourgues<\/a> ou Emmanuel Meafou, tous ont comment\u00e9 sa publication pour lui t\u00e9moigner leur amour.<\/p>\n<blockquote class=\"instagram-media\" style=\"background: #FFF;border: 0;border-radius: 3px;margin: 1px;max-width: 540px;min-width: 326px;padding: 0;width: calc(100% - 2px)\" data-instgrm-captioned=\"\" data-instgrm-permalink=\"https:\/\/www.instagram.com\/p\/DSB3RpaEcHq\/?utm_source=ig_embed&amp;utm_campaign=loading\" data-instgrm-version=\"14\"\/><p>Partagez cette info avec vos amis et vos proches en cliquant ici<br \/>Pour r\u00e9sumer<\/p>\n<p>Pita Ahki a pris la parole sur son compte Instagram, une semaine apr\u00e8s la fin de son aventure avec le Stade Toulousain. Le centre n\u00e9o-z\u00e9landais a fait le bilan de son aventure en France et rend un vibrant hommage aux supporters et au club.<\/p>\n<p> <img decoding=\"async\" width=\"76\" height=\"76\" loading=\"lazy\" src=\"https:\/\/www.europesays.com\/fr\/wp-content\/uploads\/2025\/04\/avatar-quinze.png\" alt=\"Arnaud D\u00e9chelotte\"\/><script async src=\"\/\/www.instagram.com\/embed.js\"><\/script><\/p>\n","protected":false},"excerpt":{"rendered":"Son d\u00e9part a provoqu\u00e9 une vague d\u2019\u00e9motions au Stade Toulousain. La semaine pass\u00e9e, Pita Ahki a disput\u00e9 le&hellip;\n","protected":false},"author":2,"featured_media":591871,"comment_status":"","ping_status":"","sticky":false,"template":"","format":"standard","meta":{"footnotes":""},"categories":[1416],"tags":[1011,27,479,1468,60,476,478],"class_list":{"0":"post-591870","1":"post","2":"type-post","3":"status-publish","4":"format-standard","5":"has-post-thumbnail","7":"category-rugby","8":"tag-fr","9":"tag-france","10":"tag-rugby","11":"tag-rugby-football","12":"tag-sports","13":"tag-stade-toulousain","14":"tag-top-14"},"share_on_mastodon":{"url":"https:\/\/pubeurope.com\/@fr\/115698560536031592","error":""},"_links":{"self":[{"href":"https:\/\/www.europesays.com\/fr\/wp-json\/wp\/v2\/posts\/591870","targetHints":{"allow":["GET"]}}],"collection":[{"href":"https:\/\/www.europesays.com\/fr\/wp-json\/wp\/v2\/posts"}],"about":[{"href":"https:\/\/www.europesays.com\/fr\/wp-json\/wp\/v2\/types\/post"}],"author":[{"embeddable":true,"href":"https:\/\/www.europesays.com\/fr\/wp-json\/wp\/v2\/users\/2"}],"replies":[{"embeddable":true,"href":"https:\/\/www.europesays.com\/fr\/wp-json\/wp\/v2\/comments?post=591870"}],"version-history":[{"count":0,"href":"https:\/\/www.europesays.com\/fr\/wp-json\/wp\/v2\/posts\/591870\/revisions"}],"wp:featuredmedia":[{"embeddable":true,"href":"https:\/\/www.europesays.com\/fr\/wp-json\/wp\/v2\/media\/591871"}],"wp:attachment":[{"href":"https:\/\/www.europesays.com\/fr\/wp-json\/wp\/v2\/media?parent=591870"}],"wp:term":[{"taxonomy":"category","embeddable":true,"href":"https:\/\/www.europesays.com\/fr\/wp-json\/wp\/v2\/categories?post=591870"},{"taxonomy":"post_tag","embeddable":true,"href":"https:\/\/www.europesays.com\/fr\/wp-json\/wp\/v2\/tags?post=591870"}],"curies":[{"name":"wp","href":"https:\/\/api.w.org\/{rel}","templated":true}]}}